{"id":510031,"date":"2025-11-04T01:06:20","date_gmt":"2025-11-04T01:06:20","guid":{"rendered":"https:\/\/www.europesays.com\/fr\/510031\/"},"modified":"2025-11-04T01:06:20","modified_gmt":"2025-11-04T01:06:20","slug":"allemagne-un-professeur-en-arret-maladie-remporte-une-emission-de-tele-et-fait-lobjet-dune-enquete-disciplinaire-actualites","status":"publish","type":"post","link":"https:\/\/www.europesays.com\/fr\/510031\/","title":{"rendered":"Allemagne : un professeur en arr\u00eat maladie remporte une \u00e9mission de t\u00e9l\u00e9 et fait l\u2019objet d\u2019une enqu\u00eate disciplinaire : Actualit\u00e9s"},"content":{"rendered":"<p class=\"lead \"><strong>En Allemagne, un professeur d\u2019anglais et de g\u00e9ographie en Rh\u00e9nanie-du-Nord-Westphalie fait l\u2019objet d\u2019une enqu\u00eate de l\u2019administration r\u00e9gionale de Cologne pour avoir particip\u00e9 \u00e0 deux \u00e9missions de cuisine alors qu\u2019il \u00e9tait en arr\u00eat maladie, remportant 3 000 euros dans la version allemande de \u00ab\u00a0Un d\u00eener presque parfait\u00a0\u00bb, ont indiqu\u00e9 Bild et Der Spiegel.<\/strong><\/p>\n<p class=\"lead \">Dominik W., 34 ans, est vis\u00e9 par une proc\u00e9dure disciplinaire apr\u00e8s avoir \u00e9t\u00e9 aper\u00e7u dans deux \u00e9missions culinaires alors qu\u2019il \u00e9tait en arr\u00eat maladie, rapporte <a href=\"https:\/\/www.spiegel.de\/panorama\/bildung\/nrw-krankgeschriebener-lehrer-soll-bei-kochshows-aufgetreten-sein-disziplinarverfahren-a-316fd180-7106-4bca-a95e-a8999ac0f749\" target=\"_blank\" rel=\"noopener\">Der Spiegel<\/a> le 27 octobre. L\u2019enseignant, sp\u00e9cialis\u00e9 en anglais et g\u00e9ographie, a remport\u00e9 \u00ab\u00a0Das Perfekte Dinner\u00a0\u00bb et particip\u00e9 \u00e0 \u00ab\u00a0K\u00fcchenschlacht\u00a0\u00bb, une comp\u00e9tition hebdomadaire entre cuisiniers amateurs, pr\u00e9cise le m\u00e9dia allemand <a href=\"https:\/\/www.bild.de\/regional\/koeln\/koelner-lehrer-kocht-im-tv-trotz-krankschreibung-68fe259ec008edcf0c854175\" target=\"_blank\" rel=\"noopener\">Bild<\/a>. Ses coll\u00e8gues ont remarqu\u00e9 son apparition \u00e0 l\u2019\u00e9cran alors qu\u2019il \u00e9tait absent de l\u2019\u00e9tablissement depuis un an.<\/p>\n<p>                                                                                                <strong>Une victoire de 3 000 euros<\/strong><\/p>\n<p class=\"lead \">Lors de \u00ab\u00a0Das Perfekte Dinner\u00a0\u00bb, Dominik W. a pr\u00e9par\u00e9 un filet de b\u0153uf et un baba ganoush, sur le th\u00e8me \u00ab\u00a0Un voyage romantique \u00e0 travers l\u2019Eurasie\u00a0\u00bb. Un repas qui lui a valu 3 000 euros, d\u00e9cern\u00e9s par les autres participants.<\/p>\n<p class=\"lead \">D\u00e9sormais, l\u2019administration cherche \u00e0 v\u00e9rifier si ces \u00e9missions ont \u00e9t\u00e9 tourn\u00e9es durant son cong\u00e9 maladie ou \u00e0 un moment o\u00f9 le professeur \u00e9tait encore en activit\u00e9, ce qui pourrait entra\u00eener ou non un manquement professionnel. De son c\u00f4t\u00e9, Dominik W. a r\u00e9pondu aux interrogations des autorit\u00e9s dans les d\u00e9lais impartis, sans que sa r\u00e9ponse soit d\u00e9taill\u00e9e dans la presse locale.<\/p>\n<p class=\"lead \">Selon les r\u00e8gles, cette enqu\u00eate peut conduire \u00e0 des sanctions ou \u00eatre class\u00e9e sans suite en l\u2019absence de preuves suffisantes. En Allemagne, plusieurs cas similaires ont d\u00e9j\u00e0 fait les gros titres des journaux.<\/p>\n<p class=\"small font-weight-bold text-gray3 \"> publi\u00e9 le 3 novembre \u00e0 19h25, No\u00e9lie Legrand, 6Medias<\/p>\n<p>                             Partager<\/p>\n","protected":false},"excerpt":{"rendered":"En Allemagne, un professeur d\u2019anglais et de g\u00e9ographie en Rh\u00e9nanie-du-Nord-Westphalie fait l\u2019objet d\u2019une enqu\u00eate de l\u2019administration r\u00e9gionale de&hellip;\n","protected":false},"author":2,"featured_media":510032,"comment_status":"","ping_status":"","sticky":false,"template":"","format":"standard","meta":{"footnotes":""},"categories":[1587],"tags":[11,672,1804,1805,1803,1777,674,1801,12,1802],"class_list":{"0":"post-510031","1":"post","2":"type-post","3":"status-publish","4":"format-standard","5":"has-post-thumbnail","7":"category-allemagne","8":"tag-actualites","9":"tag-allemagne","10":"tag-bundesrepublik-deutschland","11":"tag-de","12":"tag-deutschland","13":"tag-eu","14":"tag-europe","15":"tag-germany","16":"tag-news","17":"tag-republique-federale-dallemagne"},"share_on_mastodon":{"url":"https:\/\/pubeurope.com\/@fr\/115488750551016758","error":""},"_links":{"self":[{"href":"https:\/\/www.europesays.com\/fr\/wp-json\/wp\/v2\/posts\/510031","targetHints":{"allow":["GET"]}}],"collection":[{"href":"https:\/\/www.europesays.com\/fr\/wp-json\/wp\/v2\/posts"}],"about":[{"href":"https:\/\/www.europesays.com\/fr\/wp-json\/wp\/v2\/types\/post"}],"author":[{"embeddable":true,"href":"https:\/\/www.europesays.com\/fr\/wp-json\/wp\/v2\/users\/2"}],"replies":[{"embeddable":true,"href":"https:\/\/www.europesays.com\/fr\/wp-json\/wp\/v2\/comments?post=510031"}],"version-history":[{"count":0,"href":"https:\/\/www.europesays.com\/fr\/wp-json\/wp\/v2\/posts\/510031\/revisions"}],"wp:featuredmedia":[{"embeddable":true,"href":"https:\/\/www.europesays.com\/fr\/wp-json\/wp\/v2\/media\/510032"}],"wp:attachment":[{"href":"https:\/\/www.europesays.com\/fr\/wp-json\/wp\/v2\/media?parent=510031"}],"wp:term":[{"taxonomy":"category","embeddable":true,"href":"https:\/\/www.europesays.com\/fr\/wp-json\/wp\/v2\/categories?post=510031"},{"taxonomy":"post_tag","embeddable":true,"href":"https:\/\/www.europesays.com\/fr\/wp-json\/wp\/v2\/tags?post=510031"}],"curies":[{"name":"wp","href":"https:\/\/api.w.org\/{rel}","templated":true}]}}