{"id":510035,"date":"2025-11-04T01:08:11","date_gmt":"2025-11-04T01:08:11","guid":{"rendered":"https:\/\/www.europesays.com\/fr\/510035\/"},"modified":"2025-11-04T01:08:11","modified_gmt":"2025-11-04T01:08:11","slug":"un-vaste-chantier-sur-les-boulevards-de-eu","status":"publish","type":"post","link":"https:\/\/www.europesays.com\/fr\/510035\/","title":{"rendered":"Un vaste chantier sur les boulevards de Eu"},"content":{"rendered":"<p>            Par<br \/>\n        <strong><br \/>\n            <a href=\"https:\/\/actu.fr\/auteur\/jerome-buresi\" title=\"Consulter tous les articles de J\u00e9r\u00f4me Buresi\" rel=\"nofollow noopener\" target=\"_blank\">J\u00e9r\u00f4me Buresi<\/a><br \/>\n        <\/strong><\/p>\n<p>        Publi\u00e9 le<\/p>\n<p>            3 nov. 2025 \u00e0 20h26        <\/p>\n<p data-end=\"475\">Attention : <b>circulation<\/b> et<b> stationnement<\/b> difficiles \u00e0 pr\u00e9voir en centre-ville de <a href=\"https:\/\/actu.fr\/normandie\/eu_76255\" rel=\"nofollow noopener\" target=\"_blank\">Eu<\/a>, en Seine-Maritime !\u00a0<br data-end=\"252\"\/>La commune annonce, dans le bulletin municipal d\u2019automne, qu\u2019un important chantier est en cours. Il s\u2019agit \u00ab de renouveler les <b>canalisations <\/b>du r\u00e9seau d\u2019assainissement ainsi que les branchements du r\u00e9seau d\u2019eau potable \u00bb.<\/p>\n<p>Une circulation altern\u00e9e sur les boulevards<\/p>\n<p data-end=\"802\" class=\" wall-content\">Les travaux ont d\u00e9but\u00e9 en octobre 2025 et vont durer quatre mois, jusqu\u2019en f\u00e9vrier 2026.<\/p>\n<p data-end=\"802\" class=\" wall-content\">La premi\u00e8re phase a d\u00e9j\u00e0 eu lieu sur la place de la Mouillette. La phase 2, qui doit se d\u00e9rouler jusqu\u2019au 20 d\u00e9cembre, concerne le boulevard Gambetta\u2026 avec la mise en place d\u2019une <b>circulation altern\u00e9e<\/b>.<\/p>\n<p>    <a href=\"https:\/\/maps.google.com\/maps?q=50.0481224,1.4242349&amp;z=15&amp;output=embed\" title=\"Ouvrie le lien\" rel=\"nofollow noopener\" target=\"_blank\">Cliquez ici pour visualiser le contenu<\/a><\/p>\n<p data-end=\"802\" class=\" wall-content\">Les phases suivantes seront men\u00e9es dans la rue de Verdun, puis sur la place du Champ-de-Mars.<\/p>\n<p data-end=\"1009\" class=\" wall-content\">\u00ab Trois tilleuls ont d\u00fb \u00eatre abattus pour permettre la pose de deux importantes cuves destin\u00e9es \u00e0 la r\u00e9cup\u00e9ration des eaux us\u00e9es et l\u2019installation de pompes de relevage \u00bb, pr\u00e9cise encore la municipalit\u00e9.<\/p>\n<p>Vid\u00e9os : en ce moment sur Actu<\/p>\n<p data-end=\"1190\" class=\" wall-content\">Ces travaux auront des cons\u00e9quences sur la circulation : circulation altern\u00e9e, rues barr\u00e9es, stationnement interdit. Les travaux seront interrompus pendant les vacances de No\u00ebl.<\/p>\n<p class=\" wall-content\">Personnalisez votre actualit\u00e9 en ajoutant vos villes et m\u00e9dias en favori avec <a href=\"https:\/\/moncompte.actu.fr\" title=\"D\u00e9couvez Mon Actu\" rel=\"nofollow noopener\" data-trk=\"{&quot;cta&quot;:{&quot;action&quot;:&quot;https:\\\/\\\/moncompte.actu.fr&quot;,&quot;category&quot;:&quot;mon compte&quot;,&quot;from&quot;:&quot;article footer&quot;,&quot;name&quot;:&quot;Mon actu&quot;,&quot;type&quot;:&quot;cta&quot;}}\" target=\"_blank\">Mon Actu<\/a>.<\/p>\n","protected":false},"excerpt":{"rendered":"Par J\u00e9r\u00f4me Buresi Publi\u00e9 le 3 nov. 2025 \u00e0 20h26 Attention : circulation et stationnement difficiles \u00e0 pr\u00e9voir&hellip;\n","protected":false},"author":2,"featured_media":510036,"comment_status":"","ping_status":"","sticky":false,"template":"","format":"standard","meta":{"footnotes":""},"categories":[1586],"tags":[11,1777,674,1779,1011,27,12,25,104,2086,1778,364,3587],"class_list":{"0":"post-510035","1":"post","2":"type-post","3":"status-publish","4":"format-standard","5":"has-post-thumbnail","7":"category-europe","8":"tag-actualites","9":"tag-eu","10":"tag-europe","11":"tag-european-union","12":"tag-fr","13":"tag-france","14":"tag-news","15":"tag-republique-francaise","16":"tag-societe","17":"tag-travaux","18":"tag-ue","19":"tag-union-europeenne","20":"tag-villes-soeurs"},"share_on_mastodon":{"url":"https:\/\/pubeurope.com\/@fr\/115488758418441027","error":""},"_links":{"self":[{"href":"https:\/\/www.europesays.com\/fr\/wp-json\/wp\/v2\/posts\/510035","targetHints":{"allow":["GET"]}}],"collection":[{"href":"https:\/\/www.europesays.com\/fr\/wp-json\/wp\/v2\/posts"}],"about":[{"href":"https:\/\/www.europesays.com\/fr\/wp-json\/wp\/v2\/types\/post"}],"author":[{"embeddable":true,"href":"https:\/\/www.europesays.com\/fr\/wp-json\/wp\/v2\/users\/2"}],"replies":[{"embeddable":true,"href":"https:\/\/www.europesays.com\/fr\/wp-json\/wp\/v2\/comments?post=510035"}],"version-history":[{"count":0,"href":"https:\/\/www.europesays.com\/fr\/wp-json\/wp\/v2\/posts\/510035\/revisions"}],"wp:featuredmedia":[{"embeddable":true,"href":"https:\/\/www.europesays.com\/fr\/wp-json\/wp\/v2\/media\/510036"}],"wp:attachment":[{"href":"https:\/\/www.europesays.com\/fr\/wp-json\/wp\/v2\/media?parent=510035"}],"wp:term":[{"taxonomy":"category","embeddable":true,"href":"https:\/\/www.europesays.com\/fr\/wp-json\/wp\/v2\/categories?post=510035"},{"taxonomy":"post_tag","embeddable":true,"href":"https:\/\/www.europesays.com\/fr\/wp-json\/wp\/v2\/tags?post=510035"}],"curies":[{"name":"wp","href":"https:\/\/api.w.org\/{rel}","templated":true}]}}