{"id":510045,"date":"2025-11-04T01:15:19","date_gmt":"2025-11-04T01:15:19","guid":{"rendered":"https:\/\/www.europesays.com\/fr\/510045\/"},"modified":"2025-11-04T01:15:19","modified_gmt":"2025-11-04T01:15:19","slug":"giovanni-mpetshi-perricard-elimine-au-premier-tour-de-latp-250-de-metz-par-vitaliy-sachko-222e-joueur-mondial-lequipe","status":"publish","type":"post","link":"https:\/\/www.europesays.com\/fr\/510045\/","title":{"rendered":"Giovanni Mpetshi Perricard \u00e9limin\u00e9 au premier tour de l&#039;ATP 250 de Metz par Vitaliy Sachko, 222e joueur mondial &#8211; L&#039;\u00c9quipe"},"content":{"rendered":"<ol>\n<li><a href=\"https:\/\/news.google.com\/rss\/articles\/CBMi8AFBVV95cUxNdFNQNVY3c0I4NXdEY1RJdmtLS0xkdXFhRUprXzE1SGhDcUI0UDdMbW1qWGtlMTBpSU9xS1V4MFdWZWM1a3hxdXhSMlV5bjJKOVl6V090UkRuY2dfaEJiZlR3bi1vaGZtZWFXSDB2Yk1VVjdLbjVWWU5lZjNEeEY4aEdTaWNXSHNwdHlDcl9JVWhKcm1POUE2cjJidXd1Vnh6ejlVQVJNLVhIeWstTXB2V2plRDhzbTZGM0ZQQXVxb3JJei1YNEtvVHhIcXlJQks1Y1lnS0MxMVNTTzhYQnZrd0hDZ1ZLSXJBM3A3MURxNnk?oc=5\" target=\"_blank\" rel=\"nofollow noopener\">Giovanni Mpetshi Perricard \u00e9limin\u00e9 au premier tour de l&rsquo;ATP 250 de Metz par Vitaliy Sachko, 222e joueur mondial<\/a>&nbsp;&nbsp;L&rsquo;\u00c9quipe<\/li>\n<li><a href=\"https:\/\/news.google.com\/rss\/articles\/CBMi1AFBVV95cUxQckVCdWZMbUJmVWFRVmhEUFNPYi1oLUNkN0o4M0JCVFVKeGhDUUpZWnp3NjN5a200c3NuTzBTR1pUSzF5RXJNSVRFbWpOMF9UZTBxRjJ5N1M2YzAtU1ozd0RfUzFTSC1uNWdTZXhqOWx4Ml9Sb0JteXh5RWhGVXVwOHVZVEN5QjJzQ0dNV0duMDAyLTJpbk9UVklFdkJqbGg4Nmg2bHBjWWJmVS1vOU1MVmEzR21PRmppTlhKaVpGNmZFV05MS29IRkpXYkdLekV5ZUMwUA?oc=5\" target=\"_blank\" rel=\"nofollow noopener\">Le gros rat\u00e9 : Mpetshi Perricard sorti par le 222e mondial<\/a>&nbsp;&nbsp;Eurosport<\/li>\n<li><a href=\"https:\/\/news.google.com\/rss\/articles\/CBMiswFBVV95cUxNWDVZbk8yb0l4SEhVaEFyVXJUR1JYM09rdHJRaDR1OGpwSzZZa3pDSE1jeURQQWZUSFdFTGotdTc2MzZieGRDc2tGY21pTmdpaXRsUTFzdk9PUzh5OHVZZU5YMkY4MEpwVGdWQm9seWtpbFRyUWs0Ylk5NWppRzAtUnhaWGp0T2ZwMmg2MGVnOEdvam12c29QT19JOFR6emZXWnY0aVVCWHBBaDdRSDMzTmowWQ?oc=5\" target=\"_blank\" rel=\"nofollow noopener\">Tennis : Mpetshi Perricard sorti d\u2019entr\u00e9e \u00e0 Metz par le 222e mondial<\/a>&nbsp;&nbsp;Le Figaro<\/li>\n<li><a href=\"https:\/\/news.google.com\/rss\/articles\/CBMirgFBVV95cUxQNHc1RlZnbVhVd2dKYi1YTVB6TC1fWmI1TG43ZC05NmMwcUlNUDBqdmx3RGI1LUJOcDd5V2o3U2hHWHpUeFZwdG1fZzVvcGZXajA1aUFUUlQxS05XQlhIMXZod0ZGZG9JQVNhMDl4T0pyRE8xbFVZcmtMVmZSSjAxZ3piRTVUMTZZOE1xY1VCSFd6VnJHa0c1ZXZ1Uk9iM3ZkRlVmZDNLMlRIZTR6MlHSAawBQVVfeXFMTUE4VVFPV2RHMEw2T0t2TzY2SmZEME52akFoekgyUkJkbVdibi04UkJnUm5YaVJuOWV5WnY4aUNFSGxiWnlFeHZMRVAwZ3MyV29ObjAtYnNzVVFYbDJIMGJkX2cwMGp6amt6bTN5aFkzci1lTm92QndOdDV1bldWUWFDM09FeFdOTnJXbERfT081SGZJeF9TNlVBemQ2c1JxNmJhUEJpeHF1ZXJaTg?oc=5\" target=\"_blank\" rel=\"nofollow noopener\">ATP &#8211; Metz : Mpetshi Perricard tombe de tr\u00e8s haut : Sports &#8211; Orange<\/a>&nbsp;&nbsp;Sports &#8211; Orange<\/li>\n<li><a href=\"https:\/\/news.google.com\/rss\/articles\/CBMi9wFBVV95cUxNbi1DVTYwelluYU41ZmhFamJKd2V0WW52LUI0OFp5Tjh6eHVKelJrUmFXQ2h5ZFFvOFA3NVRrY0o4VHBDaEhsWEVtT2V3T2pnUVcxV01HdHJaWXM2eW5WRzlxRldGUzZtQkRoS0RpVDByUXdwcm5hVEpkVzdMbnJQbjVVbUVrX3I0M0xhYWlkcUlVU3VyTlBLTFIzX0xfa1VoSmpPUTJmWkF3WWplTFZHNVRaN2J1M2JoUmJWMERucjFHRE82cVlSTDRnYUtBa185UURvQl84WjhBdkdHUWszRFZKeWVIeXdabjVOd1ltdWdqV1dJc3NB?oc=5\" target=\"_blank\" rel=\"nofollow noopener\">L&rsquo;\u00e9limination surprise de Mpetshi Perricard, l&rsquo;acharnement de Sonego : revivez la troisi\u00e8me journ\u00e9e du Moselle Open<\/a>&nbsp;&nbsp;Le Republicain Lorrain<\/li>\n<\/ol>\n","protected":false},"excerpt":{"rendered":"Giovanni Mpetshi Perricard \u00e9limin\u00e9 au premier tour de l&rsquo;ATP 250 de Metz par Vitaliy Sachko, 222e joueur mondial&nbsp;&nbsp;L&rsquo;\u00c9quipe&hellip;\n","protected":false},"author":2,"featured_media":510046,"comment_status":"","ping_status":"","sticky":false,"template":"","format":"standard","meta":{"footnotes":""},"categories":[1415],"tags":[1011,27,60,1467],"class_list":{"0":"post-510045","1":"post","2":"type-post","3":"status-publish","4":"format-standard","5":"has-post-thumbnail","7":"category-tennis","8":"tag-fr","9":"tag-france","10":"tag-sports","11":"tag-tennis"},"share_on_mastodon":{"url":"https:\/\/pubeurope.com\/@fr\/115488785884048182","error":""},"_links":{"self":[{"href":"https:\/\/www.europesays.com\/fr\/wp-json\/wp\/v2\/posts\/510045","targetHints":{"allow":["GET"]}}],"collection":[{"href":"https:\/\/www.europesays.com\/fr\/wp-json\/wp\/v2\/posts"}],"about":[{"href":"https:\/\/www.europesays.com\/fr\/wp-json\/wp\/v2\/types\/post"}],"author":[{"embeddable":true,"href":"https:\/\/www.europesays.com\/fr\/wp-json\/wp\/v2\/users\/2"}],"replies":[{"embeddable":true,"href":"https:\/\/www.europesays.com\/fr\/wp-json\/wp\/v2\/comments?post=510045"}],"version-history":[{"count":0,"href":"https:\/\/www.europesays.com\/fr\/wp-json\/wp\/v2\/posts\/510045\/revisions"}],"wp:featuredmedia":[{"embeddable":true,"href":"https:\/\/www.europesays.com\/fr\/wp-json\/wp\/v2\/media\/510046"}],"wp:attachment":[{"href":"https:\/\/www.europesays.com\/fr\/wp-json\/wp\/v2\/media?parent=510045"}],"wp:term":[{"taxonomy":"category","embeddable":true,"href":"https:\/\/www.europesays.com\/fr\/wp-json\/wp\/v2\/categories?post=510045"},{"taxonomy":"post_tag","embeddable":true,"href":"https:\/\/www.europesays.com\/fr\/wp-json\/wp\/v2\/tags?post=510045"}],"curies":[{"name":"wp","href":"https:\/\/api.w.org\/{rel}","templated":true}]}}