{"id":510047,"date":"2025-11-04T01:19:13","date_gmt":"2025-11-04T01:19:13","guid":{"rendered":"https:\/\/www.europesays.com\/fr\/510047\/"},"modified":"2025-11-04T01:19:13","modified_gmt":"2025-11-04T01:19:13","slug":"cyclisme-analyse-les-10-plus-grands-talents-a-suivre-de-cette-generation-2005","status":"publish","type":"post","link":"https:\/\/www.europesays.com\/fr\/510047\/","title":{"rendered":"Cyclisme. Analyse &#8211; Les 10 plus grands talents&#8230; \u00e0 suivre de cette g\u00e9n\u00e9ration 2005"},"content":{"rendered":"<p> Lire la suite de l&rsquo;article&#13;<\/p>\n<p>\u00a0<\/p>\n<p>&#13;<br \/>\n10. Steffen De Schuyteneer&#13;<\/p>\n<p><strong>Lotto-<\/strong><strong>Intermarch\u00e9 <\/strong><strong>(Lotto en 2025) &#8211; Belgique &#8211; 24\/02\/2005 &#8211; 8e de notre classement en 2024 (-2)<\/strong><\/p>\n<p>&#13;<\/p>\n<p>A la 10e place de notre classement, on retrouve Steffen De Schuyteneer. Le Belge est pass\u00e9 professionnel chez Lotto en 2025 et devrait poursuivre chez Lotto-Intermarch\u00e9.\u00a0De Schuyteneer a un profil de pur sprinteur, brillant lors des arriv\u00e9es massives. Surtout align\u00e9 sur des courses de second rang, il a remport\u00e9 deux courses pro ces derniers mois, avec des victoires d&rsquo;\u00e9tape sur le Tour d&rsquo;Istanbul et le Tour du Lac Taihu.<\/p>\n<p>&#13;<\/p>\n<p>\u00a0<\/p>\n<p>&#13;<br \/>\n9. Sente Sentjens&#13;<\/p>\n<p><strong>Alpecin-Deceuninck Development<\/strong><strong>\u00a0&#8211; Belgique &#8211; 02\/09\/2005 &#8211; 7e de notre classement en 2024 (-2)<\/strong><\/p>\n<p>&#13;<\/p>\n<p>Dans les cat\u00e9gories Cadets et Juniors, Sente Sentjens \u00e9tait consid\u00e9r\u00e9 comme le prochain grand coureur de classiques chez les Belges. Mais depuis son arriv\u00e9e chez Alpecin-Deceuninck Development, le Flandrien a quelque peu stagn\u00e9, ayant du mal \u00e0 confirmer son \u00e9norme potentiel. Malgr\u00e9 tout, il ne serait pas \u00e9tonnant de voir le grand gabarit se Sentjens briller dans les prochaines ann\u00e9es sur les sprints et les classiques.<\/p>\n<p>&#13;<\/p>\n<p>\u00a0<\/p>\n<p>&#13;<br \/>\n8. Andrew August&#13;<\/p>\n<p><strong>INEOS Grenadiers<\/strong><strong>\u00a0&#8211; \u00c9tats-Unis &#8211; 12\/10\/2005 &#8211; 6e de notre classement en 2024 (-2)<\/strong><\/p>\n<p>&#13;<\/p>\n<p>Tout juste sorti des Juniors, o\u00f9 il \u00e9tait consid\u00e9r\u00e9 comme un \u00ab\u00a0crack\u00a0\u00bb, Andrew August est pass\u00e9 en WorldTour chez INEOS Grenadiers en 2024. Un passage express et quelque peu rat\u00e9 pour l&rsquo;Am\u00e9ricain. En effet, malgr\u00e9 quelques belles prestations (5e du Tour d&rsquo;Autriche, 7e du Czech Tour&#8230;), August n&rsquo;a pas encore pris ses marques chez les grands. Loin du niveau qu&rsquo;on lui promettait, il poss\u00e8de tout de m\u00eame un grand talent, en esp\u00e9rant le revoir un jour sur le haut de la sc\u00e8ne.<\/p>\n<p>&#13;<\/p>\n<p>\u00a0<\/p>\n<p>&#13;<br \/>\n7. Davide Donati&#13;<\/p>\n<p><strong>Red Bull-BORA-hansgrohe Rookies<\/strong><strong>\u00a0&#8211; Italie &#8211; 08\/04\/2005 &#8211; Pas dans notre classement en 2024 (new)<\/strong><\/p>\n<p>&#13;<\/p>\n<p>Sans doute l&rsquo;un des coureurs les moins connus de cette liste, Davide Donati n&rsquo;est pas pour autant le moins talentueux. L&rsquo;Italien n&rsquo;\u00e9volue pourtant pas en WorldTour, puisque qu&rsquo;il court dans la r\u00e9serve de la\u00a0Red Bull-BORA-hansgrohe. Sa qualit\u00e9 principale est sa pointe de vitesse, mais il est \u00e9galement capable de tr\u00e8s bien passer les bosses. Il poss\u00e8de \u00e9galement de belles qualit\u00e9s en contre-la-montre. Il a d&rsquo;ailleurs\u00a0d\u00e9j\u00e0 lev\u00e9 les bras chez les pros en remport\u00e9 une \u00e9tape du Tour de Wallonie devant des sprinteurs confirm\u00e9s comme Milan Fretin ou Corbin Strong.<\/p>\n<p>&#13;<\/p>\n<blockquote class=\"twitter-tweet\" style=\"width:100%!important;max-width:550px!important;min-width:250px;height:500px;\"><p>&#13;<\/p>\n<p dir=\"ltr\" lang=\"fr\">Transfert &#8211; La Red Bull-BORA-hansgrohe Rookies avec une \u00e9norme \u00e9quipe en 2026 <a href=\"https:\/\/twitter.com\/hashtag\/redbullborahansgrohe?src=hash&amp;ref_src=twsrc%5Etfw\" target=\"_blank\" rel=\"noopener\">#redbullborahansgrohe<\/a> <a href=\"https:\/\/twitter.com\/hashtag\/rbh?src=hash&amp;ref_src=twsrc%5Etfw\" target=\"_blank\" rel=\"noopener\">#rbh<\/a> <a href=\"https:\/\/twitter.com\/hashtag\/Rookies?src=hash&amp;ref_src=twsrc%5Etfw\" target=\"_blank\" rel=\"noopener\">#Rookies<\/a> <a href=\"https:\/\/twitter.com\/hashtag\/RBHRookies?src=hash&amp;ref_src=twsrc%5Etfw\" target=\"_blank\" rel=\"noopener\">#RBHRookies<\/a> <a href=\"https:\/\/t.co\/gmNt4tEoA0\">https:\/\/t.co\/gmNt4tEoA0<\/a><\/p>\n<p>&#13;<br \/>\n\u2014 Cyclism&rsquo;Actu (@cyclismactu) <a href=\"https:\/\/twitter.com\/cyclismactu\/status\/1980006107784331611?ref_src=twsrc%5Etfw\" target=\"_blank\" rel=\"noopener\">October 19, 2025<\/a><\/p><\/blockquote>\n<p>&#13;<br \/>\n&#13;<\/p>\n<p>\u00a0<\/p>\n<p>&#13;<br \/>\n6. Maxime Decomble&#13;<\/p>\n<p><strong>Groupama-FDJ (Conti Groupama-FDJ en 2025)<\/strong><strong>\u00a0&#8211; France &#8211; 16\/07\/2005 &#8211; Pas dans notre classement en 2024 (new)<\/strong><\/p>\n<p>&#13;<\/p>\n<p>Maxime Decomble a explos\u00e9 aux yeux du monde cette saison. Apr\u00e8s une premi\u00e8re ann\u00e9e U23 sans coup d&rsquo;\u00e9clat, le Fran\u00e7ais de la Conti Groupama-FDJ a r\u00e9alis\u00e9 une saison 2025 exceptionnelle. 5e du Tour de l&rsquo;Avenir, 2e de l&rsquo;Alpes Is\u00e8re Tour, 2e des Championnats d&rsquo;Europe U23, m\u00e9daill\u00e9 de bronze sur le chrono des Mondiaux U23, vainqueur de Paris-Tours Espoirs&#8230; Decomble a d\u00e9montr\u00e9 tout son potentiel. Excellent rouleur, mais aussi tr\u00e8s bon grimpeur-puncheur, il passera en WorldTour chez la Groupama-FDJ en 2026 et sera l&rsquo;un des hommes \u00e0 suivre de l&rsquo;\u00e9quipe tricolore.<\/p>\n<p>&#13;<\/p>\n<p>\u00a0<\/p>\n<p>&#13;<br \/>\n5. L\u00e9o Bisiaux&#13;<\/p>\n<p><strong>Decathlon CMA CGM<\/strong><strong>\u00a0&#8211; France &#8211; 14\/02\/2005 &#8211; 5e notre classement en 2024 (=)<\/strong><\/p>\n<p>&#13;<\/p>\n<p>L\u00e9o Bisiaux est sur les radars des suiveurs fran\u00e7ais depuis de nombreuses ann\u00e9es. D\u00e9j\u00e0 excellent chez les Juniors, le Fran\u00e7ais suit une progression constante. Malgr\u00e9 un premier Grand Tour quelque peu rat\u00e9 sur La Vuelta cette ann\u00e9e, Bisiaux a montr\u00e9 de belles choses pour sa premi\u00e8re saison chez les pros, \u00e0 l&rsquo;image de son excellent Tour de Burgos, o\u00f9 il a remport\u00e9 une \u00e9tape et termin\u00e9 3e du classement g\u00e9n\u00e9ral. Dans l&rsquo;ombre de Paul Seixas chez Decathlon CMA CGM, le Fran\u00e7ais fait tout de m\u00eame partie des grands talents \u00e0 suivre sur les Grands Tours dans les prochaines ann\u00e9es.<\/p>\n<p>&#13;<\/p>\n<p style=\"text-align: center;\">\n<p>&#13;<\/p>\n<p>\u00a0<\/p>\n<p>&#13;<br \/>\n4. Pablo Torres&#13;<\/p>\n<p><strong>UAE Team Emirates XRG\u00a0<\/strong><strong>&#8211; Espagne &#8211; 10\/11\/2005 &#8211; 2e notre classement en 2024 (<\/strong><strong>-2<\/strong><strong>)<\/strong><\/p>\n<p>&#13;<\/p>\n<p>Rappelez-vous du Tour de l&rsquo;Avenir 2024 et de la mont\u00e9e record du Col du Finestre de Pablo Torres&#8230; voil\u00e0 un exploit qui classe le bonhomme. Pur grimpeur, l&rsquo;Espagnol a cependant eu un peu plus de mal \u00e0 briller pour sa premi\u00e8re ann\u00e9e en WorldTour, ce qui lui co\u00fbte deux places dans ce classement. Sous contrat avec UAE Team Emirates XRG jusqu&rsquo;en 2030, Torres n&rsquo;en reste pas moins un immense talent et pourrait bient\u00f4t \u00e9clore au plus haut niveau.<\/p>\n<p>&#13;<\/p>\n<p>\u00a0<\/p>\n<p>&#13;<br \/>\n3. Jorgen Nordhagen&#13;<\/p>\n<p><strong>Visma | Lease a Bike\u00a0<\/strong><strong>&#8211; Norv\u00e8ge &#8211; 10\/01\/2005 &#8211; 1er notre classement en 2024 (<\/strong><strong>-2<\/strong><strong>)<\/strong><\/p>\n<p>&#13;<\/p>\n<p>Comme Torres, Jorgen Nordhagen perd deux places dans ce classement&#8230; et un peu pour les m\u00eames raisons. S&rsquo;il n&rsquo;a pas encore r\u00e9ussi \u00e0 briller au plus haut niveau, le Norv\u00e9gien de la Visma | Lease a Bike a tout de m\u00eame r\u00e9ussi \u00e0 r\u00e9colter de beaux r\u00e9sultats cette ann\u00e9e. 3e du Tour de l&rsquo;Avenir, 4e du Giro Next Gen, 5e du Tour de Guangxi&#8230; Nordhagen a encore une fois prouv\u00e9 qu&rsquo;il avait le potentiel pour briller sur les courses par \u00e9tapes dans les prochaines ann\u00e9es.<\/p>\n<p>&#13;<\/p>\n<p>\u00a0<\/p>\n<p>&#13;<br \/>\n2. Jarno Widar&#13;<\/p>\n<p><strong>Lotto-Intermarch\u00e9 (Lotto Development en 2025)\u00a0<\/strong><strong>&#8211; Belgique &#8211; 13\/11\/2005 &#8211; 3e notre classement en 2024 (+1<\/strong><strong>)<\/strong><\/p>\n<p>&#13;<\/p>\n<p>A l&rsquo;inverse de Torres et Nordhagen, Jarno Widar a courru la majorit\u00e9 de l&rsquo;ann\u00e9e dans les rangs U23 et ne passera pro qu&rsquo;en 2026. Cependant, le Belge de la Lotto a \u00e9cras\u00e9 la cat\u00e9gorie. Vainqueur du Circuit des Ardennes, de Li\u00e8ge-Bastogne-Li\u00e8ge U23, de la Ronde de l&rsquo;Isard, du Tour du Val d&rsquo;Aoste, Champion d&rsquo;Europe, 2e du Tour de l&rsquo;Avenir&#8230; Une ann\u00e9e exceptionnelle pour Widar, qui devra maintenant confirmer tout son talent en WorldTour.<\/p>\n<p>&#13;<\/p>\n<p>\u00a0<\/p>\n<p>&#13;<br \/>\n1. Matthew Brennan&#13;<\/p>\n<p><strong>Visma | Lease a Bike\u00a0<\/strong><strong>&#8211; Grande-Bretagne &#8211; 06\/08\/2005 &#8211; 4e notre classement en 2024 (+3<\/strong><strong>)<\/strong><\/p>\n<p>&#13;<\/p>\n<p>Il est l&rsquo;un des plus grands talents inter-g\u00e9n\u00e9rationnel&#8230; Matthew Brennan est sans doute la r\u00e9v\u00e9lation de la saison 2025 ! Malgr\u00e9 de belles prestations dans les cat\u00e9gories jeunes, personne ne pouvait s&rsquo;attendre \u00e0 une telle xplosion du Britannique chez Visma | Lease a Bike. En 2025, Brennan a lev\u00e9 les bras \u00e0 12 reprises et sur des courses de tr\u00e8s haut niveau comme le Tour de Catalogne ou le Tour de Romandie. H\u00e2te de voir jusqu&rsquo;o\u00f9 le Britannique pourra progresser, m\u00eame si son potentiel laisse \u00e0 penser qu&rsquo;il deviendra l&rsquo;un des meilleurs sprinteurs-puncheurs et classicman du peloton.<\/p>\n<p>&#13;<\/p>\n<p>\u00a0<\/p>\n<p>&#13;<br \/>\nMentions Honorables&#13;<\/p>\n<p>Parmi les coureurs que nous aurions pu citer dans cette liste, mais   qui, par raison de concurrence, ne sont pas rentr\u00e9s dedans, nous pouvons  nommer les grimpeurs\u00a0<strong>Filippo Turconi <\/strong>(Italie, VF Group &#8211; Badiani CSF &#8211; Faizan\u00e8),\u00a0<strong>Markel Beloki<\/strong> (Espagne, EF Education-EasyPost) et<strong> Peter Oxenberg<\/strong> (Danemark, INEOS Grenadiers) ou encore les\u00a0solides <strong>Matthias Schwarzbacher <\/strong>(Slovaquie,\u00a0UAE Team Emirates GenZ) et <strong>Antoine L&rsquo;H\u00f4te<\/strong> (France, Decathlon CMA CGM)<\/p>\n<p>&#13;<\/p>\n<p>En revanche, deux coureurs faisaient partie de cette liste l&rsquo;an pass\u00e9 et en sont sortie. Il s&rsquo;agit du sprinteur fran\u00e7ais\u00a0<strong>Mat\u00ees Grisel\u00a0<\/strong>(Lotto-Intermarch\u00e9) et du rouleur australien<strong>\u00a0Oscar Chamberlain<\/strong> (Decathlon CMA CGM). Les deux ayant v\u00e9cu une saison l\u00e9g\u00e8rement en de\u00e7\u00e0 des attentes.<\/p>\n<p><script async src=\"https:\/\/platform.twitter.com\/widgets.js\" charset=\"utf-8\"><\/script><\/p>\n","protected":false},"excerpt":{"rendered":"Lire la suite de l&rsquo;article&#13; \u00a0 &#13; 10. Steffen De Schuyteneer&#13; Lotto-Intermarch\u00e9 (Lotto en 2025) &#8211; Belgique &#8211;&hellip;\n","protected":false},"author":2,"featured_media":510048,"comment_status":"","ping_status":"","sticky":false,"template":"","format":"standard","meta":{"footnotes":""},"categories":[1411],"tags":[1020,1154,207,211,1011,27,209,60,210,212,208,213],"class_list":{"0":"post-510047","1":"post","2":"type-post","3":"status-publish","4":"format-standard","5":"has-post-thumbnail","7":"category-cyclisme","8":"tag-analyse","9":"tag-cycling","10":"tag-cyclisme","11":"tag-ffc","12":"tag-fr","13":"tag-france","14":"tag-route","15":"tag-sports","16":"tag-tour-de-france","17":"tag-uci","18":"tag-velo","19":"tag-world-tour"},"share_on_mastodon":{"url":"https:\/\/pubeurope.com\/@fr\/115488801717299691","error":""},"_links":{"self":[{"href":"https:\/\/www.europesays.com\/fr\/wp-json\/wp\/v2\/posts\/510047","targetHints":{"allow":["GET"]}}],"collection":[{"href":"https:\/\/www.europesays.com\/fr\/wp-json\/wp\/v2\/posts"}],"about":[{"href":"https:\/\/www.europesays.com\/fr\/wp-json\/wp\/v2\/types\/post"}],"author":[{"embeddable":true,"href":"https:\/\/www.europesays.com\/fr\/wp-json\/wp\/v2\/users\/2"}],"replies":[{"embeddable":true,"href":"https:\/\/www.europesays.com\/fr\/wp-json\/wp\/v2\/comments?post=510047"}],"version-history":[{"count":0,"href":"https:\/\/www.europesays.com\/fr\/wp-json\/wp\/v2\/posts\/510047\/revisions"}],"wp:featuredmedia":[{"embeddable":true,"href":"https:\/\/www.europesays.com\/fr\/wp-json\/wp\/v2\/media\/510048"}],"wp:attachment":[{"href":"https:\/\/www.europesays.com\/fr\/wp-json\/wp\/v2\/media?parent=510047"}],"wp:term":[{"taxonomy":"category","embeddable":true,"href":"https:\/\/www.europesays.com\/fr\/wp-json\/wp\/v2\/categories?post=510047"},{"taxonomy":"post_tag","embeddable":true,"href":"https:\/\/www.europesays.com\/fr\/wp-json\/wp\/v2\/tags?post=510047"}],"curies":[{"name":"wp","href":"https:\/\/api.w.org\/{rel}","templated":true}]}}