{"id":510053,"date":"2025-11-04T01:22:15","date_gmt":"2025-11-04T01:22:15","guid":{"rendered":"https:\/\/www.europesays.com\/fr\/510053\/"},"modified":"2025-11-04T01:22:15","modified_gmt":"2025-11-04T01:22:15","slug":"une-exposition-gratuite-a-paris-devoile-100-dessins-rares-de-picasso","status":"publish","type":"post","link":"https:\/\/www.europesays.com\/fr\/510053\/","title":{"rendered":"Une exposition gratuite \u00e0 Paris d\u00e9voile 100 dessins rares de Picasso"},"content":{"rendered":"<p class=\"editor-content__paragraph\">\u00c0 12\u00a0ans, il dessinait comme <a href=\"https:\/\/www.beauxarts.com\/grand-format\/raphael-en-2-minutes\/\" target=\"_blank\" rel=\"noopener\">Rapha\u00ebl<\/a>. \u00c0 85\u00a0ans, il dessinait comme nul autre. Pr\u00e9sent\u00e9e dans les deux espaces de la <strong>galerie de l\u2019Institut<\/strong>, \u00e0 Paris, l\u2019exposition<strong> \u00ab\u00a0Picasso. Dessin 1903\u20131972\u00a0\u00bb<\/strong>, accessible <strong>en entr\u00e9e libre<\/strong>, retrace l\u2019\u00e9tonnante trajectoire du <a href=\"https:\/\/www.beauxarts.com\/grand-format\/pablo-picasso-en-3-minutes\/\" target=\"_blank\" rel=\"noopener\">g\u00e9nie espagnol<\/a>.<\/p>\n<p class=\"editor-content__paragraph\">Sur les cimaises au 3\u00a0bis rue des Beaux-Arts et au 16\u00a0rue de Seine (6e arrondissement de Paris), <strong>une centaine de dessins<\/strong> \u2013 dont 70\u00a0% n\u2019ont jamais \u00e9t\u00e9 montr\u00e9s au public depuis plus d\u2019un demi-si\u00e8cle \u2013 esquissent le <strong>portrait d\u2019un artiste<\/strong> qui n\u2019a cess\u00e9 de d\u00e9sapprendre pour mieux r\u00e9inventer\u00a0: \u00ab\u00a0J\u2019ai mis toute ma vie \u00e0 <strong>savoir dessiner comme un enfant<\/strong>\u00a0\u00bb, disait Picasso.<\/p>\n<p>De l\u2019acad\u00e9misme au trait libre<\/p>\n<blockquote class=\"editor-content__blockquote editor-content__blockquote--align-left\">\n<p>Le dessin, chez Picasso, n\u2019est pas une fin, mais un processus de lib\u00e9ration permanent.<\/p>\n<\/blockquote>\n<p class=\"editor-content__paragraph\">Ce parcours non lin\u00e9aire commence \u00e0 Barcelone, p\u00e9riode bleue, o\u00f9 le jeune Pablo <strong>ma\u00eetrise d\u00e9j\u00e0 tous les codes<\/strong>. Son p\u00e8re, professeur obs\u00e9d\u00e9 par sa carri\u00e8re, le destinait \u00e0 devenir un artiste officiel, un acad\u00e9micien respect\u00e9. Les Demoiselles d\u2019Avignon (1907) vont horrifier ce paternel qui ne comprendra jamais que son fils \u00e9tait en train d\u2019accomplir pr\u00e9cis\u00e9ment ce qu\u2019il avait \u00e9nonc\u00e9\u00a0: <strong>d\u00e9sapprendre la perfection pour retrouver l\u2019essentiel<\/strong>.<\/p>\n<p>    <img loading=\"lazy\" decoding=\"async\" class=\"image__img\" src=\"https:\/\/www.europesays.com\/fr\/wp-content\/uploads\/2025\/11\/webautoportrait-assis-picasso-964x1353.jpg\" alt=\"Pablo Picasso, Autoportrait assis\" width=\"964\" height=\"1353\"\/><\/p>\n<p>Pablo Picasso, Autoportrait assis, 1917<\/p>\n<p>    i<\/p>\n<p class=\"legende__cartel\">Crayon sur papier \u2022 33,5 \u00d7 23,5\u00a0cm \u2022 \u00a9 Succession Picasso 2025<\/p>\n<p class=\"editor-content__paragraph\">Le dessin, chez Picasso, n\u2019est pas une fin, mais<strong> un processus de lib\u00e9ration permanent<\/strong>. Fusain, craie, encre, crayons de couleur \u2013 <strong>tous les m\u00e9diums<\/strong> lui sont bons. Il excelle sur <strong>tous les supports<\/strong>\u00a0: papier, toile, nappes de restaurant, enveloppes. Son \u0153uvre graphique colossale <strong>d\u00e9cloisonne les styles<\/strong> avec une libert\u00e9 et une soif d\u2019imagination d\u2019enfant qui d\u00e9couvre le monde.<\/p>\n<p>        \u00c0 lire aussi :<br \/>\n        <a class=\"renvoi-explicite__link\" href=\"https:\/\/www.beauxarts.com\/grand-format\/5-choses-que-vous-ne-saviez-pas-sur-picasso\/\" target=\"_blank\" rel=\"noopener\">5 choses que vous ne saviez pas sur Picasso<\/a><\/p>\n<p>Toutes les p\u00e9riodes sont esquiss\u00e9es<\/p>\n<p class=\"editor-content__paragraph\">L\u2019exposition de la galerie de l\u2019Institut d\u00e9ploie chronologiquement ces <strong>moments de rupture<\/strong>\u00a0: 1917\u00a0et Parade, ce ballet scandaleux au rideau classique mais aux costumes absolument <a href=\"https:\/\/www.beauxarts.com\/grand-format\/le-cubisme-en-3-minutes\/\" target=\"_blank\" rel=\"noopener\">cubistes<\/a> o\u00f9 coexistent ordre et chaos\u00a0; les ann\u00e9es 1920\u20131930\u00a0o\u00f9 se dessine <strong>l\u2019influence <a href=\"https:\/\/www.beauxarts.com\/grand-format\/le-surrealisme-en-3-minutes\/\" target=\"_blank\" rel=\"noopener\">surr\u00e9aliste<\/a><\/strong> avec une charge tr\u00e8s \u00e9rotique. On passe d\u2019un dessin de <strong>figures \u00e9tranges<\/strong> et myst\u00e9rieuses aux <strong>portraits d\u2019Olga Khokhlova<\/strong>, puis \u00e0 ceux de Marie-Th\u00e9r\u00e8se Walter dont le profil stylis\u00e9 <strong>se r\u00e9duit \u00e0 une ligne pure<\/strong>.<\/p>\n<p>        \u00c0 lire aussi :<br \/>\n        <a class=\"renvoi-explicite__link\" href=\"https:\/\/www.beauxarts.com\/expos\/picasso-illustrateur-illustre\/\" target=\"_blank\" rel=\"noopener\">Picasso, illustrateur en toute libert\u00e9<\/a><\/p>\n<p>Jacqueline, l\u2019ultime muse<\/p>\n<p>    <img loading=\"lazy\" decoding=\"async\" class=\"image__img\" src=\"https:\/\/www.europesays.com\/fr\/wp-content\/uploads\/2025\/11\/webjacqueline-aux-jambes-repliees-picasso-5-octobre-1954-fusain-et-preparation-sur-toile-925-x-73-cm.jpeg\" alt=\"Pablo Picasso, Jacqueline aux jambes replie\u0301es\" width=\"964\" height=\"1249\"\/><\/p>\n<p>Pablo Picasso, Jacqueline aux jambes replie\u0301es, 5\u00a0octobre1954<\/p>\n<p>    i<\/p>\n<p class=\"legende__cartel\">Fusain et pr\u00e9paration sur toile \u2022 92,5 \u00d7 73\u00a0cm \u2022 \u00a9 Succession Picasso 2025<\/p>\n<p class=\"editor-content__paragraph\">Chaque femme fut un nouveau monde \u00e0 explorer. Mais c\u2019est <strong style=\"font-size: 1.125rem;\">Jacqueline Roque<\/strong> qui occupe la <strong style=\"font-size: 1.125rem;\">place d\u2019honneur<\/strong> de cette exposition. Au 16\u00a0rue de Seine, 50\u00a0% des \u0153uvres lui sont consacr\u00e9es. Rencontr\u00e9e \u00e0 l\u2019\u00e9t\u00e9 1952, \u00e9pous\u00e9e en 1961, Jacqueline fut la <strong style=\"font-size: 1.125rem;\">compagne des 20\u00a0derni\u00e8res ann\u00e9es<\/strong> de Picasso.<\/p>\n<p class=\"editor-content__paragraph\">Dans Jacqueline aux jambes repli\u00e9es (1954), le fusain capte une<strong> intimit\u00e9 bouleversante<\/strong>. L\u2019\u0153uvre, d\u00e9dicac\u00e9e \u00ab\u00a0pour ma ch\u00e8re Jacqueline\u00a0\u00bb, montre un <strong>Picasso amoureux<\/strong> qui offre son art comme on offre son c\u0153ur. Plus extraordinaire encore, la s\u00e9rie de sept <strong>Femmes endormies<\/strong> de 1957\u00a0aux <strong>crayons de couleur<\/strong>, o\u00f9 le corps abandonn\u00e9 au sommeil devient paysage de tendresse. Il y a aussi le <strong>regard de Jacqueline<\/strong>, dont la ressemblance avec les Femmes d\u2019Alger d\u2019<a href=\"https:\/\/www.beauxarts.com\/grand-format\/eugene-delacroix-en-2-minutes\/\" target=\"_blank\" rel=\"noopener\">Eug\u00e8ne Delacroix<\/a> est frappante, et qui semble ainsi raviver le <strong>dialogue avec les ma\u00eetres<\/strong> \u2013 <a href=\"https:\/\/www.beauxarts.com\/grand-format\/greco-en-2-minutes\/\" target=\"_blank\" rel=\"noopener\">Greco<\/a>, <a href=\"https:\/\/www.beauxarts.com\/grand-format\/diego-velasquez-en-2-minutes\/\" target=\"_blank\" rel=\"noopener\">V\u00e9lasquez<\/a>, <a href=\"https:\/\/www.beauxarts.com\/grand-format\/rembrandt-en-2-minutes\/\" target=\"_blank\" rel=\"noopener\">Rembrandt<\/a>.<\/p>\n<p class=\"editor-content__paragraph\">Ponctu\u00e9 de <strong>photographies personnelles<\/strong>, le parcours de cet accrochage exceptionnel s\u2019ach\u00e8ve comme il commence\u00a0: dans l\u2019intimit\u00e9 d\u2019un homme qui n\u2019a jamais cess\u00e9 de cr\u00e9er pour vivre. Ces dessins r\u00e9v\u00e8lent un Picasso octog\u00e9naire d\u2019une <strong>vitalit\u00e9 stup\u00e9fiante<\/strong>.<\/p>\n<p>        \u00c0 lire aussi :<br \/>\n        <a class=\"renvoi-explicite__link\" href=\"https:\/\/www.beauxarts.com\/expos\/richter-bianca-argimon-jeffrey-gibson-5-expos-gratuites-a-voir-dans-les-galeries-parisiennes-cet-automne\/\" target=\"_blank\" rel=\"noopener\">Richter, Bianca Argim\u00f3n, Jeffrey Gibson&#8230;. 5 expos gratuites \u00e0 voir dans les galeries parisiennes cet automne<\/a><\/p>\n<p>  Arrow<\/p>\n<p>Picasso. Dessin 1903-1972<\/p>\n<p>Du 22 octobre 2025 au 20 d\u00e9cembre 2025<\/p>\n<p class=\"annexe-content__infos\">Galerie de l&rsquo;Institut \u2022 3 BIS Rue des Beaux Arts \u2022 75006 Paris<br \/><a href=\"https:\/\/galerie-institut.com\/\" target=\"_blank\" rel=\"noopener\">galerie-institut.com<\/a><\/p>\n","protected":false},"excerpt":{"rendered":"\u00c0 12\u00a0ans, il dessinait comme Rapha\u00ebl. \u00c0 85\u00a0ans, il dessinait comme nul autre. Pr\u00e9sent\u00e9e dans les deux espaces&hellip;\n","protected":false},"author":2,"featured_media":510054,"comment_status":"","ping_status":"","sticky":false,"template":"","format":"standard","meta":{"footnotes":""},"categories":[1358],"tags":[12870,1348,1384,1385,1386,5804,58,59,24193,1011,27,63154],"class_list":{"0":"post-510053","1":"post","2":"type-post","3":"status-publish","4":"format-standard","5":"has-post-thumbnail","7":"category-arts-et-design","8":"tag-art-moderne","9":"tag-arts","10":"tag-arts-and-design","11":"tag-arts-et-design","12":"tag-design","13":"tag-dessin","14":"tag-divertissement","15":"tag-entertainment","16":"tag-expos-gratuites","17":"tag-fr","18":"tag-france","19":"tag-galerie-de-linstitut"},"share_on_mastodon":{"url":"https:\/\/pubeurope.com\/@fr\/115488813621482159","error":""},"_links":{"self":[{"href":"https:\/\/www.europesays.com\/fr\/wp-json\/wp\/v2\/posts\/510053","targetHints":{"allow":["GET"]}}],"collection":[{"href":"https:\/\/www.europesays.com\/fr\/wp-json\/wp\/v2\/posts"}],"about":[{"href":"https:\/\/www.europesays.com\/fr\/wp-json\/wp\/v2\/types\/post"}],"author":[{"embeddable":true,"href":"https:\/\/www.europesays.com\/fr\/wp-json\/wp\/v2\/users\/2"}],"replies":[{"embeddable":true,"href":"https:\/\/www.europesays.com\/fr\/wp-json\/wp\/v2\/comments?post=510053"}],"version-history":[{"count":0,"href":"https:\/\/www.europesays.com\/fr\/wp-json\/wp\/v2\/posts\/510053\/revisions"}],"wp:featuredmedia":[{"embeddable":true,"href":"https:\/\/www.europesays.com\/fr\/wp-json\/wp\/v2\/media\/510054"}],"wp:attachment":[{"href":"https:\/\/www.europesays.com\/fr\/wp-json\/wp\/v2\/media?parent=510053"}],"wp:term":[{"taxonomy":"category","embeddable":true,"href":"https:\/\/www.europesays.com\/fr\/wp-json\/wp\/v2\/categories?post=510053"},{"taxonomy":"post_tag","embeddable":true,"href":"https:\/\/www.europesays.com\/fr\/wp-json\/wp\/v2\/tags?post=510053"}],"curies":[{"name":"wp","href":"https:\/\/api.w.org\/{rel}","templated":true}]}}