{"id":510057,"date":"2025-11-04T01:25:13","date_gmt":"2025-11-04T01:25:13","guid":{"rendered":"https:\/\/www.europesays.com\/fr\/510057\/"},"modified":"2025-11-04T01:25:13","modified_gmt":"2025-11-04T01:25:13","slug":"pas-a-labri-de-garou-donne-des-nouvelles-de-celine-dion","status":"publish","type":"post","link":"https:\/\/www.europesays.com\/fr\/510057\/","title":{"rendered":"\u00ab\u00a0Pas \u00e0 l\u2019abri de\u2026\u00a0\u00bb : Garou donne des nouvelles de C\u00e9line Dion"},"content":{"rendered":"<p>      R\u00e9sum\u00e9<\/p>\n<p>Garou a donn\u00e9 des nouvelles optimistes sur C\u00e9line Dion, laissant entendre que la chanteuse pourrait bient\u00f4t revenir malgr\u00e9 sa maladie.<\/p>\n<p>        Sommaire<\/p>\n<p>C\u2019est une phrase qui a fait bondir tous les fans de C\u00e9line Dion : \u00ab On n\u2019est pas \u00e0 l\u2019abri de r\u00e9entendre C\u00e9line. \u00bb Invit\u00e9 des <strong>12 Coups de midi<\/strong>, ce lundi 3 novembre 2025, <a href=\"https:\/\/www.public.fr\/garou-lorie-celine-dion-charlotte-cardin-ces-chanteuses-pour-qui-il-a-eu-un-vrai-coup-de-coeur\" target=\"_blank\" rel=\"noopener\"><strong>Garou<\/strong> a gliss\u00e9 cette petite bombe en plein direct sur TF1<\/a>. Une confidence pleine d\u2019espoir, qui laisse entendre que <strong>la diva qu\u00e9b\u00e9coise pourrait bient\u00f4t faire son grand retour<\/strong>.<\/p>\n<p>Alors que la plan\u00e8te musique s\u2019interroge depuis des mois sur l\u2019\u00e9tat de sant\u00e9 de la chanteuse, Garou, ami de longue date de C\u00e9line, a tenu \u00e0 donner <strong>des nouvelles rassurantes<\/strong>. Et ses mots, bien qu\u2019\u00e9nigmatiques, ont suffi \u00e0 raviver la flamme chez des millions d\u2019admirateurs.<\/p>\n<p>C\u00e9line Dion face \u00e0 la maladie <\/p>\n<p>Souvenez-vous : en d\u00e9cembre 2022, <a href=\"https:\/\/www.public.fr\/celine-dion-seffondre-devant-ses-fils-confidences-glacantes-sur-sa-maladie\" target=\"_blank\" rel=\"noopener\">C\u00e9line Dion avait bris\u00e9 le silence pour annoncer \u00eatre atteinte du <strong>syndrome de la personne raide<\/strong><\/a>, une maladie neurologique rare et d\u00e9g\u00e9n\u00e9rative. Ce trouble provoque <strong>de violentes raideurs musculaires<\/strong> et des spasmes pouvant aller jusqu\u2019\u00e0 <strong>d\u00e9former la posture du corps<\/strong>. Un diagnostic bouleversant qui avait contraint la star \u00e0 <strong>annuler sa tourn\u00e9e mondiale Courage World Tour<\/strong>.<\/p>\n<p>Depuis cette r\u00e9v\u00e9lation, la chanteuse s\u2019est faite <strong>extr\u00eamement discr\u00e8te<\/strong>, se retirant peu \u00e0 peu de la sc\u00e8ne publique. Mais loin de se laisser abattre, C\u00e9line a continu\u00e9, dans l\u2019ombre, \u00e0 <strong>nourrir sa passion pour la musique<\/strong>, en participant \u00e0 plusieurs projets : un documentaire intimiste (Je suis : C\u00e9line Dion), et m\u00eame <strong>une chanson in\u00e9dite<\/strong> pour la bande originale d\u2019un film.<\/p>\n<p>Et si son \u00e9tat de sant\u00e9 a longtemps inqui\u00e9t\u00e9 ses fans, la r\u00e9cente apparition surprise de C\u00e9line <strong>lors de la c\u00e9r\u00e9monie d\u2019ouverture des Jeux olympiques de Paris<\/strong> avait redonn\u00e9 espoir. Une performance tenue secr\u00e8te jusqu\u2019au dernier moment, tant son \u00e9tat de sant\u00e9 restait fragile.<\/p>\n<p>Garou donne des nouvelles <\/p>\n<p>Ce lundi 3 novembre, c\u2019est donc sur le plateau des 12 Coups de midi que Garou a offert de nouvelles raisons d\u2019esp\u00e9rer. Invit\u00e9 \u00e0 l\u2019occasion de l\u2019anniversaire de <strong>Jean-Luc Reichmann<\/strong>,<a href=\"https:\/\/www.public.fr\/garou-20-ans-apres-sous-le-vent-ses-relations-avec-celine-dion-pas-au-beau-fixe\" target=\"_blank\" rel=\"noopener\"> le chanteur qu\u00e9b\u00e9cois n\u2019a pas \u00e9chapp\u00e9 \u00e0 une question sur son amie C\u00e9line Dion.<\/a><\/p>\n<blockquote class=\"wp-block-quote is-layout-flow wp-block-quote-is-layout-flow\">\n<p>\u00ab On n\u2019est pas \u00e0 l\u2019abri de r\u00e9entendre C\u00e9line \u00bb, a-t-il lanc\u00e9 avec un sourire complice, avant d\u2019ajouter simplement : \u00ab \u00c7a va. \u00bb<\/p>\n<\/blockquote>\n<p>Deux petits mots, mais qui en disent long. Selon lui, <strong>le moral de la chanteuse est bon<\/strong> et elle serait bien d\u00e9cid\u00e9e \u00e0 <strong>surprendre le public dans les mois \u00e0 venir<\/strong>. De quoi relancer toutes les rumeurs sur un possible retour en musique ou une apparition m\u00e9diatique.<\/p>\n<p>\n          Hits &amp; People en continu\n        <\/p>\n<p>\n          Public Radio\n        <\/p>\n<p>      Mentionn\u00e9s dans cet article<\/p>\n<p>      Sur le m\u00eame sujet<\/p>\n","protected":false},"excerpt":{"rendered":"R\u00e9sum\u00e9 Garou a donn\u00e9 des nouvelles optimistes sur C\u00e9line Dion, laissant entendre que la chanteuse pourrait bient\u00f4t revenir&hellip;\n","protected":false},"author":2,"featured_media":510058,"comment_status":"","ping_status":"","sticky":false,"template":"","format":"standard","meta":{"footnotes":""},"categories":[1355],"tags":[7043,58,59,1011,27,8105,466,1361,873],"class_list":{"0":"post-510057","1":"post","2":"type-post","3":"status-publish","4":"format-standard","5":"has-post-thumbnail","7":"category-musique","8":"tag-celine-dion","9":"tag-divertissement","10":"tag-entertainment","11":"tag-fr","12":"tag-france","13":"tag-garou","14":"tag-les-12-coups-de-midi","15":"tag-music","16":"tag-musique"},"share_on_mastodon":{"url":"https:\/\/pubeurope.com\/@fr\/115488825296348306","error":""},"_links":{"self":[{"href":"https:\/\/www.europesays.com\/fr\/wp-json\/wp\/v2\/posts\/510057","targetHints":{"allow":["GET"]}}],"collection":[{"href":"https:\/\/www.europesays.com\/fr\/wp-json\/wp\/v2\/posts"}],"about":[{"href":"https:\/\/www.europesays.com\/fr\/wp-json\/wp\/v2\/types\/post"}],"author":[{"embeddable":true,"href":"https:\/\/www.europesays.com\/fr\/wp-json\/wp\/v2\/users\/2"}],"replies":[{"embeddable":true,"href":"https:\/\/www.europesays.com\/fr\/wp-json\/wp\/v2\/comments?post=510057"}],"version-history":[{"count":0,"href":"https:\/\/www.europesays.com\/fr\/wp-json\/wp\/v2\/posts\/510057\/revisions"}],"wp:featuredmedia":[{"embeddable":true,"href":"https:\/\/www.europesays.com\/fr\/wp-json\/wp\/v2\/media\/510058"}],"wp:attachment":[{"href":"https:\/\/www.europesays.com\/fr\/wp-json\/wp\/v2\/media?parent=510057"}],"wp:term":[{"taxonomy":"category","embeddable":true,"href":"https:\/\/www.europesays.com\/fr\/wp-json\/wp\/v2\/categories?post=510057"},{"taxonomy":"post_tag","embeddable":true,"href":"https:\/\/www.europesays.com\/fr\/wp-json\/wp\/v2\/tags?post=510057"}],"curies":[{"name":"wp","href":"https:\/\/api.w.org\/{rel}","templated":true}]}}