{"id":510059,"date":"2025-11-04T01:26:28","date_gmt":"2025-11-04T01:26:28","guid":{"rendered":"https:\/\/www.europesays.com\/fr\/510059\/"},"modified":"2025-11-04T01:26:28","modified_gmt":"2025-11-04T01:26:28","slug":"doomsday-est-une-lettre-damour-aux-heros-dapres-cet-acteur","status":"publish","type":"post","link":"https:\/\/www.europesays.com\/fr\/510059\/","title":{"rendered":"Doomsday est \u00ab\u00a0une lettre d&rsquo;amour\u00a0\u00bb aux h\u00e9ros d&rsquo;apr\u00e8s cet acteur"},"content":{"rendered":"<p>L\u2019ann\u00e9e prochaine s\u2019annonce charni\u00e8re pour les super h\u00e9ros Marvel. Malgr\u00e9 un regain d\u2019int\u00e9r\u00eat de la part des spectateurs suite \u00e0 la sortie en salles de <a href=\"https:\/\/www.journaldugeek.com\/critique\/critique-thunderbolts-le-film-marvel-qui-redonne-envie-de-voir-les-prochains\/\" target=\"_blank\" rel=\"noopener\">Thunderbolts*<\/a> et <a href=\"https:\/\/www.journaldugeek.com\/critique\/critique-les-4-fantastiques-marvel-y-croit-encore-et-nous\/\" target=\"_blank\" rel=\"noopener\">Les 4 Fantastiques\u00a0: Premiers Pas<\/a> (inutile de mentionner Captain America\u00a0: Brave New World), les longs-m\u00e9trages pr\u00e9vus en 2026 seront d\u2019autant plus importants pour l\u2019avenir du MCU. Le 29 juillet 2026, Tom Holland fera son retour dans le r\u00f4le de Peter Parker avec Spider-Man: Brand New Day, et sera suivi quelques mois plus tard par la plus grosse sortie Marvel de ces derni\u00e8res ann\u00e9es\u00a0:<strong> Avengers: Doomsday, pr\u00e9vu pour le 16 d\u00e9cembre 2026.<\/strong><\/p>\n<p>Mais depuis <a href=\"https:\/\/www.journaldugeek.com\/2025\/03\/26\/avengers-doomsday-entre-en-production-voici-lenorme-casting\/\" target=\"_blank\" rel=\"noopener\">l\u2019annonce du casting<\/a> qui a eu lieu le 26 mars dernier (avec un live interminable de plus de six heures), Marvel a su entretenir le myst\u00e8re concernant les prochaines aventures des Avengers. Kevin Feige a m\u00eame confirm\u00e9 qu\u2019une partie du casting n\u2019avait pas \u00e9t\u00e9 r\u00e9v\u00e9l\u00e9e. Les nouvelles se font donc rares, mais les fans peuvent au moins compter sur la langue bien pendue de certains acteurs, comme <strong>Simu Liu, qui a confi\u00e9 quelques bonnes nouvelles<\/strong> au micro de <a href=\"https:\/\/screenrant.com\/simu-liu-avengers-doomsday-superhero-dream-come-true\/\" target=\"_blank\" rel=\"noopener\">ScreenRant.<\/a><\/p>\n<p>    <a href=\"https:\/\/www.youtube.com\/user\/JournalduGeek?sub_confirmation=1\" target=\"_blank\" rel=\"nofollow noopener\"><br \/>\n        S&rsquo;abonner \u00e0 Journal du Geek<br \/>\n    <\/a> Un hommage grandiose aux super h\u00e9ros Marvel <\/p>\n<p>Interrog\u00e9 par Ash Crossan de ScreenRant pour la promotion du film d\u2019animation Dans tes r\u00eaves (qui sortira le 14 novembre sur Netflix), <strong>l\u2019interpr\u00e8te de Shang-Chi s\u2019est montr\u00e9 particuli\u00e8rement enjou\u00e9 \u00e0 propos du prochain Avengers.<\/strong> Pour d\u00e9crire ce projet en trois mots, Simu Liu a choisi \u201cdream come true\u201d soit \u201cun r\u00eave devenu r\u00e9alit\u00e9\u201d en fran\u00e7ais. Une d\u00e9claration simple et\u00a0 forte que l\u2019acteur s\u2019est permis de compl\u00e9ter avec son ressenti\u00a0:<\/p>\n<p>\u201cIl y a tellement d\u2019acteurs dans ce film, et pouvoir travailler avec ces personnes en tant que coll\u00e8gues est vraiment incroyable, car j\u2019ai grandi en regardant beaucoup d\u2019entre eux\u201d explique-t-il. Mais Simu Liu ne se contente pas de sa propre approche \u00e9motionnelle pour d\u00e9crire Avengers: Doomsday. L\u2019acteur cherche \u00e9galement \u00e0 rassurer les spectateurs qui auraient peur de se noyer dans cet univers cin\u00e9matographique toujours plus vaste. <strong>Selon lui, cet opus d\u2019Avengers c\u00e9l\u00e8bre les h\u00e9ros de la meilleure des fa\u00e7ons\u00a0:<\/strong><\/p>\n<p>\u201c\u00c0 bien des \u00e9gards, ce projet est une lettre d\u2019amour adress\u00e9e au genre tout entier des films de super-h\u00e9ros. Et je trouve cela vraiment amusant. Ce genre occupe toujours une place particuli\u00e8re dans mon c\u0153ur, car il est important pour tous les marginaux, les excentriques et les outsiders qui ont grandi en lisant des bandes dessin\u00e9es avec le sentiment qu\u2019il y avait de l\u2019espoir pour eux d\u2019une mani\u00e8re ou d\u2019une autre.\u201d<\/p>\n<p>Avengers: Doomsday parviendra-t-il \u00e0 g\u00e9n\u00e9rer autant d\u2019\u00e9motions qu\u2019Infinity War en son temps\u00a0? Rien n\u2019est moins s\u00fbr mais les d\u00e9clarations de Simu Liu se veulent au moins rassurantes. Rendez-vous le 16 d\u00e9cembre 2026 pour d\u00e9couvrir si les Avengers ont encore de l\u2019\u00e9nergie \u00e0 revendre.<\/p>\n<blockquote>\n<p class=\"text-base text-neutral-700 dark:text-neutral-300\">\ud83d\udfe3 Pour ne manquer aucune news sur le Journal du Geek, abonnez-vous sur <a href=\"https:\/\/news.google.com\/publications\/CAAqBwgKMNr_hAswwYyCAw?hl=fr&amp;gl=FR&amp;ceid=FR%3Afr\" target=\"_blank\" rel=\"noopener\">Google Actualit\u00e9s<\/a> et sur <a href=\"https:\/\/whatsapp.com\/channel\/0029VaClM5y4tRry12tb7D2h\" target=\"_blank\" rel=\"noopener\">notre WhatsApp<\/a>. Et si vous nous adorez, on a <a href=\"https:\/\/www.journaldugeek.com\/newsletter\/\" target=\"_blank\" rel=\"noopener\">une newsletter tous les matins<\/a>.<\/p>\n<\/blockquote>\n","protected":false},"excerpt":{"rendered":"L\u2019ann\u00e9e prochaine s\u2019annonce charni\u00e8re pour les super h\u00e9ros Marvel. Malgr\u00e9 un regain d\u2019int\u00e9r\u00eat de la part des spectateurs&hellip;\n","protected":false},"author":2,"featured_media":510060,"comment_status":"","ping_status":"","sticky":false,"template":"","format":"standard","meta":{"footnotes":""},"categories":[1354],"tags":[11320,4553,58,59,1346,1011,27,2135,1360,2136],"class_list":{"0":"post-510059","1":"post","2":"type-post","3":"status-publish","4":"format-standard","5":"has-post-thumbnail","7":"category-films","8":"tag-avengers","9":"tag-avengers-doomsday","10":"tag-divertissement","11":"tag-entertainment","12":"tag-films","13":"tag-fr","14":"tag-france","15":"tag-marvel","16":"tag-movies","17":"tag-super-heros"},"share_on_mastodon":{"url":"https:\/\/pubeurope.com\/@fr\/115488829418791478","error":""},"_links":{"self":[{"href":"https:\/\/www.europesays.com\/fr\/wp-json\/wp\/v2\/posts\/510059","targetHints":{"allow":["GET"]}}],"collection":[{"href":"https:\/\/www.europesays.com\/fr\/wp-json\/wp\/v2\/posts"}],"about":[{"href":"https:\/\/www.europesays.com\/fr\/wp-json\/wp\/v2\/types\/post"}],"author":[{"embeddable":true,"href":"https:\/\/www.europesays.com\/fr\/wp-json\/wp\/v2\/users\/2"}],"replies":[{"embeddable":true,"href":"https:\/\/www.europesays.com\/fr\/wp-json\/wp\/v2\/comments?post=510059"}],"version-history":[{"count":0,"href":"https:\/\/www.europesays.com\/fr\/wp-json\/wp\/v2\/posts\/510059\/revisions"}],"wp:featuredmedia":[{"embeddable":true,"href":"https:\/\/www.europesays.com\/fr\/wp-json\/wp\/v2\/media\/510060"}],"wp:attachment":[{"href":"https:\/\/www.europesays.com\/fr\/wp-json\/wp\/v2\/media?parent=510059"}],"wp:term":[{"taxonomy":"category","embeddable":true,"href":"https:\/\/www.europesays.com\/fr\/wp-json\/wp\/v2\/categories?post=510059"},{"taxonomy":"post_tag","embeddable":true,"href":"https:\/\/www.europesays.com\/fr\/wp-json\/wp\/v2\/tags?post=510059"}],"curies":[{"name":"wp","href":"https:\/\/api.w.org\/{rel}","templated":true}]}}