{"id":510096,"date":"2025-11-04T01:48:17","date_gmt":"2025-11-04T01:48:17","guid":{"rendered":"https:\/\/www.europesays.com\/fr\/510096\/"},"modified":"2025-11-04T01:48:17","modified_gmt":"2025-11-04T01:48:17","slug":"en-images-a-25-et-27-ans-ce-couple-ouvre-a-rennes-croustille-une-chocolaterie-et-salon-de-the","status":"publish","type":"post","link":"https:\/\/www.europesays.com\/fr\/510096\/","title":{"rendered":"EN IMAGES. \u00c0 25 et 27 ans, ce couple ouvre \u00e0 Rennes Croustille, une chocolaterie et salon de th\u00e9"},"content":{"rendered":"<p>            Par<br \/>\n        <strong><br \/>\n            <a href=\"https:\/\/actu.fr\/auteur\/brian-legoff\" title=\"Consulter tous les articles de Brian Le Goff\" target=\"_blank\" rel=\"noopener\">Brian Le Goff<\/a><br \/>\n        <\/strong><\/p>\n<p>        Publi\u00e9 le<\/p>\n<p>            3 nov. 2025 \u00e0 16h02        <\/p>\n<p>Si vous ne l\u2019avez pas encore remarqu\u00e9e, il est peut-\u00eatre temps de s\u2019y arr\u00eater. Depuis quelques jours, la chocolaterie <strong>Croustille<\/strong> s\u2019est install\u00e9e \u00e0 l\u2019angle de la rue Jean Gu\u00e9henno et du boulevard de la Duchesse Anne, <strong>pr\u00e8s de la fac de droit,<\/strong> au nord du centre-ville de <a href=\"https:\/\/actu.fr\/rennes\/\" target=\"_blank\" rel=\"noopener\">Rennes<\/a>.<\/p>\n<p>Un \u00ab\u2009r\u00eave\u2009\u00bb devenu projet de couple<\/p>\n<p class=\" wall-content\">Derri\u00e8re cette chocolaterie artisanale et salon de th\u00e9, se cachent<strong> Bertille Bodin, 25\u00a0ans, et Cl\u00e9ment Robles, 27\u00a0ans<\/strong>. Ils se sont rencontr\u00e9s il y a quelques ann\u00e9es, ont travaill\u00e9 ensemble dans des chocolateries et <strong>\u00ab\u2009le r\u00eave\u2009\u00bb de Bertille est tr\u00e8s vite devenu un projet de couple<\/strong>.<\/p>\n<blockquote class=\"ac-article-quote wall-content\">\n<p>Nous, on veut juste vivre de notre passion. On est \u00e0 1 000 % dans ce projet depuis plusieurs ann\u00e9es. Il n&rsquo;y a pas eu un seul moment o\u00f9 j&rsquo;ai voulu faire autre chose. <\/p>\n<p>    <strong>Bertille Bodin et Cl\u00e9ment Robles<\/strong><br \/>\n        G\u00e9rants de la nouvelle chocolaterie Croustille \u00e0 Rennes    <\/p><\/blockquote>\n<p class=\" wall-content\">Et pour arriver \u00e0 cet objectif, Bertille a d\u00e8s le d\u00e9but de <strong>ses \u00e9tudes<\/strong> pris le taureau par les cornes. \u00ab\u2009J\u2019ai fait un Bac pro boulanger-p\u00e2tissier, puis un CAP et un BTM (brevet technique des m\u00e9tiers) chocolatier en trois ans.\u2009\u00bb<\/p>\n<p>Confiseur et barista<\/p>\n<p class=\" wall-content\">Apr\u00e8s leur rencontre, le couple est parti <strong>un an en Corse<\/strong> pour que Bertille apprenne le m\u00e9tier de<strong> confiseur<\/strong>.<\/p>\n<p class=\" wall-content\"><a href=\"https:\/\/www.instagram.com\/p\/DPYTzTsjOPi\/embed\" title=\"Ouvrir le lien sur Instagram\" target=\"_blank\" rel=\"noopener\">Visualiser le contenu sur Instagram<\/a><\/p>\n<p class=\" wall-content\">De son c\u00f4t\u00e9, Cl\u00e9ment, exp\u00e9riment\u00e9 dans la vente, s\u2019est form\u00e9 pour devenir barista et ainsi proposer, en <strong>plus de la chocolaterie, le salon de th\u00e9,<\/strong> qui compte une vingtaine de places <strong>sur le sol en mosa\u00efque du c\u00e9l\u00e8bre Odorico<\/strong>. \u00ab\u2009On a fait peu de modifications au-del\u00e0 de la cr\u00e9ation du laboratoire. On a enlev\u00e9 surtout quelques \u00e9tag\u00e8res de l\u2019ancienne \u00e9picerie et red\u00e9corer \u00e0 notre go\u00fbt.\u2009\u00bb<\/p>\n<p>Votre r\u00e9gion, votre actu !<\/p>\n<p>Recevez chaque jour les infos qui comptent pour vous.<\/p>\n<p>\t<a href=\"https:\/\/actu.fr\/newsletter\" class=\"ac-btn ac-btn--corner ac-btn--medium ac-btn--blue800\" target=\"_blank\" rel=\"noopener\">S&rsquo;incrire<\/a><br \/>\nChocolat chaud maison<\/p>\n<p class=\" wall-content\">\u00c0 c\u00f4t\u00e9 du traditionnel th\u00e9 ou caf\u00e9, vous pourrez donc d\u00e9guster sur place un<strong> chocolat chaud maison,<\/strong> compos\u00e9 d\u2019un<strong> bol de lait chaud avec une ganache chocolat<\/strong> \u00e0 m\u00e9langer. Des madeleines fourr\u00e9es, \u00e0 la structure travaill\u00e9e, sont aussi \u00e0 d\u00e9guster\u2009; sans oublier des verrines glac\u00e9es.<\/p>\n<p class=\" wall-content\">C\u00f4t\u00e9 chocolaterie, Croustille propose <strong>actuellement 22 bonbons chocolat<\/strong> dont les dessins de fleurs change selon les saveurs. Il y a \u00e9galement une vingtaine de <strong>tablettes \u00e0 d\u00e9couvrir, des p\u00e2tes de fruits, p\u00e2tes \u00e0 tartiner, croustilles\u2026<\/strong> Et, bien \u00e9videmment, tout est r\u00e9alis\u00e9 sur place dans le labo sur lequel les passants du boulevard de la Duchesse Anne ont une vue imprenable.<\/p>\n<p class=\" wall-content\">Aussi, les bo\u00eetes de chocolats vendues peuvent \u00eatre r\u00e9utilis\u00e9es pour de prochains achats en vrac.<\/p>\n<p class=\" wall-content\">Mais alors que l\u2019ouverture a eu lieu depuis peu, le couple pr\u00e9pare d\u00e9j\u00e0<strong> les f\u00eates de fin d\u2019ann\u00e9e<\/strong> avec l\u2019ambition de conqu\u00e9rir le palais des Rennais.<\/p>\n<p>La chocolaterie-salon de th\u00e9 Croustille est ouverte du mardi au samedi, de 9h \u00e0 19h au 59, boulevard de la Duchesse Anne \u00e0 Rennes.<\/p>\n<p class=\" wall-content\">Personnalisez votre actualit\u00e9 en ajoutant vos villes et m\u00e9dias en favori avec <a href=\"https:\/\/moncompte.actu.fr\" title=\"D\u00e9couvez Mon Actu\" rel=\"nofollow noopener\" data-trk=\"{&quot;cta&quot;:{&quot;action&quot;:&quot;https:\\\/\\\/moncompte.actu.fr&quot;,&quot;category&quot;:&quot;mon compte&quot;,&quot;from&quot;:&quot;article footer&quot;,&quot;name&quot;:&quot;Mon actu&quot;,&quot;type&quot;:&quot;cta&quot;}}\" target=\"_blank\">Mon Actu<\/a>.<\/p>\n<p>                    <script async src=\"\/\/www.instagram.com\/embed.js\"><\/script><\/p>\n","protected":false},"excerpt":{"rendered":"Par Brian Le Goff Publi\u00e9 le 3 nov. 2025 \u00e0 16h02 Si vous ne l\u2019avez pas encore remarqu\u00e9e,&hellip;\n","protected":false},"author":2,"featured_media":510097,"comment_status":"","ping_status":"","sticky":false,"template":"","format":"standard","meta":{"footnotes":""},"categories":[2821],"tags":[1111,11,829,1777,674,1011,27,1305,12,3147,584,25],"class_list":{"0":"post-510096","1":"post","2":"type-post","3":"status-publish","4":"format-standard","5":"has-post-thumbnail","7":"category-rennes","8":"tag-actu","9":"tag-actualites","10":"tag-bretagne","11":"tag-eu","12":"tag-europe","13":"tag-fr","14":"tag-france","15":"tag-lifestyle","16":"tag-news","17":"tag-nouveaux-commerces","18":"tag-rennes","19":"tag-republique-francaise"},"share_on_mastodon":{"url":"https:\/\/pubeurope.com\/@fr\/115488915722385652","error":""},"_links":{"self":[{"href":"https:\/\/www.europesays.com\/fr\/wp-json\/wp\/v2\/posts\/510096","targetHints":{"allow":["GET"]}}],"collection":[{"href":"https:\/\/www.europesays.com\/fr\/wp-json\/wp\/v2\/posts"}],"about":[{"href":"https:\/\/www.europesays.com\/fr\/wp-json\/wp\/v2\/types\/post"}],"author":[{"embeddable":true,"href":"https:\/\/www.europesays.com\/fr\/wp-json\/wp\/v2\/users\/2"}],"replies":[{"embeddable":true,"href":"https:\/\/www.europesays.com\/fr\/wp-json\/wp\/v2\/comments?post=510096"}],"version-history":[{"count":0,"href":"https:\/\/www.europesays.com\/fr\/wp-json\/wp\/v2\/posts\/510096\/revisions"}],"wp:featuredmedia":[{"embeddable":true,"href":"https:\/\/www.europesays.com\/fr\/wp-json\/wp\/v2\/media\/510097"}],"wp:attachment":[{"href":"https:\/\/www.europesays.com\/fr\/wp-json\/wp\/v2\/media?parent=510096"}],"wp:term":[{"taxonomy":"category","embeddable":true,"href":"https:\/\/www.europesays.com\/fr\/wp-json\/wp\/v2\/categories?post=510096"},{"taxonomy":"post_tag","embeddable":true,"href":"https:\/\/www.europesays.com\/fr\/wp-json\/wp\/v2\/tags?post=510096"}],"curies":[{"name":"wp","href":"https:\/\/api.w.org\/{rel}","templated":true}]}}