{"id":510098,"date":"2025-11-04T01:49:27","date_gmt":"2025-11-04T01:49:27","guid":{"rendered":"https:\/\/www.europesays.com\/fr\/510098\/"},"modified":"2025-11-04T01:49:27","modified_gmt":"2025-11-04T01:49:27","slug":"demolition-du-parking-vilaine-a-rennes-la-phase-la-plus-spectaculaire-du-chantier-a-demarre","status":"publish","type":"post","link":"https:\/\/www.europesays.com\/fr\/510098\/","title":{"rendered":"D\u00e9molition du parking Vilaine\u00a0\u00e0 Rennes : la phase la plus spectaculaire du chantier a d\u00e9marr\u00e9"},"content":{"rendered":"<p>Le chantier de d\u00e9molition du parking Vilaine est entr\u00e9 dans sa phase la plus spectaculaire, ce lundi 3 novembre 2025. Sur sa partie la plus \u00e0 l\u2019ouest, tout pr\u00e8s de la place de Bretagne, en plein centre-ville de Rennes, les \u00e9quipes de l\u2019entreprise Charier ont commenc\u00e9 le sciage de la dalle.<\/p>\n<p>25 m\u00e8tres de dalle \u00e0 scier<\/p>\n<p>\u00c0 l\u2019aide de grandes scies circulaires, une fine bande du parking avait d\u00e9j\u00e0 \u00e9t\u00e9 d\u00e9coup\u00e9e ce lundi apr\u00e8s-midi. L\u2019op\u00e9ration va se poursuivre toute la semaine jusqu\u2019\u00e0 d\u00e9couper le parking sur 25 m\u00e8tres. Les gravats sont, eux, \u00e9vacu\u00e9s par voie fluviale. \u00ab Les blocs de b\u00e9ton seront soulev\u00e9s par la grue puis d\u00e9pos\u00e9s sur des barges qui les \u00e9vacueront via la Vilaine, jusqu\u2019au site de l\u2019entreprise Charier, dans la Zone d\u2019activit\u00e9s Ouest \u00bb, avait indiqu\u00e9 la Ville de Rennes dans un communiqu\u00e9<\/p>\n<p>Une premi\u00e8re ouverture n\u00e9cessaire pour faire descendre sur un ponton sur la Vilaine celle que l\u2019on appelle <a href=\"https:\/\/www.letelegramme.fr\/ille-et-vilaine\/rennes-35000\/elle-pese-50-tonnes-a-rennes-la-grignoteuse-flottante-va-bientot-commencer-a-devorer-le-parking-vilaine-6920791.php\" target=\"_blank\" rel=\"noopener\">la \u00ab grignoteuse flottante \u00bb<\/a>, une pelle de d\u00e9construction de pr\u00e8s de 50 tonnes qui va \u00ab grignoter \u00bb petit \u00e0 petit le parking sur 250 m\u00e8tres \u00e0 l\u2019aide d\u2019une pince hydraulique. L\u00e0 aussi, les gravats seront transport\u00e9s sur des barges via la Vilaine, jusqu\u2019au site de l\u2019entreprise Charier. Cette phase des travaux durera environ cinq mois, jusqu\u2019en avril 2026.<\/p>\n","protected":false},"excerpt":{"rendered":"Le chantier de d\u00e9molition du parking Vilaine est entr\u00e9 dans sa phase la plus spectaculaire, ce lundi 3&hellip;\n","protected":false},"author":2,"featured_media":510099,"comment_status":"","ping_status":"","sticky":false,"template":"","format":"standard","meta":{"footnotes":""},"categories":[2821],"tags":[1111,11,829,1777,674,1011,27,848,12,584,25,10810],"class_list":{"0":"post-510098","1":"post","2":"type-post","3":"status-publish","4":"format-standard","5":"has-post-thumbnail","7":"category-rennes","8":"tag-actu","9":"tag-actualites","10":"tag-bretagne","11":"tag-eu","12":"tag-europe","13":"tag-fr","14":"tag-france","15":"tag-ille-et-vilaine","16":"tag-news","17":"tag-rennes","18":"tag-republique-francaise","19":"tag-urbanisme-a-rennes"},"share_on_mastodon":{"url":"https:\/\/pubeurope.com\/@fr\/115488920746190737","error":""},"_links":{"self":[{"href":"https:\/\/www.europesays.com\/fr\/wp-json\/wp\/v2\/posts\/510098","targetHints":{"allow":["GET"]}}],"collection":[{"href":"https:\/\/www.europesays.com\/fr\/wp-json\/wp\/v2\/posts"}],"about":[{"href":"https:\/\/www.europesays.com\/fr\/wp-json\/wp\/v2\/types\/post"}],"author":[{"embeddable":true,"href":"https:\/\/www.europesays.com\/fr\/wp-json\/wp\/v2\/users\/2"}],"replies":[{"embeddable":true,"href":"https:\/\/www.europesays.com\/fr\/wp-json\/wp\/v2\/comments?post=510098"}],"version-history":[{"count":0,"href":"https:\/\/www.europesays.com\/fr\/wp-json\/wp\/v2\/posts\/510098\/revisions"}],"wp:featuredmedia":[{"embeddable":true,"href":"https:\/\/www.europesays.com\/fr\/wp-json\/wp\/v2\/media\/510099"}],"wp:attachment":[{"href":"https:\/\/www.europesays.com\/fr\/wp-json\/wp\/v2\/media?parent=510098"}],"wp:term":[{"taxonomy":"category","embeddable":true,"href":"https:\/\/www.europesays.com\/fr\/wp-json\/wp\/v2\/categories?post=510098"},{"taxonomy":"post_tag","embeddable":true,"href":"https:\/\/www.europesays.com\/fr\/wp-json\/wp\/v2\/tags?post=510098"}],"curies":[{"name":"wp","href":"https:\/\/api.w.org\/{rel}","templated":true}]}}