{"id":510100,"date":"2025-11-04T01:50:57","date_gmt":"2025-11-04T01:50:57","guid":{"rendered":"https:\/\/www.europesays.com\/fr\/510100\/"},"modified":"2025-11-04T01:50:57","modified_gmt":"2025-11-04T01:50:57","slug":"apprendre-a-peindre-en-2h-cest-possible-a-strasbourg","status":"publish","type":"post","link":"https:\/\/www.europesays.com\/fr\/510100\/","title":{"rendered":"apprendre \u00e0 peindre en 2h, c\u2019est possible \u00e0 Strasbourg !"},"content":{"rendered":"<p><strong>Pinceaux en main, ambiance d\u00e9contract\u00e9e et l\u00e2cher-prise : \u00e0 Strasbourg, les ateliers Creative Ap\u00e9ro invitent d\u00e9butant(e)s comme initi\u00e9(e)s \u00e0 lib\u00e9rer leur cr\u00e9ativit\u00e9 autour d\u2019un verre ou d\u2019un petit-d\u00e9jeuner. Th\u00e8mes originaux, peinture fluo dans le noir ou portrait de son animal, ces rendez-vous allient convivialit\u00e9 et expression artistique dans une atmosph\u00e8re bienveillante, o\u00f9 chacun(e) repart avec sa propre oeuvre, et un souvenir inoubliable.<\/strong><\/p>\n<p class=\"p1\"><strong>Lib\u00e9rer sa fibre artistique<\/strong> dans une bonne ambiance d\u00e9complex\u00e9e, quoi de mieux pour d\u00e9buter ou terminer sa journ\u00e9e ? Andreea, artiste peintre de 29 ans et originaire de Roumanie, a plaqu\u00e9 son domaine d\u2019\u00e9tudes en \u00e9v\u00e9nementiel, pour vivre de sa passion et nous la partager.<\/p>\n<p class=\"p1\"><strong>Dans divers lieux de Strasbourg transform\u00e9s en atelier d\u2019art, de la bucolique Cour du Corbeau aux bateaux-mouches, elle vous guide dans la r\u00e9alisation d\u2019une \u0153uvre<\/strong>, quel que soit le niveau de d\u00e9part !<\/p>\n<p>                <img width=\"333\" height=\"500\" src=\"https:\/\/www.europesays.com\/fr\/wp-content\/uploads\/2025\/11\/594b8473-50c2-4ee9-a61f-7fa4a27ba4ad-1-333x500.jpg\" class=\"attachment-gallery size-gallery\" alt=\"Creative Apero\" data-full-url=\"https:\/\/pokaa.fr\/wp-content\/uploads\/2025\/10\/26\/594b8473-50c2-4ee9-a61f-7fa4a27ba4ad-1.jpg\" decoding=\"async\" loading=\"lazy\"  \/>            <\/p>\n<p>                <img width=\"333\" height=\"500\" src=\"https:\/\/www.europesays.com\/fr\/wp-content\/uploads\/2025\/11\/427f1f9c-b2b2-4a25-b913-91ded06a4ebc-1-333x500.jpg\" class=\"attachment-gallery size-gallery\" alt=\"Creative Apero\" data-full-url=\"https:\/\/pokaa.fr\/wp-content\/uploads\/2025\/10\/26\/427f1f9c-b2b2-4a25-b913-91ded06a4ebc-1.jpg\" decoding=\"async\" loading=\"lazy\"  \/>            <\/p>\n<p>                    \u00a9 Creative Ap\u00e9ro \/ Documents remis<\/p>\n<p>Apprendre pas \u00e0 pas <\/p>\n<p class=\"p1\"><strong>Accueilli(e)s par la jeune femme, assist\u00e9e de son compagnon Pierre-Nicolas<\/strong>, les participant(e)s nouent autour de la taille le tablier fourni par l\u2019organisatrice. Pour cet atelier (Creative Ap\u00e9ro ou Creative Breakfast selon l\u2019heure choisie), <strong>nul besoin de connaissances artistiques ou de ramener son mat\u00e9riel. <\/strong>Tout est fourni : toiles sur chevalet, accessoires de peinture, tubes d\u2019acrylique.<strong> Vous n\u2019avez plus qu\u2019\u00e0 venir avec votre sourire<\/strong>, et m\u00eame s\u2019il est absent au d\u00e9marrage, la joie de vivre d\u2019Andreea est contagieuse.<\/p>\n<p class=\"p1\">Pour cette option,<strong> la reproduction d\u2019un tableau<\/strong> visible en amont sur son site web ou son Instagram se fait \u00e9tape par \u00e9tape. <strong>Le th\u00e8me est souvent adapt\u00e9 \u00e0 la saison<\/strong>\u00a0: fant\u00f4mes ou autres cr\u00e9atures pour Halloween, paysages enneig\u00e9s en hiver ou encore fleurs au printemps.\u00a0<\/p>\n<p>                <img width=\"375\" height=\"500\" src=\"https:\/\/www.europesays.com\/fr\/wp-content\/uploads\/2025\/11\/image00006-375x500.jpeg\" class=\"attachment-gallery size-gallery\" alt=\"Creative Apero\" data-full-url=\"https:\/\/pokaa.fr\/wp-content\/uploads\/2025\/10\/26\/image00006-rotated.jpeg\" decoding=\"async\" loading=\"lazy\"  \/>            <\/p>\n<p>                <img width=\"375\" height=\"500\" src=\"https:\/\/www.europesays.com\/fr\/wp-content\/uploads\/2025\/11\/image00005-375x500.jpeg\" class=\"attachment-gallery size-gallery\" alt=\"Creative Apero\" data-full-url=\"https:\/\/pokaa.fr\/wp-content\/uploads\/2025\/10\/26\/image00005-rotated.jpeg\" decoding=\"async\" loading=\"lazy\"  \/>            <\/p>\n<p>                <img width=\"375\" height=\"500\" src=\"https:\/\/www.europesays.com\/fr\/wp-content\/uploads\/2025\/11\/image00007-375x500.jpeg\" class=\"attachment-gallery size-gallery\" alt=\"Creative Apero\" data-full-url=\"https:\/\/pokaa.fr\/wp-content\/uploads\/2025\/10\/26\/image00007.jpeg\" decoding=\"async\" loading=\"lazy\"  \/>            <\/p>\n<p>                <img width=\"618\" height=\"500\" src=\"https:\/\/www.europesays.com\/fr\/wp-content\/uploads\/2025\/11\/image00009-618x500.jpeg\" class=\"attachment-gallery size-gallery\" alt=\"Creative Apero\" data-full-url=\"https:\/\/pokaa.fr\/wp-content\/uploads\/2025\/10\/26\/image00009.jpeg\" decoding=\"async\" loading=\"lazy\"  \/>            <\/p>\n<p>                    \u00a9 Creative Ap\u00e9ro \/ Documents remis<\/p>\n<p class=\"p1\">Nul besoin d\u2019\u00eatre expert(e) en la mati\u00e8re, Andreea guide les participant(e)s, son compagnon toujours pr\u00e9sent pour la seconder ! \u00ab <strong>Si un \u00e9l\u00e9ment ne vous convient pas, la peinture acrylique s\u00e8che vite et permet des retouches \u00e0 l\u2019infini, tout est rattrapable<\/strong> \u00bb, rassure Pierre-Nicolas, toujours bienveillant.<\/p>\n<p>                <img width=\"375\" height=\"500\" src=\"https:\/\/www.europesays.com\/fr\/wp-content\/uploads\/2025\/11\/f15a5bca-1bd4-40c0-b1b2-8dd414851434-375x500.jpg\" class=\"attachment-gallery size-gallery\" alt=\"Creative Apero\" data-full-url=\"https:\/\/pokaa.fr\/wp-content\/uploads\/2025\/10\/26\/f15a5bca-1bd4-40c0-b1b2-8dd414851434.jpg\" decoding=\"async\" loading=\"lazy\"  \/>            <\/p>\n<p>                <img width=\"333\" height=\"500\" src=\"https:\/\/www.europesays.com\/fr\/wp-content\/uploads\/2025\/11\/373533aa-126b-42ea-86de-faa9c662993c-333x500.jpg\" class=\"attachment-gallery size-gallery\" alt=\"Creative Apero\" data-full-url=\"https:\/\/pokaa.fr\/wp-content\/uploads\/2025\/10\/26\/373533aa-126b-42ea-86de-faa9c662993c.jpg\" decoding=\"async\" loading=\"lazy\"  \/>            <\/p>\n<p>                <img width=\"375\" height=\"500\" src=\"https:\/\/www.europesays.com\/fr\/wp-content\/uploads\/2025\/11\/5e0ebc56-c845-43e3-8027-0c1d3a878773-375x500.jpg\" class=\"attachment-gallery size-gallery\" alt=\"Creative Apero\" data-full-url=\"https:\/\/pokaa.fr\/wp-content\/uploads\/2025\/10\/26\/5e0ebc56-c845-43e3-8027-0c1d3a878773.jpg\" decoding=\"async\" loading=\"lazy\"  \/>            <\/p>\n<p>                    \u00a9 Creative Ap\u00e9ro \/ Documents remis<\/p>\n<p class=\"p1\"><strong>Chaque artiste en herbe, apr\u00e8s avoir apprivois\u00e9 les techniques expliqu\u00e9es par Andreea, reproduit les \u00e9tapes.<\/strong> De la confection d\u2019un nuage \u00e0 la r\u00e9alisation d\u2019un fond de couleur de diff\u00e9rentes nuances \u00e0 partir de deux couleurs seulement.<\/p>\n<p class=\"p1\">L\u2019oeuvre propos\u00e9e est la m\u00eame pour toutes et tous, cependant,<strong> le tableau final est individuel : ils sont tous diff\u00e9rents. <\/strong>Certain(e)s ont modifi\u00e9 les \u00e9l\u00e9ments ou des couleurs, rendant ainsi leur <strong>cr\u00e9ation unique, chacun(e) ayant apport\u00e9 sa touche personnelle.<\/strong><\/p>\n<p>                <img width=\"333\" height=\"500\" src=\"https:\/\/www.europesays.com\/fr\/wp-content\/uploads\/2025\/11\/918a9be6-5432-415f-ab13-9b35235904ca-333x500.jpg\" class=\"attachment-gallery size-gallery\" alt=\"Creative Apero\" data-full-url=\"https:\/\/pokaa.fr\/wp-content\/uploads\/2025\/10\/26\/918a9be6-5432-415f-ab13-9b35235904ca.jpg\" decoding=\"async\" loading=\"lazy\"  \/>            <\/p>\n<p>                <img width=\"330\" height=\"500\" src=\"https:\/\/www.europesays.com\/fr\/wp-content\/uploads\/2025\/11\/0f5a3641-60aa-4924-82ce-ee8aff8bb248-330x500.jpg\" class=\"attachment-gallery size-gallery\" alt=\"Creative Apero\" data-full-url=\"https:\/\/pokaa.fr\/wp-content\/uploads\/2025\/10\/26\/0f5a3641-60aa-4924-82ce-ee8aff8bb248.jpg\" decoding=\"async\" loading=\"lazy\"  \/>            <\/p>\n<p>                <img width=\"375\" height=\"500\" src=\"https:\/\/www.europesays.com\/fr\/wp-content\/uploads\/2025\/11\/image00002-375x500.jpeg\" class=\"attachment-gallery size-gallery\" alt=\"Creative Apero\" data-full-url=\"https:\/\/pokaa.fr\/wp-content\/uploads\/2025\/10\/26\/image00002-rotated.jpeg\" decoding=\"async\" loading=\"lazy\"  \/>            <\/p>\n<p>                    \u00a9 Creative Ap\u00e9ro \/ Documents remis<\/p>\n<p class=\"p1\">Bien plus qu\u2019un simple atelier de peinture, Creative Ap\u00e9ro est un concept qui permet d\u2019<strong>exprimer sa cr\u00e9ativit\u00e9 autour d\u2019un verre ou d\u2019un petit-d\u00e9jeuner (\u00e0 votre charge), dans une bonne ambiance. <\/strong>\u00ab Le but est de passer un bon moment et de pouvoir \u00e9changer avec d\u2019autres personnes, de tous \u00e2ges et de tous niveaux, de vider sa t\u00eate de ses soucis. \u00bb<\/p>\n<p class=\"p1\">Elle poursuit : \u00ab L\u2019id\u00e9e est de<strong> (re)d\u00e9couvrir la peinture et de savourer en toute d\u00e9contraction et sans pression ce moment de partage, de d\u00e9tente et de cr\u00e9ativit\u00e9 accessible \u00e0 tout le monde. \u00bb <\/strong>M\u00eame vous, messieurs, qui \u00eates en minorit\u00e9 num\u00e9rique dans tous les ateliers !<\/p>\n<p>    <img width=\"450\" height=\"600\" src=\"https:\/\/www.europesays.com\/fr\/wp-content\/uploads\/2025\/11\/18fb6395-2ddd-4c21-b0a5-1186fab666da-450x600.jpg\" class=\"attachment-image-size-M size-image-size-M\" alt=\"Creative Apero\" decoding=\"async\" loading=\"lazy\"  \/>         \u00a9 Creative Ap\u00e9ro \/ Document remis <\/p>\n<p class=\"p1\">Pour Andreea, le fait de constater qu<strong>\u2018\u00e0 l\u2019arriv\u00e9e tout le monde repart fier\/\u00e8re de son \u0153uvre<\/strong> la rend heureuse et lui donne un boost de confiance pour<strong> poursuivre ses projets, qui ne se limitent pas \u00e0 des mod\u00e8les pr\u00e9d\u00e9finis.<\/strong><\/p>\n<p>Peindre son animal de compagnie ou dans le noir ? C&rsquo;est possible<\/p>\n<p class=\"p1\">Andreea invite \u00e9galement \u00e0 <strong>exprimer toute sa cr\u00e9ativit\u00e9<\/strong> lors d\u2019ateliers plus sp\u00e9cifiques. Il y a par exemple le <strong>Neon Paint : peindre dans le noir, avec des lampes UV,<\/strong> un dessin de votre choix, pour un r\u00e9sultat tout simplement bluffant.<\/p>\n<p>                <img width=\"375\" height=\"500\" src=\"https:\/\/www.europesays.com\/fr\/wp-content\/uploads\/2025\/11\/ef3d0faf-d9a6-45ea-b228-cc053c8cdf23-375x500.jpg\" class=\"attachment-gallery size-gallery\" alt=\"Creative Apero\" data-full-url=\"https:\/\/pokaa.fr\/wp-content\/uploads\/2025\/10\/26\/ef3d0faf-d9a6-45ea-b228-cc053c8cdf23.jpg\" decoding=\"async\" loading=\"lazy\"  \/>            <\/p>\n<p>                <img width=\"375\" height=\"500\" src=\"https:\/\/www.europesays.com\/fr\/wp-content\/uploads\/2025\/11\/48846308-a8b0-4c3b-b95d-1890f4133188-375x500.jpg\" class=\"attachment-gallery size-gallery\" alt=\"Creative Apero\" data-full-url=\"https:\/\/pokaa.fr\/wp-content\/uploads\/2025\/10\/26\/48846308-a8b0-4c3b-b95d-1890f4133188.jpg\" decoding=\"async\" loading=\"lazy\"  \/>            <\/p>\n<p>                <img width=\"464\" height=\"500\" src=\"https:\/\/www.europesays.com\/fr\/wp-content\/uploads\/2025\/11\/4bb5fb80-bfff-4855-a680-fc81a8d06ddf-464x500.jpg\" class=\"attachment-gallery size-gallery\" alt=\"Creative Apero\" data-full-url=\"https:\/\/pokaa.fr\/wp-content\/uploads\/2025\/10\/26\/4bb5fb80-bfff-4855-a680-fc81a8d06ddf.jpg\" decoding=\"async\" loading=\"lazy\"  \/>            <\/p>\n<p>                    \u00a9 Creative Ap\u00e9ro \/ Documents remis<\/p>\n<p class=\"p1\">Dans un lieu calfeutr\u00e9 pour l\u2019occasion, la magie op\u00e8re dans une ambiance conviviale, musicale et fun. Vous pouvez notamment <strong>cr\u00e9er une \u0153uvre unique et \u00e9clatante en multipliant les couleurs fluorescentes, avec un objectif : <\/strong>faire briller votre oeuvre dans le noir.<\/p>\n<p class=\"p1\">Une exp\u00e9rience unique et in\u00e9dite \u00e0 vivre absolument !<\/p>\n<p>                <img width=\"375\" height=\"500\" src=\"https:\/\/www.europesays.com\/fr\/wp-content\/uploads\/2025\/11\/d4140271-02cf-4dd4-b90e-e9624673bf00-375x500.jpg\" class=\"attachment-gallery size-gallery\" alt=\"Creative Apero\" data-full-url=\"https:\/\/pokaa.fr\/wp-content\/uploads\/2025\/10\/26\/d4140271-02cf-4dd4-b90e-e9624673bf00.jpg\" decoding=\"async\" loading=\"lazy\"  \/>            <\/p>\n<p>                <img width=\"447\" height=\"500\" src=\"https:\/\/www.europesays.com\/fr\/wp-content\/uploads\/2025\/11\/e288973c-e0bb-4a5f-89f5-3521fda50a7f-447x500.jpg\" class=\"attachment-gallery size-gallery\" alt=\"Creative Apero\" data-full-url=\"https:\/\/pokaa.fr\/wp-content\/uploads\/2025\/10\/26\/e288973c-e0bb-4a5f-89f5-3521fda50a7f.jpg\" decoding=\"async\" loading=\"lazy\"  \/>            <\/p>\n<p>                <img width=\"375\" height=\"500\" src=\"https:\/\/www.europesays.com\/fr\/wp-content\/uploads\/2025\/11\/d1281534-8760-483a-ae20-273060600446-375x500.jpg\" class=\"attachment-gallery size-gallery\" alt=\"Creative Apero\" data-full-url=\"https:\/\/pokaa.fr\/wp-content\/uploads\/2025\/10\/26\/d1281534-8760-483a-ae20-273060600446.jpg\" decoding=\"async\" loading=\"lazy\"  \/>            <\/p>\n<p>                <img width=\"375\" height=\"500\" src=\"https:\/\/www.europesays.com\/fr\/wp-content\/uploads\/2025\/11\/d743dc13-3ca8-4ff5-8074-bc16f93630f4-375x500.jpg\" class=\"attachment-gallery size-gallery\" alt=\"Creative Apero\" data-full-url=\"https:\/\/pokaa.fr\/wp-content\/uploads\/2025\/10\/26\/d743dc13-3ca8-4ff5-8074-bc16f93630f4.jpg\" decoding=\"async\" loading=\"lazy\"  \/>            <\/p>\n<p>                    \u00a9 Creative Ap\u00e9ro \/ Documents remis<\/p>\n<p class=\"p2\">Pour un <strong>atelier plus cocooning et ouvert aux \u00e9motions<\/strong>, Andreea propose l\u2019atelier<strong> Paint your Pet,<\/strong> o\u00f9 on peut <strong>repr\u00e9senter son animal de compagnie ou pr\u00e9f\u00e9r\u00e9<\/strong> : l\u2019atelier le plus attendu qui a lieu tous les deux \u00e0 trois mois.<\/p>\n<p class=\"p2\">Et bonne nouvelle : l\u2019esquisse sur toile de l\u2019animal est <strong>pr\u00e9alablement dessin\u00e9e au crayon par Andreea gr\u00e2ce \u00e0 des photos envoy\u00e9es<\/strong> en amont. Elle accompagne aussi les participant(e)s sur la peinture du pelage, de l\u2019expression des yeux\u2026 <strong>Tous ces petits d\u00e9tails qui rendent le r\u00e9sultat plus r\u00e9aliste.<\/strong><\/p>\n<p>                <img width=\"375\" height=\"500\" src=\"https:\/\/www.europesays.com\/fr\/wp-content\/uploads\/2025\/11\/acbd80c0-0985-44ed-b696-f217b303bd2a-375x500.jpg\" class=\"attachment-gallery size-gallery\" alt=\"Creative Apero\" data-full-url=\"https:\/\/pokaa.fr\/wp-content\/uploads\/2025\/10\/26\/acbd80c0-0985-44ed-b696-f217b303bd2a.jpg\" decoding=\"async\" loading=\"lazy\"  \/>            <\/p>\n<p>                <img width=\"375\" height=\"500\" src=\"https:\/\/www.europesays.com\/fr\/wp-content\/uploads\/2025\/11\/3716dcc1-91e2-4fb4-8a42-751453244457-375x500.jpg\" class=\"attachment-gallery size-gallery\" alt=\"Creative Apero\" data-full-url=\"https:\/\/pokaa.fr\/wp-content\/uploads\/2025\/10\/26\/3716dcc1-91e2-4fb4-8a42-751453244457.jpg\" decoding=\"async\" loading=\"lazy\"  \/>            <\/p>\n<p>                    \u00a9 Creative Ap\u00e9ro \/ Documents remis<\/p>\n<p>                <img width=\"375\" height=\"500\" src=\"https:\/\/www.europesays.com\/fr\/wp-content\/uploads\/2025\/11\/c3bb060e-62ef-426d-9db7-f7908a9ad5bd-375x500.jpg\" class=\"attachment-gallery size-gallery\" alt=\"Creative Apero\" data-full-url=\"https:\/\/pokaa.fr\/wp-content\/uploads\/2025\/10\/26\/c3bb060e-62ef-426d-9db7-f7908a9ad5bd.jpg\" decoding=\"async\" loading=\"lazy\"  \/>            <\/p>\n<p>                <img width=\"375\" height=\"500\" src=\"https:\/\/www.europesays.com\/fr\/wp-content\/uploads\/2025\/11\/6dabf333-0371-475a-a22d-4be5d7eced7f-375x500.jpg\" class=\"attachment-gallery size-gallery\" alt=\"Creative Apero\" data-full-url=\"https:\/\/pokaa.fr\/wp-content\/uploads\/2025\/10\/26\/6dabf333-0371-475a-a22d-4be5d7eced7f.jpg\" decoding=\"async\" loading=\"lazy\"  \/>            <\/p>\n<p>                    \u00a9 Creative Ap\u00e9ro \/ Documents remis<\/p>\n<p>Un nouvel atelier&#8230; sur l&rsquo;eau ! <\/p>\n<p>D\u00e8s ce dimanche 9 novembre, il sera possible de <strong>sortir les pinceaux en voguant sur l\u2019Ill<\/strong> tout en profitant des merveilles de Strasbourg, <strong>gr\u00e2ce \u00e0 un partenariat avec Batorama<\/strong>. Vou\u00e9 \u00e0 devenir r\u00e9gulier, ce rendez-vous sera l\u2019occasion d\u2019allier peinture et d\u00e9couverte des recoins cach\u00e9s de la ville !<\/p>\n<p>                <img width=\"750\" height=\"500\" src=\"https:\/\/www.europesays.com\/fr\/wp-content\/uploads\/2025\/11\/dsc00596.jpg\" class=\"attachment-gallery size-gallery\" alt=\"batorama ill petite france alsace strasbourg tourisme\" data-full-url=\"https:\/\/www.europesays.com\/fr\/wp-content\/uploads\/2025\/11\/dsc00596.jpg\" decoding=\"async\" loading=\"lazy\"  \/>            <\/p>\n<p>                <img width=\"750\" height=\"500\" src=\"https:\/\/www.europesays.com\/fr\/wp-content\/uploads\/2025\/11\/france-strasbourg-ete-wr-82-sur-113-750x500.jpg\" class=\"attachment-gallery size-gallery\" alt=\"Batorama sur l\u2019Ile\" data-full-url=\"https:\/\/pokaa.fr\/wp-content\/uploads\/2025\/09\/02\/france-strasbourg-ete-wr-82-sur-113.jpg\" decoding=\"async\" loading=\"lazy\"  \/>            <\/p>\n<p>                    1. \u00a9 Hugo Favre &#8211; Napoli \/ Pokaa ; 2. \u00a9 Wilfried Rion \/ Pokaa<\/p>\n<p>Cette croisi\u00e8re-peinture de 2h est ouverte \u00e0 toutes et tous, petit(e)s et grand(e)s. \u00ab Il y aura aussi des pochoirs pour les enfants et pour les grands qui veulent tricher un peu. Et bien s\u00fbr, <strong>si quelqu\u2019un veut peindre autre chose, il pourra compl\u00e8tement faire \u00e0 sa guise<\/strong>\u00a0\u00bb, insiste Andreea.<\/p>\n<p>    <img width=\"480\" height=\"600\" src=\"https:\/\/www.europesays.com\/fr\/wp-content\/uploads\/2025\/11\/image00003-480x600.jpeg\" class=\"attachment-image-size-M size-image-size-M\" alt=\"Creative Apero\" decoding=\"async\" loading=\"lazy\"  \/>         La premi\u00e8re croisi\u00e8re-peinture aura lieu le dimanche 9 novembre sur 3 cr\u00e9neaux. \u00a9 Creative Ap\u00e9ro \/ Document remis <\/p>\n<p>Des activit\u00e9s en bande organis\u00e9e<\/p>\n<p class=\"p1\">En parall\u00e8le de ces ateliers, des<strong> groupes d\u00e9j\u00e0 constitu\u00e9s se retrouvent \u00e9galement autour de projets collaboratifs.<\/strong><\/p>\n<p>                <img width=\"375\" height=\"500\" src=\"https:\/\/www.europesays.com\/fr\/wp-content\/uploads\/2025\/11\/9285b4f7-6875-487c-8432-19ab80283448-375x500.jpg\" class=\"attachment-gallery size-gallery\" alt=\"Creative Apero\" data-full-url=\"https:\/\/pokaa.fr\/wp-content\/uploads\/2025\/10\/26\/9285b4f7-6875-487c-8432-19ab80283448.jpg\" decoding=\"async\" loading=\"lazy\"  \/>            <\/p>\n<p>                <img width=\"375\" height=\"500\" src=\"https:\/\/www.europesays.com\/fr\/wp-content\/uploads\/2025\/11\/a7da0cf0-2a67-4ba2-bf26-e78b05f10abf-375x500.jpg\" class=\"attachment-gallery size-gallery\" alt=\"Creative Apero\" data-full-url=\"https:\/\/pokaa.fr\/wp-content\/uploads\/2025\/10\/26\/a7da0cf0-2a67-4ba2-bf26-e78b05f10abf.jpg\" decoding=\"async\" loading=\"lazy\"  \/>            <\/p>\n<p>                <img width=\"375\" height=\"500\" src=\"https:\/\/www.europesays.com\/fr\/wp-content\/uploads\/2025\/11\/b425a2e2-ee27-4c77-9556-f46a798ac858-375x500.jpg\" class=\"attachment-gallery size-gallery\" alt=\"Creative Apero\" data-full-url=\"https:\/\/pokaa.fr\/wp-content\/uploads\/2025\/10\/26\/b425a2e2-ee27-4c77-9556-f46a798ac858.jpg\" decoding=\"async\" loading=\"lazy\"  \/>            <\/p>\n<p>                    \u00a9 Creative Ap\u00e9ro \/ Documents remis<\/p>\n<p class=\"p1\">Envie d\u2019un <strong>enterrement de vie de jeune fille avec souvenir \u00e0 la cl\u00e9<\/strong> ? Dans le cadre d\u2019EVJF, chaque membre de l\u2019\u00e9v\u00e9nement peut <strong>cr\u00e9er son \u0153uvre, sous la forme de puzzle<\/strong> o\u00f9 chaque tableau constitue une partie d\u2019un grand ensemble. Le tout \u00e0 remettre \u00e0 la future mari\u00e9e, qui gardera une <strong>trace \u00e0 vie de cette journ\u00e9e si particuli\u00e8re,<\/strong>\u00a0ou \u00e0 conserver en souvenir d\u2019un moment festif et hors du temps.<\/p>\n<p>Pour <strong>f\u00e9d\u00e9rer et renforcer l\u2019esprit d\u2019\u00e9quipe d\u2019une entreprise<\/strong>, un atelier d\u00e9di\u00e9 au<strong> team building<\/strong> est aussi propos\u00e9.<\/p>\n<p>                <img width=\"375\" height=\"500\" src=\"https:\/\/www.europesays.com\/fr\/wp-content\/uploads\/2025\/11\/image00003-2-375x500.jpeg\" class=\"attachment-gallery size-gallery\" alt=\"Creative Apero\" data-full-url=\"https:\/\/pokaa.fr\/wp-content\/uploads\/2025\/10\/26\/image00003-2-rotated.jpeg\" decoding=\"async\" loading=\"lazy\"  \/>            <\/p>\n<p>                <img width=\"375\" height=\"500\" src=\"https:\/\/www.europesays.com\/fr\/wp-content\/uploads\/2025\/11\/image00002-1-375x500.jpeg\" class=\"attachment-gallery size-gallery\" alt=\"Creative Apero\" data-full-url=\"https:\/\/pokaa.fr\/wp-content\/uploads\/2025\/10\/26\/image00002-1-rotated.jpeg\" decoding=\"async\" loading=\"lazy\"  \/>            <\/p>\n<p>                <img width=\"375\" height=\"500\" src=\"https:\/\/www.europesays.com\/fr\/wp-content\/uploads\/2025\/11\/image00001-1-375x500.jpeg\" class=\"attachment-gallery size-gallery\" alt=\"Creative Apero\" data-full-url=\"https:\/\/pokaa.fr\/wp-content\/uploads\/2025\/10\/26\/image00001-1-rotated.jpeg\" decoding=\"async\" loading=\"lazy\"  \/>            <\/p>\n<p>                    \u00a9 Creative Ap\u00e9ro \/ Documents remis<\/p>\n<p>Vous l\u2019avez compris, avec Andreea, nul besoin d\u2019\u00eatre un(e) sp\u00e9cialiste en dessin ou en peinture !<strong> Et pour voir les diff\u00e9rents ateliers \u00e0 venir, ainsi que les tarifs :\u00a0<\/strong><\/p>\n<p style=\"text-align: center;\"><a href=\"https:\/\/www.creativeapero.fr\/\" target=\"_blank\" rel=\"noopener\">Le site web de Creative Ap\u00e9ro<\/a><\/p>\n<p style=\"text-align: center;\"><a href=\"https:\/\/www.instagram.com\/creative.apero\/\" target=\"_blank\" rel=\"noopener\">La page Instagram<\/a><\/p>\n<p>                <img width=\"375\" height=\"500\" src=\"https:\/\/www.europesays.com\/fr\/wp-content\/uploads\/2025\/11\/4d16a3f6-364a-4588-8c67-2e8cfebe5aa7-375x500.jpg\" class=\"attachment-gallery size-gallery\" alt=\"Creative Apero\" data-full-url=\"https:\/\/pokaa.fr\/wp-content\/uploads\/2025\/10\/26\/4d16a3f6-364a-4588-8c67-2e8cfebe5aa7.jpg\" decoding=\"async\" loading=\"lazy\"  \/>            <\/p>\n<p>                <img width=\"375\" height=\"500\" src=\"https:\/\/www.europesays.com\/fr\/wp-content\/uploads\/2025\/11\/67c36b33-86e5-4227-9fbe-02922817eb60-375x500.jpg\" class=\"attachment-gallery size-gallery\" alt=\"Creative Apero\" data-full-url=\"https:\/\/pokaa.fr\/wp-content\/uploads\/2025\/10\/26\/67c36b33-86e5-4227-9fbe-02922817eb60.jpg\" decoding=\"async\" loading=\"lazy\"  \/>            <\/p>\n<p>                <img width=\"375\" height=\"500\" src=\"https:\/\/www.europesays.com\/fr\/wp-content\/uploads\/2025\/11\/7776b4d1-3faa-4ea1-b0ba-63e9a6438ddb-375x500.jpg\" class=\"attachment-gallery size-gallery\" alt=\"Creative Apero\" data-full-url=\"https:\/\/pokaa.fr\/wp-content\/uploads\/2025\/10\/26\/7776b4d1-3faa-4ea1-b0ba-63e9a6438ddb.jpg\" decoding=\"async\" loading=\"lazy\"  \/>            <\/p>\n<p>                <img width=\"375\" height=\"500\" src=\"https:\/\/www.europesays.com\/fr\/wp-content\/uploads\/2025\/11\/67372616-8a56-446f-83c4-25470beb056f-375x500.jpg\" class=\"attachment-gallery size-gallery\" alt=\"Creative Apero\" data-full-url=\"https:\/\/pokaa.fr\/wp-content\/uploads\/2025\/10\/26\/67372616-8a56-446f-83c4-25470beb056f.jpg\" decoding=\"async\" loading=\"lazy\"  \/>            <\/p>\n<p>                <img width=\"375\" height=\"500\" src=\"https:\/\/www.europesays.com\/fr\/wp-content\/uploads\/2025\/11\/a7f5aee6-27b6-428c-99b7-3d53e8682393-375x500.jpg\" class=\"attachment-gallery size-gallery\" alt=\"Creative Apero\" data-full-url=\"https:\/\/pokaa.fr\/wp-content\/uploads\/2025\/10\/26\/a7f5aee6-27b6-428c-99b7-3d53e8682393.jpg\" decoding=\"async\" loading=\"lazy\"  \/>            <\/p>\n<p>                <img width=\"319\" height=\"500\" src=\"https:\/\/www.europesays.com\/fr\/wp-content\/uploads\/2025\/11\/b617cf5d-c01d-4380-b6ba-79ebd311acc5-319x500.jpg\" class=\"attachment-gallery size-gallery\" alt=\"Creative Apero\" data-full-url=\"https:\/\/pokaa.fr\/wp-content\/uploads\/2025\/10\/26\/b617cf5d-c01d-4380-b6ba-79ebd311acc5.jpg\" decoding=\"async\" loading=\"lazy\"  \/>            <\/p>\n<p>                <img width=\"633\" height=\"500\" src=\"https:\/\/www.europesays.com\/fr\/wp-content\/uploads\/2025\/11\/f61dda6e-a171-4701-b3c1-159813517849-633x500.jpg\" class=\"attachment-gallery size-gallery\" alt=\"Creative Apero\" data-full-url=\"https:\/\/pokaa.fr\/wp-content\/uploads\/2025\/10\/26\/f61dda6e-a171-4701-b3c1-159813517849.jpg\" decoding=\"async\" loading=\"lazy\"  \/>            <\/p>\n<p>                    \u00a9 Creative Ap\u00e9ro \/ Documents remis<\/p>\n<p><script async src=\"\/\/www.instagram.com\/embed.js\"><\/script><\/p>\n","protected":false},"excerpt":{"rendered":"Pinceaux en main, ambiance d\u00e9contract\u00e9e et l\u00e2cher-prise : \u00e0 Strasbourg, les ateliers Creative Ap\u00e9ro invitent d\u00e9butant(e)s comme initi\u00e9(e)s&hellip;\n","protected":false},"author":2,"featured_media":510101,"comment_status":"","ping_status":"","sticky":false,"template":"","format":"standard","meta":{"footnotes":""},"categories":[2820],"tags":[1111,11,3734,4396,63156,1777,674,1011,27,775,12,1585,25,640],"class_list":{"0":"post-510100","1":"post","2":"type-post","3":"status-publish","4":"format-standard","5":"has-post-thumbnail","7":"category-strasbourg","8":"tag-actu","9":"tag-actualites","10":"tag-art","11":"tag-atelier","12":"tag-creative-apero","13":"tag-eu","14":"tag-europe","15":"tag-fr","16":"tag-france","17":"tag-grand-est","18":"tag-news","19":"tag-peinture","20":"tag-republique-francaise","21":"tag-strasbourg"},"share_on_mastodon":{"url":"https:\/\/pubeurope.com\/@fr\/115488931109492081","error":""},"_links":{"self":[{"href":"https:\/\/www.europesays.com\/fr\/wp-json\/wp\/v2\/posts\/510100","targetHints":{"allow":["GET"]}}],"collection":[{"href":"https:\/\/www.europesays.com\/fr\/wp-json\/wp\/v2\/posts"}],"about":[{"href":"https:\/\/www.europesays.com\/fr\/wp-json\/wp\/v2\/types\/post"}],"author":[{"embeddable":true,"href":"https:\/\/www.europesays.com\/fr\/wp-json\/wp\/v2\/users\/2"}],"replies":[{"embeddable":true,"href":"https:\/\/www.europesays.com\/fr\/wp-json\/wp\/v2\/comments?post=510100"}],"version-history":[{"count":0,"href":"https:\/\/www.europesays.com\/fr\/wp-json\/wp\/v2\/posts\/510100\/revisions"}],"wp:featuredmedia":[{"embeddable":true,"href":"https:\/\/www.europesays.com\/fr\/wp-json\/wp\/v2\/media\/510101"}],"wp:attachment":[{"href":"https:\/\/www.europesays.com\/fr\/wp-json\/wp\/v2\/media?parent=510100"}],"wp:term":[{"taxonomy":"category","embeddable":true,"href":"https:\/\/www.europesays.com\/fr\/wp-json\/wp\/v2\/categories?post=510100"},{"taxonomy":"post_tag","embeddable":true,"href":"https:\/\/www.europesays.com\/fr\/wp-json\/wp\/v2\/tags?post=510100"}],"curies":[{"name":"wp","href":"https:\/\/api.w.org\/{rel}","templated":true}]}}