{"id":510108,"date":"2025-11-04T01:56:27","date_gmt":"2025-11-04T01:56:27","guid":{"rendered":"https:\/\/www.europesays.com\/fr\/510108\/"},"modified":"2025-11-04T01:56:27","modified_gmt":"2025-11-04T01:56:27","slug":"reconquete-denonce-la-tenue-dune-exposition-proposee-par-sos-mediterranee-dans-une-mairie","status":"publish","type":"post","link":"https:\/\/www.europesays.com\/fr\/510108\/","title":{"rendered":"Reconqu\u00eate d\u00e9nonce la tenue d\u2019une exposition propos\u00e9e par SOS M\u00e9diterran\u00e9e dans une mairie"},"content":{"rendered":"<p>\n    Le repr\u00e9sentant d\u00e9partemental du parti d\u2019\u00c9ric Zemmour invite les \u00abFran\u00e7ais patriotes\u00bb \u00e0 assister au vernissage de cette exposition itin\u00e9rante attendue \u00e0 Sainte-Luce-sur-Loire. Le maire y voit une tentative d\u2019intimidation.<\/p>\n<p class=\"fig-paragraph\">Apr\u00e8s avoir voyag\u00e9 depuis janvier dans plusieurs communes de\u00a0<a href=\"http:\/\/www.lefigaro.fr\/nantes\/le-departement-de-loire-atlantique-envisage-de-reporter-des-subventions-aux-communes-20251009\" target=\"_blank\" data-fig-type=\"NewsFlash\" rel=\"noopener\" data-gtm-custom-categorie=\"navigation\" data-gtm-custom-action=\"crossclick\" data-gtm-custom-label=\"Contextuel\" data-gtm-event=\"customEventSPE\" data-fig-domain=\"LEFIGARO\">Loire-Atlantique<\/a>, l\u2019exposition itin\u00e9rante de\u00a0<a href=\"http:\/\/www.lefigaro.fr\/international\/les-ong-qui-sauvent-des-migrants-en-mer-sont-elles-de-meche-avec-les-passeurs-20221111\" target=\"_blank\" data-fig-type=\"Article\" rel=\"noopener\" data-gtm-custom-categorie=\"navigation\" data-gtm-custom-action=\"crossclick\" data-gtm-custom-label=\"Contextuel\" data-gtm-event=\"customEventSPE\" data-fig-domain=\"LEFIGARO\">SOS M\u00e9diterran\u00e9e<\/a>\u00a0intitul\u00e9e \u00catre(s) humain(s) termine sa tourn\u00e9e d\u00e9partementale. Le 5 novembre, elle posera ses valises \u00e0 la mairie de\u00a0<a href=\"http:\/\/www.lefigaro.fr\/nantes\/pres-de-nantes-huit-ans-apres-l-avoir-perdu-une-famille-retrouve-son-chat-en-parfaite-sante-20250808\" target=\"_blank\" data-fig-type=\"NewsFlash\" rel=\"noopener\" data-gtm-custom-categorie=\"navigation\" data-gtm-custom-action=\"crossclick\" data-gtm-custom-label=\"Contextuel\" data-gtm-event=\"customEventSPE\" data-fig-domain=\"LEFIGARO\">Sainte-Luce-sur-Loire<\/a>, aux portes de\u00a0<a href=\"http:\/\/www.lefigaro.fr\/nantes\/nantes-apres-une-transaction-de-drogue-les-policiers-decouvrent-deux-armes-a-feu-en-plein-centre-ville-20251103\" target=\"_blank\" data-fig-type=\"NewsFlash\" rel=\"noopener\" data-gtm-custom-categorie=\"navigation\" data-gtm-custom-action=\"crossclick\" data-gtm-custom-label=\"Contextuel\" data-gtm-event=\"customEventSPE\" data-fig-domain=\"LEFIGARO\">Nantes<\/a>, pour 25 jours. Port\u00e9e par des b\u00e9n\u00e9voles nantais, elle \u00abretrace 10 ann\u00e9es de sauvetage en mer \u00e0 travers les objectifs des photographes embarqu\u00e9s \u00e0 bord de\u00a0<a href=\"http:\/\/www.lefigaro.fr\/politique\/migrants-du-refus-de-l-aquarius-a-l-accueil-de-l-ocean-viking-comment-macron-a-change-de-doctrine-20221110\" target=\"_blank\" data-fig-type=\"Article\" rel=\"noopener\" data-gtm-custom-categorie=\"navigation\" data-gtm-custom-action=\"crossclick\" data-gtm-custom-label=\"Contextuel\" data-gtm-event=\"customEventSPE\" data-fig-domain=\"LEFIGARO\">l\u2019Aquarius<\/a> \u00a0puis de l\u2019Ocean Viking\u00bb, d\u00e9taille la municipalit\u00e9 dans un descriptif. \u00abIl est question de mettre des visages sur des parcours migratoires douloureux ainsi que sur la cha\u00eene de solidarit\u00e9<strong>\u00a0<\/strong>qui s\u2019est mise en place pour financer un navire civil de sauvetage dont le co\u00fbt journalier est de 24.000 euros en 2022\u00bb, pr\u00e9cise sur son site internet l\u2019ONG en question.<\/p>\n<p class=\"fig-paragraph\">Cette exposition n\u2019est pas du go\u00fbt de tous. Dans un communiqu\u00e9 de presse, le d\u00e9l\u00e9gu\u00e9 de Reconqu\u00eate 44, Laurent Chomard, d\u00e9nonce une \u00abinitiative en total d\u00e9calage avec les attentes d\u2019une grande partie de la population\u00bb. \u00abComment peut-on financer, avec l\u2019argent des contribuables, une vitrine de propagande id\u00e9ologique pour une association qui tient le r\u00f4le de passeur et de pourvoyeur d\u2019\u00eatre humains en jouant sur la fragilit\u00e9 et la mis\u00e8re humaine\u00a0? Depuis 2015, cet organisme, de par son existence m\u00eame, encourage des migrants \u00e0 risquer leur vie en traversant la mer M\u00e9diterran\u00e9e\u00bb, s\u2019interroge le repr\u00e9sentant local du parti d\u2019\u00c9ric Zemmour. En riposte, Reconqu\u00eate Loire-Atlantique lance \u00abl\u2019op\u00e9ration SOS France!\u00bb, et demande \u00ab\u00e0 tous les Fran\u00e7ais patriotes de s\u2019unir contre la tenue de cette exposition en faisant entendre leurs protestations aupr\u00e8s de la mairie et en r\u00e9pondant positivement \u00e0 l\u2019invitation au vernissage organis\u00e9 par M.Anthony Descloziers, maire socialiste de la ville\u00bb.<\/p>\n<p>                                    <a class=\"fig-a11y-skip a11y-hidden\" href=\"#fig-a11y-skip-main-inarticle\"><br \/>\n        Passer la publicit\u00e9<br \/>\n    <\/a><\/p>\n<p>Vernissage jeudi<\/p>\n<p class=\"fig-paragraph\">Contact\u00e9, l\u2019\u00e9dile de Sainte-Luce-sur-Loire y voit l\u00e0 \u00abune d\u00e9marche d\u2019intimidation\u00bb face \u00e0 un communiqu\u00e9 o\u00f9 \u00abil est appel\u00e9 \u00e0 ce que les gens viennent pour emp\u00eacher la tenue de ce vernissage\u00bb. \u00abIl s\u2019agit d\u2019une exposition qui se d\u00e9ploie depuis plusieurs mois dans le d\u00e9partement. Cr\u00e9er une pol\u00e9mique alors qu\u2019elle tourne depuis longtemps, c\u2019est chercher \u00e0 semer le d\u00e9sordre\u00bb, tance Anthony Descloziers, joint par t\u00e9l\u00e9phone.<\/p>\n<p class=\"fig-paragraph\">Pr\u00e9cisant que cette exposition est pr\u00eat\u00e9e gracieusement, il veut rappeler que \u00abl\u2019incitation \u00e0 la haine et \u00e0 la discrimination est un d\u00e9lit. Laisser quelqu\u2019un mourir en mer, ce n\u2019est pas un choix mais un crime reconnu par le droit international\u00bb. Il assure enfin qu\u2019il n\u2019acceptera \u00abaucun trouble \u00e0 l\u2019ordre public, aucune injure \u00e0 caract\u00e8re raciste, dans l\u2019enceinte de la mairie\u00bb et prendra, selon la tournure des \u00e9v\u00e9nements, des mesures pour \u00e9viter tout d\u00e9bordement.<\/p>\n<p class=\"fig-paragraph\">Joint par t\u00e9l\u00e9phone, le d\u00e9l\u00e9gu\u00e9 d\u00e9partemental de Reconqu\u00eate, qui a publi\u00e9 le communiqu\u00e9 apr\u00e8s la remont\u00e9e d\u2019un habitant et militant de Sainte-Luce agac\u00e9, assure ne pas organiser de manifestation en tant que telle. L\u2019id\u00e9e est \u00abjuste de protester, tant en interpellant la mairie par mail ou t\u00e9l\u00e9phone, que le jour m\u00eame en venant assister au vernissage\u00bb. Si l\u2019exposition est gratuite, Laurent Chomard fait remarquer que l\u2019organisation d\u2019un tel vernissage, suivi d\u2019un moment de convivialit\u00e9, repr\u00e9sente tout de m\u00eame \u00abde l\u2019argent public par rapport \u00e0 une association qui m\u00e8ne un combat id\u00e9ologique\u00bb.<\/p>\n<p class=\"fig-paragraph\">De son c\u00f4t\u00e9, Anthony Descloziers se dit \u00abfier\u00bb de l\u2019\u00e9v\u00e9nement programm\u00e9 jeudi. \u00abCe vernissage se tiendra. On est dans notre r\u00f4le\u00bb, termine le maire de Sainte-Luce-sur-Loire, dont la commune octroie une subvention annuelle de 500 euros pour les actions de sauvetage en mer. Il y a un an, \u00e0 Nice, l\u2019\u00e9lu\u00a0<a href=\"http:\/\/www.lefigaro.fr\/nice\/a-nice-l-avenir-incertain-de-l-identitaire-philippe-vardon-proche-de-marion-marechal-20241021\" target=\"_blank\" data-fig-type=\"NewsFlash\" rel=\"noopener\" data-gtm-custom-categorie=\"navigation\" data-gtm-custom-action=\"crossclick\" data-gtm-custom-label=\"Contextuel\" data-gtm-event=\"customEventSPE\" data-fig-domain=\"LEFIGARO\">Philippe Vardon<\/a>, ex-Reconqu\u00eate d\u00e9sormais inscrit dans le parti de Marion Mar\u00e9chal, avait aussi d\u00e9nonc\u00e9 une exposition de SOS M\u00e9diterran\u00e9e pr\u00e9vue dans une facult\u00e9.<\/p>\n","protected":false},"excerpt":{"rendered":"Le repr\u00e9sentant d\u00e9partemental du parti d\u2019\u00c9ric Zemmour invite les \u00abFran\u00e7ais patriotes\u00bb \u00e0 assister au vernissage de cette exposition&hellip;\n","protected":false},"author":2,"featured_media":510109,"comment_status":"","ping_status":"","sticky":false,"template":"","format":"standard","meta":{"footnotes":""},"categories":[2818],"tags":[1111,11,1777,674,1011,27,766,12,2636,10838,25,35664],"class_list":{"0":"post-510108","1":"post","2":"type-post","3":"status-publish","4":"format-standard","5":"has-post-thumbnail","7":"category-nantes","8":"tag-actu","9":"tag-actualites","10":"tag-eu","11":"tag-europe","12":"tag-fr","13":"tag-france","14":"tag-nantes","15":"tag-news","16":"tag-pays-de-la-loire","17":"tag-reconquete","18":"tag-republique-francaise","19":"tag-sos-mediterranee"},"share_on_mastodon":{"url":"https:\/\/pubeurope.com\/@fr\/115488947127949882","error":""},"_links":{"self":[{"href":"https:\/\/www.europesays.com\/fr\/wp-json\/wp\/v2\/posts\/510108","targetHints":{"allow":["GET"]}}],"collection":[{"href":"https:\/\/www.europesays.com\/fr\/wp-json\/wp\/v2\/posts"}],"about":[{"href":"https:\/\/www.europesays.com\/fr\/wp-json\/wp\/v2\/types\/post"}],"author":[{"embeddable":true,"href":"https:\/\/www.europesays.com\/fr\/wp-json\/wp\/v2\/users\/2"}],"replies":[{"embeddable":true,"href":"https:\/\/www.europesays.com\/fr\/wp-json\/wp\/v2\/comments?post=510108"}],"version-history":[{"count":0,"href":"https:\/\/www.europesays.com\/fr\/wp-json\/wp\/v2\/posts\/510108\/revisions"}],"wp:featuredmedia":[{"embeddable":true,"href":"https:\/\/www.europesays.com\/fr\/wp-json\/wp\/v2\/media\/510109"}],"wp:attachment":[{"href":"https:\/\/www.europesays.com\/fr\/wp-json\/wp\/v2\/media?parent=510108"}],"wp:term":[{"taxonomy":"category","embeddable":true,"href":"https:\/\/www.europesays.com\/fr\/wp-json\/wp\/v2\/categories?post=510108"},{"taxonomy":"post_tag","embeddable":true,"href":"https:\/\/www.europesays.com\/fr\/wp-json\/wp\/v2\/tags?post=510108"}],"curies":[{"name":"wp","href":"https:\/\/api.w.org\/{rel}","templated":true}]}}