{"id":510114,"date":"2025-11-04T01:59:14","date_gmt":"2025-11-04T01:59:14","guid":{"rendered":"https:\/\/www.europesays.com\/fr\/510114\/"},"modified":"2025-11-04T01:59:14","modified_gmt":"2025-11-04T01:59:14","slug":"des-nouveautes-a-laeroport-toulouse-blagnac","status":"publish","type":"post","link":"https:\/\/www.europesays.com\/fr\/510114\/","title":{"rendered":"Des nouveaut\u00e9s \u00e0 l&rsquo;A\u00e9roport Toulouse-Blagnac"},"content":{"rendered":"<p>La compagnie a\u00e9rienne \u00e0 bas prix britannique easyJet, qui se revendique comme la \u00ab\u00a0deuxi\u00e8me compagnie a\u00e9rienne court et moyen-courrier en France, et premi\u00e8re dans les r\u00e9gions fran\u00e7aises\u00a0\u00bb, a repris, fin octobre, sa liaison entre Toulouse et Londres-Gatwick avec deux vols par semaine, les lundis et vendredis, et pourra atteindre jusqu\u2019\u00e0 six vols hebdomadaires pendant la p\u00e9riode des f\u00eates (entre le 8\u00a0d\u00e9cembre et le 4\u00a0janvier).<\/p>\n<p>Fin octobre a aussi \u00e9t\u00e9 marqu\u00e9 par le lancement de la nouvelle ligne directe entre Toulouse et Prague, op\u00e9r\u00e9e par la compagnie a\u00e9rienne tch\u00e8que Smartwings, nouvellement install\u00e9e sur la plateforme de l\u2019a\u00e9roport Toulouse-Blagnac. Smartwings rejoint ainsi les 25 compagnies a\u00e9riennes d\u00e9j\u00e0 pr\u00e9sentes \u00e0 l\u2019a\u00e9roport Toulouse-Blagnac et vient \u00e9toffer l\u2019offre vers l\u2019Europe centrale. Les vols sont assur\u00e9s deux fois par semaine, les mercredis et samedis, en Airbus A220 de 149 si\u00e8ges.<\/p>\n","protected":false},"excerpt":{"rendered":"La compagnie a\u00e9rienne \u00e0 bas prix britannique easyJet, qui se revendique comme la \u00ab\u00a0deuxi\u00e8me compagnie a\u00e9rienne court et&hellip;\n","protected":false},"author":2,"featured_media":373637,"comment_status":"","ping_status":"","sticky":false,"template":"","format":"standard","meta":{"footnotes":""},"categories":[2816],"tags":[1111,11,296,53912,661,1777,674,1011,27,52306,12,2680,25,2312,602],"class_list":{"0":"post-510114","1":"post","2":"type-post","3":"status-publish","4":"format-standard","5":"has-post-thumbnail","7":"category-toulouse","8":"tag-actu","9":"tag-actualites","10":"tag-aeronautique","11":"tag-aeroport-de-toulouse-blagnac","12":"tag-easyjet","13":"tag-eu","14":"tag-europe","15":"tag-fr","16":"tag-france","17":"tag-loisirs-et-attractions","18":"tag-news","19":"tag-occitanie","20":"tag-republique-francaise","21":"tag-toulouse","22":"tag-tourisme"},"share_on_mastodon":{"url":"https:\/\/pubeurope.com\/@fr\/115488959255854797","error":""},"_links":{"self":[{"href":"https:\/\/www.europesays.com\/fr\/wp-json\/wp\/v2\/posts\/510114","targetHints":{"allow":["GET"]}}],"collection":[{"href":"https:\/\/www.europesays.com\/fr\/wp-json\/wp\/v2\/posts"}],"about":[{"href":"https:\/\/www.europesays.com\/fr\/wp-json\/wp\/v2\/types\/post"}],"author":[{"embeddable":true,"href":"https:\/\/www.europesays.com\/fr\/wp-json\/wp\/v2\/users\/2"}],"replies":[{"embeddable":true,"href":"https:\/\/www.europesays.com\/fr\/wp-json\/wp\/v2\/comments?post=510114"}],"version-history":[{"count":0,"href":"https:\/\/www.europesays.com\/fr\/wp-json\/wp\/v2\/posts\/510114\/revisions"}],"wp:featuredmedia":[{"embeddable":true,"href":"https:\/\/www.europesays.com\/fr\/wp-json\/wp\/v2\/media\/373637"}],"wp:attachment":[{"href":"https:\/\/www.europesays.com\/fr\/wp-json\/wp\/v2\/media?parent=510114"}],"wp:term":[{"taxonomy":"category","embeddable":true,"href":"https:\/\/www.europesays.com\/fr\/wp-json\/wp\/v2\/categories?post=510114"},{"taxonomy":"post_tag","embeddable":true,"href":"https:\/\/www.europesays.com\/fr\/wp-json\/wp\/v2\/tags?post=510114"}],"curies":[{"name":"wp","href":"https:\/\/api.w.org\/{rel}","templated":true}]}}