{"id":510121,"date":"2025-11-04T02:05:38","date_gmt":"2025-11-04T02:05:38","guid":{"rendered":"https:\/\/www.europesays.com\/fr\/510121\/"},"modified":"2025-11-04T02:05:38","modified_gmt":"2025-11-04T02:05:38","slug":"le-choregraphe-gerard-michael-bohbot-et-lavocate-sandra-blanchard-avec-martine-vassal","status":"publish","type":"post","link":"https:\/\/www.europesays.com\/fr\/510121\/","title":{"rendered":"le chor\u00e9graphe G\u00e9rard-Micha\u00ebl Bohbot et l&rsquo;avocate Sandra Blanchard avec Martine Vassal"},"content":{"rendered":"<p>Il n\u2019y a pas que la s\u00e9curit\u00e9 qui compte dans la campagne de <a href=\"https:\/\/www.laprovence.com\/article\/elections\/1049804801786915\/municipales-2026-a-marseille-martine-vassal-sera-candidate-a-la-presidence-de-la-metropole-notre-interview-exclusive\" target=\"_blank\" rel=\"noopener\">Martine Vassal<\/a>. Il y a la culture, aussi. Nouvelle s\u00e9quence ce lundi 3\u00a0novembre pour la candidate (DVD) \u00e0 la t\u00eate d\u2019une liste de la droite et du centre unis. Pour le symbole et le tacle \u00e0 <a href=\"https:\/\/www.laprovence.com\/article\/region\/4367498644276714\/avec-benoit-payan-le-printemps-marseillais-repart-au-combat\" target=\"_blank\" rel=\"noopener\">Beno\u00eet Payan<\/a>, rendez-vous est donn\u00e9 \u00e0 la presse devant le th\u00e9\u00e2tre du Gymnase, ferm\u00e9 depuis\u00a02020 et dont les travaux de restauration n\u2019ont toujours pas commenc\u00e9\u00a0&#8211; le chantier estim\u00e9 \u00e0 18 millions d\u2019euros par la Ville devrait commencer le 10 novembre.<\/p>\n<p>Au programme, la pr\u00e9sentation de deux \u00ab\u00a0nouveaux visages\u00a0\u00bb, au diapason du \u00ab\u00a0c\u2019\u00e9tait mieux avant\u00a0\u00bb. Les deux sans-abris qui dorment devant la porte donnent la derni\u00e8re touche au tableau du \u00ab\u00a0d\u00e9clin\u00a0\u00bb peint par la candidate depuis le d\u00e9but de la campagne.<\/p>\n<p>\u00ab\u00a0Projet d\u2019unit\u00e9 qui ne communautarise pas\u00a0\u00bb<\/p>\n<p>On commence avec G\u00e9rard-Micha\u00ebl Bohbot, 59\u00a0ans, ancien danseur <a href=\"https:\/\/www.laprovence.com\/article\/region\/2347872441492415\/ballet-national-de-marseille-la-folle-histoire-de-cette-ecole-de-danse-nichee-dans-le-quartier-de-saint-giniez\" target=\"_blank\" rel=\"noopener\">du ballet de Marseille<\/a>, sous la direction de Roland Petit du temps de la fr\u00e9quentation \u00ab\u00a0des plus grands\u00a0\u00bb &#8211; \u00ab\u00a0Baryshnikov, Noureev\u00a0\u00bb &#8211; devenu chor\u00e9graphe et producteur. \u00ab\u00a0\u00c0 cette \u00e9poque, le ballet \u00e9tait le rayonnement de Marseille, au Metropolitan \u00e0 New York, \u00e0 Washington, au Bolchoi \u00e0 Moscou. Mais \u00e7a, c\u2019\u00e9tait avant.\u00a0\u00bb Si l\u2019artiste, aussi entrepreneur -&#8230;<\/p>\n","protected":false},"excerpt":{"rendered":"Il n\u2019y a pas que la s\u00e9curit\u00e9 qui compte dans la campagne de Martine Vassal. Il y a&hellip;\n","protected":false},"author":2,"featured_media":510122,"comment_status":"","ping_status":"","sticky":false,"template":"","format":"standard","meta":{"footnotes":""},"categories":[2814],"tags":[17,5734,1111,11,63158,5783,1777,674,1011,27,63157,14932,884,3554,12,882,16,25],"class_list":{"0":"post-510121","1":"post","2":"type-post","3":"status-publish","4":"format-standard","5":"has-post-thumbnail","7":"category-marseille","8":"tag-17","9":"tag-5734","10":"tag-actu","11":"tag-actualites","12":"tag-bohbot","13":"tag-choregraphe","14":"tag-eu","15":"tag-europe","16":"tag-fr","17":"tag-france","18":"tag-gerard-michael","19":"tag-lavocate","20":"tag-marseille","21":"tag-municipales","22":"tag-news","23":"tag-provence-alpes-cote-dazur","24":"tag-region","25":"tag-republique-francaise"},"share_on_mastodon":{"url":"https:\/\/pubeurope.com\/@fr\/115488982565046541","error":""},"_links":{"self":[{"href":"https:\/\/www.europesays.com\/fr\/wp-json\/wp\/v2\/posts\/510121","targetHints":{"allow":["GET"]}}],"collection":[{"href":"https:\/\/www.europesays.com\/fr\/wp-json\/wp\/v2\/posts"}],"about":[{"href":"https:\/\/www.europesays.com\/fr\/wp-json\/wp\/v2\/types\/post"}],"author":[{"embeddable":true,"href":"https:\/\/www.europesays.com\/fr\/wp-json\/wp\/v2\/users\/2"}],"replies":[{"embeddable":true,"href":"https:\/\/www.europesays.com\/fr\/wp-json\/wp\/v2\/comments?post=510121"}],"version-history":[{"count":0,"href":"https:\/\/www.europesays.com\/fr\/wp-json\/wp\/v2\/posts\/510121\/revisions"}],"wp:featuredmedia":[{"embeddable":true,"href":"https:\/\/www.europesays.com\/fr\/wp-json\/wp\/v2\/media\/510122"}],"wp:attachment":[{"href":"https:\/\/www.europesays.com\/fr\/wp-json\/wp\/v2\/media?parent=510121"}],"wp:term":[{"taxonomy":"category","embeddable":true,"href":"https:\/\/www.europesays.com\/fr\/wp-json\/wp\/v2\/categories?post=510121"},{"taxonomy":"post_tag","embeddable":true,"href":"https:\/\/www.europesays.com\/fr\/wp-json\/wp\/v2\/tags?post=510121"}],"curies":[{"name":"wp","href":"https:\/\/api.w.org\/{rel}","templated":true}]}}