{"id":510123,"date":"2025-11-04T02:06:16","date_gmt":"2025-11-04T02:06:16","guid":{"rendered":"https:\/\/www.europesays.com\/fr\/510123\/"},"modified":"2025-11-04T02:06:16","modified_gmt":"2025-11-04T02:06:16","slug":"lyon-ancienne-star-de-la-star-academy-marguerite-sera-en-dedicaces-a-la-fnac","status":"publish","type":"post","link":"https:\/\/www.europesays.com\/fr\/510123\/","title":{"rendered":"Lyon : ancienne star de la Star Academy, Marguerite sera en d\u00e9dicaces \u00e0 la Fnac"},"content":{"rendered":"<p>Apr\u00e8s la sortie de son EP \u00ab\u00a0Grandir\u00a0\u00bb le 26 septembre 2025, la chanteuse Marguerite donnera une s\u00e9ance de d\u00e9dicaces \u00e0 la Fnac Lyon Bellecour le samedi 15 novembre 2025.<\/p>\n<p>Avis aux fans de <b>Marguerite<\/b> ! La chanteuse, ancienne \u00e9l\u00e8ve de la Star Academy, sera en d\u00e9dicaces \u00e0 Lyon <b>samedi 15 novembre<\/b> (\u00e0 16h).<\/p>\n<p>Marguerite est l&rsquo;une des artistes \u00e9mergentes de la sc\u00e8ne musicale fran\u00e7aise. Apr\u00e8s sa chanson<b> \u00ab\u00a0Les filles, les meufs\u00a0\u00bb<\/b>, elle a sorti <b>son EP \u00ab\u00a0Grandir\u00a0\u00bb<\/b>. Un premier projet de six musiques qu&rsquo;elle fera d&rsquo;ailleurs d\u00e9dicac\u00e9 pour l&rsquo;occasion.<\/p>\n<p>Une s\u00e9ance de d\u00e9dicaces sur inscription<\/p>\n<p>Pour avoir la chance de rencontrer l&rsquo;artiste de 25 ans, il faudra s&rsquo;inscrire sur le site de la Fnac. Un rendez-vous gratuit donc, mais il faudra \u00eatre rapide. Les inscriptions ouvriront tr\u00e8s prochainement <a class=\"url\" href=\"https:\/\/leclaireur.fnac.com\/evenement\/cp69006-marguerite-en-seance-de-dedicaces-a-la-fnac-lyon-bellecour-sur-inscription\/\" target=\"_blank\" rel=\"noopener\">ici<\/a>.<img loading=\"lazy\" decoding=\"async\" src=\"https:\/\/www.europesays.com\/fr\/wp-content\/uploads\/2025\/11\/1762221976_302_img\" width=\"350\" height=\"200\" border=\"0\" title=\"Pedro Winter et Bertrand Lagros avec St\u00c3\u00a9phanie Loire pour Radio SCOOP\"\/><\/p>\n<p>\u25baMusique<\/p>\n<p style=\"font-size: 22px;\"><b>INTERVIEW &#8211; Pedro Winter, manager historique des Daft Punk, r\u00e9pond \u00e0 Radio SCOOP<\/b><\/p>\n<p>Ce jeudi 30 octobre, le compositeur et producteur&#8230;<\/p>\n<p><\/p>\n","protected":false},"excerpt":{"rendered":"Apr\u00e8s la sortie de son EP \u00ab\u00a0Grandir\u00a0\u00bb le 26 septembre 2025, la chanteuse Marguerite donnera une s\u00e9ance de&hellip;\n","protected":false},"author":2,"featured_media":510124,"comment_status":"","ping_status":"","sticky":false,"template":"","format":"standard","meta":{"footnotes":""},"categories":[1889],"tags":[1111,11,2430,5272,28772,1777,674,13553,1011,27,28987,63159,63160,2428,12184,12,25,5095],"class_list":{"0":"post-510123","1":"post","2":"type-post","3":"status-publish","4":"format-standard","5":"has-post-thumbnail","7":"category-lyon","8":"tag-actu","9":"tag-actualites","10":"tag-auvergne-rhone-alpes","11":"tag-bellecour","12":"tag-ddicaces","13":"tag-eu","14":"tag-europe","15":"tag-fnac","16":"tag-fr","17":"tag-france","18":"tag-grandir","19":"tag-les-filles","20":"tag-les-meufs","21":"tag-lyon","22":"tag-marguerite","23":"tag-news","24":"tag-republique-francaise","25":"tag-star-academy"},"share_on_mastodon":{"url":"https:\/\/pubeurope.com\/@fr\/115488987078797957","error":""},"_links":{"self":[{"href":"https:\/\/www.europesays.com\/fr\/wp-json\/wp\/v2\/posts\/510123","targetHints":{"allow":["GET"]}}],"collection":[{"href":"https:\/\/www.europesays.com\/fr\/wp-json\/wp\/v2\/posts"}],"about":[{"href":"https:\/\/www.europesays.com\/fr\/wp-json\/wp\/v2\/types\/post"}],"author":[{"embeddable":true,"href":"https:\/\/www.europesays.com\/fr\/wp-json\/wp\/v2\/users\/2"}],"replies":[{"embeddable":true,"href":"https:\/\/www.europesays.com\/fr\/wp-json\/wp\/v2\/comments?post=510123"}],"version-history":[{"count":0,"href":"https:\/\/www.europesays.com\/fr\/wp-json\/wp\/v2\/posts\/510123\/revisions"}],"wp:featuredmedia":[{"embeddable":true,"href":"https:\/\/www.europesays.com\/fr\/wp-json\/wp\/v2\/media\/510124"}],"wp:attachment":[{"href":"https:\/\/www.europesays.com\/fr\/wp-json\/wp\/v2\/media?parent=510123"}],"wp:term":[{"taxonomy":"category","embeddable":true,"href":"https:\/\/www.europesays.com\/fr\/wp-json\/wp\/v2\/categories?post=510123"},{"taxonomy":"post_tag","embeddable":true,"href":"https:\/\/www.europesays.com\/fr\/wp-json\/wp\/v2\/tags?post=510123"}],"curies":[{"name":"wp","href":"https:\/\/api.w.org\/{rel}","templated":true}]}}