{"id":510140,"date":"2025-11-04T02:19:16","date_gmt":"2025-11-04T02:19:16","guid":{"rendered":"https:\/\/www.europesays.com\/fr\/510140\/"},"modified":"2025-11-04T02:19:16","modified_gmt":"2025-11-04T02:19:16","slug":"le-sommet-des-ameriques-reporte-a-2026-en-raison-des-tensions-regionales-dues-notamment-au-deploiement-militaire-des-etats-unis","status":"publish","type":"post","link":"https:\/\/www.europesays.com\/fr\/510140\/","title":{"rendered":"Le sommet des Am\u00e9riques report\u00e9 \u00e0 2026 en raison des tensions r\u00e9gionales, dues notamment au d\u00e9ploiement militaire des \u00c9tats-Unis"},"content":{"rendered":"<p>Le sommet des Am\u00e9riques, qui devait se tenir en R\u00e9publique dominicaine du 1er\u00a0au 6\u00a0d\u00e9cembre, a \u00e9t\u00e9 report\u00e9 \u00e0 2026 en raison des tensions r\u00e9gionales provoqu\u00e9es notamment par le d\u00e9ploiement militaire am\u00e9ricain dans les Cara\u00efbes, a annonc\u00e9 Saint-Domingue lundi soir avec l\u2019aval de Washington.<\/p>\n<p>\u00ab\u00a0Apr\u00e8s une analyse minutieuse de la situation dans la r\u00e9gion, le gouvernement dominicain a d\u00e9cid\u00e9 de reporter \u00e0 l\u2019ann\u00e9e prochaine la tenue du Dixi\u00e8me Sommet des Am\u00e9riques\u00a0\u00bb, indiqu\u00e9 un communiqu\u00e9 \u00e9voquant \u00ab\u00a0les profondes divergences qui compliquent actuellement un dialogue productif dans les Am\u00e9riques\u00a0\u00bb.<\/p>\n<p>\u00ab\u00a0\u00c0 cette situation s\u2019ajoute l\u2019impact caus\u00e9 par les r\u00e9cents \u00e9v\u00e9nements climatiques qui ont gravement affect\u00e9 plusieurs pays des Cara\u00efbes\u00a0\u00bb, indique le texte, <a href=\"https:\/\/www.ledevoir.com\/monde\/ameriques\/929397\/apres-passage-melissa-jamaicains-font-face-destructions\" target=\"_blank\" rel=\"nofollow noopener\">apr\u00e8s le passage d\u00e9vastateur de l\u2019ouragan <\/a><a href=\"https:\/\/www.ledevoir.com\/monde\/ameriques\/929397\/apres-passage-melissa-jamaicains-font-face-destructions\" target=\"_blank\" rel=\"nofollow noopener\">Melissa<\/a>.<\/p>\n<p>Aucune date pr\u00e9cise n\u2019a pour l\u2019heure \u00e9t\u00e9 annonc\u00e9e pour ce sommet.<\/p>\n<p>Le chef de la diplomatie am\u00e9ricaine, Marco Rubio, a apport\u00e9 son \u00ab\u00a0soutien\u00a0\u00bb au report du sommet, assurant que les \u00c9tats-Unis continueraient \u00ab\u00a0\u00e0 collaborer avec la R\u00e9publique dominicaine et d\u2019autres pays de la r\u00e9gion pour organiser un \u00e9v\u00e9nement productif en 2026, ax\u00e9 sur le renforcement des partenariats et l\u2019am\u00e9lioration de la s\u00e9curit\u00e9 de nos citoyens\u00a0\u00bb.<\/p>\n<p>\u00ab\u00a0Cette mesure [report] a \u00e9t\u00e9 convenue avec nos partenaires les plus proches, y compris les \u00c9tats-Unis, initiateurs originaux de ce forum, ainsi que d\u2019autres pays cl\u00e9s. De m\u00eame, nous avons consult\u00e9 les repr\u00e9sentants des principales institutions internationales [\u2026] l\u2019Organisation des \u00c9tats am\u00e9ricains (OEA) et la Banque interam\u00e9ricaine de d\u00e9veloppement (BID)\u00a0\u00bb, a pr\u00e9cis\u00e9 le gouvernement dominicain.<\/p>\n<p>Les \u00c9tats-Unis proc\u00e8dent depuis d\u00e9but septembre \u00e0 des frappes a\u00e9riennes dans le Pacifique et surtout dans les Cara\u00efbes contre des bateaux qu\u2019ils pr\u00e9sentent comme appartenant \u00e0 des narcotrafiquants. Au total, le gouvernement am\u00e9ricain a revendiqu\u00e9 15 attaques ces derni\u00e8res semaines, faisant au moins 65 morts.<\/p>\n<p>Mexique et Colombie avaient d\u00e9j\u00e0 renonc\u00e9<\/p>\n<p>Washington a d\u00e9ploy\u00e9 huit navires de guerre dans les Cara\u00efbes et des avions de chasse F-35 \u00e0 Porto Rico. Un porte-avions am\u00e9ricain, le plus gros au monde, est \u00e9galement en route pour la zone.<\/p>\n<p>Ce d\u00e9ploiement militaire am\u00e9ricain dans les Cara\u00efbes a cr\u00e9\u00e9 des tensions non seulement avec le Venezuela, le principal pays vis\u00e9 par les op\u00e9rations, mais aussi avec la Colombie de Gustavo Petro et m\u00eame le Br\u00e9sil.<\/p>\n<p>M.\u00a0Maduro, que les \u00c9tats-Unis consid\u00e8rent comme ill\u00e9gitime et qui est inculp\u00e9 aux \u00c9tats-Unis pour narcotrafic, accuse Washington de prendre pr\u00e9texte du trafic de drogue \u00ab\u00a0pour imposer un changement de r\u00e9gime\u00a0\u00bb \u00e0 Caracas et s\u2019emparer du p\u00e9trole v\u00e9n\u00e9zu\u00e9lien.<\/p>\n<p><a href=\"https:\/\/www.ledevoir.com\/monde\/ameriques\/930066\/pres-guerre-entre-venezuela-etats-unis\" target=\"_blank\" rel=\"nofollow noopener\">Une intervention des \u00c9tats-Unis au Venezuela<\/a> \u00ab\u00a0peut enflammer l\u2019Am\u00e9rique du Sud\u00a0\u00bb et ne sera pas accept\u00e9e par le Br\u00e9sil, a averti pour sa part, dans un entretien \u00e0 l\u2019Agence France-Presse, le conseiller sp\u00e9cial du pr\u00e9sident Lula pour les Affaires \u00e9trang\u00e8res, Celso Amorim.<\/p>\n<p>Le pr\u00e9sident am\u00e9ricain, <a href=\"https:\/\/www.ledevoir.com\/donald-trump\" rel=\"nofollow noopener\" target=\"_blank\">Donald Trump<\/a>, <a href=\"https:\/\/www.ledevoir.com\/monde\/ameriques\/925488\/ameriques-trump-confirme-cia-mene-operations-secretes-venezuela\" target=\"_blank\" rel=\"nofollow noopener\">qui a reconnu avoir autoris\u00e9 des op\u00e9rations clandestines de la CIA sur le territoire v\u00e9n\u00e9zu\u00e9lien<\/a>, avait r\u00e9cemment \u00e9voqu\u00e9 de possibles frappes terrestres visant des cibles \u00ab\u00a0narcoterroristes\u00a0\u00bb. Dimanche, il a estim\u00e9 que les jours du pr\u00e9sident v\u00e9n\u00e9zu\u00e9lien, Nicolas Maduro, \u00e9taient compt\u00e9s tout en d\u00e9clarant\u00a0: \u00ab\u00a0J\u2019en doute, je ne pense pas\u00a0\u00bb, \u00e0 propos d\u2019une guerre avec le Venezuela.<\/p>\n<p>Par ailleurs, Saint-Domingue avait d\u00e9j\u00e0 indiqu\u00e9 que Cuba, le Nicaragua et le Venezuela n\u2019\u00e9taient pas invit\u00e9s au sommet qui devait se tenir dans la station baln\u00e9aire de Punta Cana.<\/p>\n<p>D\u00e9sapprouvant cette d\u00e9cision, le Mexique et la Colombie avaient annonc\u00e9 mi-octobre qu\u2019ils n\u2019y participeraient pas.<\/p>\n","protected":false},"excerpt":{"rendered":"Le sommet des Am\u00e9riques, qui devait se tenir en R\u00e9publique dominicaine du 1er\u00a0au 6\u00a0d\u00e9cembre, a \u00e9t\u00e9 report\u00e9 \u00e0&hellip;\n","protected":false},"author":2,"featured_media":510141,"comment_status":"","ping_status":"","sticky":false,"template":"","format":"standard","meta":{"footnotes":""},"categories":[1589],"tags":[11,73,1866,12,1864,1865,1863,308],"class_list":{"0":"post-510140","1":"post","2":"type-post","3":"status-publish","4":"format-standard","5":"has-post-thumbnail","7":"category-etats-unis","8":"tag-actualites","9":"tag-etats-unis","10":"tag-etats-unis-damerique","11":"tag-news","12":"tag-united-states","13":"tag-united-states-of-america","14":"tag-us","15":"tag-usa"},"share_on_mastodon":{"url":"https:\/\/pubeurope.com\/@fr\/115489037629428349","error":""},"_links":{"self":[{"href":"https:\/\/www.europesays.com\/fr\/wp-json\/wp\/v2\/posts\/510140","targetHints":{"allow":["GET"]}}],"collection":[{"href":"https:\/\/www.europesays.com\/fr\/wp-json\/wp\/v2\/posts"}],"about":[{"href":"https:\/\/www.europesays.com\/fr\/wp-json\/wp\/v2\/types\/post"}],"author":[{"embeddable":true,"href":"https:\/\/www.europesays.com\/fr\/wp-json\/wp\/v2\/users\/2"}],"replies":[{"embeddable":true,"href":"https:\/\/www.europesays.com\/fr\/wp-json\/wp\/v2\/comments?post=510140"}],"version-history":[{"count":0,"href":"https:\/\/www.europesays.com\/fr\/wp-json\/wp\/v2\/posts\/510140\/revisions"}],"wp:featuredmedia":[{"embeddable":true,"href":"https:\/\/www.europesays.com\/fr\/wp-json\/wp\/v2\/media\/510141"}],"wp:attachment":[{"href":"https:\/\/www.europesays.com\/fr\/wp-json\/wp\/v2\/media?parent=510140"}],"wp:term":[{"taxonomy":"category","embeddable":true,"href":"https:\/\/www.europesays.com\/fr\/wp-json\/wp\/v2\/categories?post=510140"},{"taxonomy":"post_tag","embeddable":true,"href":"https:\/\/www.europesays.com\/fr\/wp-json\/wp\/v2\/tags?post=510140"}],"curies":[{"name":"wp","href":"https:\/\/api.w.org\/{rel}","templated":true}]}}