{"id":510142,"date":"2025-11-04T02:20:21","date_gmt":"2025-11-04T02:20:21","guid":{"rendered":"https:\/\/www.europesays.com\/fr\/510142\/"},"modified":"2025-11-04T02:20:21","modified_gmt":"2025-11-04T02:20:21","slug":"va-te-faire-f-huees-et-insultes-contre-le-suspect-de-lattaque-au-couteau-dans-un-train-anglais-a-sa-sortie-du-tribunal","status":"publish","type":"post","link":"https:\/\/www.europesays.com\/fr\/510142\/","title":{"rendered":"\u00ab\u00a0Va te faire f\u2026\u00a0\u00bb\u00a0: hu\u00e9es et insultes contre le suspect de l\u2019attaque au couteau dans un train anglais \u00e0 sa sortie du tribunal"},"content":{"rendered":"<p class=\"paragraph text_align_left lp-f-body-02\">Sept minutes. L\u2019audience de fixation devant le tribunal de Peterborough, ville sans charme \u00e0 une heure au nord de Londres, a presque dur\u00e9 autant de temps que l\u2019assaut au couteau donn\u00e9 dans <a href=\"https:\/\/www.leparisien.fr\/international\/royaume-uni\/un-seul-suspect-de-32-ans-pas-de-motif-terroriste-les-derniers-elements-de-lenquete-apres-lattaque-dans-un-train-en-angleterre-02-11-2025-VHR32QSI7FEFTP5YG2EY76VGPU.php\" target=\"_self\" rel=\"nofollow noopener\">le train Doncaster-Londres<\/a> par le suspect vers qui tous les regards du Royaume-Uni se tournent depuis samedi soir.<\/p>\n<p class=\"paragraph text_align_left lp-f-body-02\">Anthony Williams, 32 ans, a \u00e9t\u00e9 maintenu en d\u00e9tention ce lundi par la justice en attendant son jugement devant le tribunal de Cambridge, le 1er d\u00e9cembre prochain. Il devra r\u00e9pondre du chef d\u2019inculpation de tentatives de meurtre \u00e0 l\u2019arme blanche contre dix personnes apr\u00e8s son \u00e9quip\u00e9e sauvage dans le train entre Peterborough et la gare d\u2019Huntingdon. <a href=\"https:\/\/www.leparisien.fr\/sports\/football\/attaque-au-couteau-dans-le-train-pour-londres-un-footballeur-anglais-parmi-les-blesses-03-11-2025-X76KVHFPOZAE3BOEKIUBXZHMWQ.php\" target=\"_self\" rel=\"nofollow noopener\">Parmi les bless\u00e9s<\/a>, cinq sont encore hospitalis\u00e9s, dont un dans \u00ab un \u00e9tat grave mais stable \u00bb, d\u2019apr\u00e8s le minist\u00e8re des Transports.<\/p>\n","protected":false},"excerpt":{"rendered":"Sept minutes. L\u2019audience de fixation devant le tribunal de Peterborough, ville sans charme \u00e0 une heure au nord&hellip;\n","protected":false},"author":2,"featured_media":510143,"comment_status":"","ping_status":"","sticky":false,"template":"","format":"standard","meta":{"footnotes":""},"categories":[1588],"tags":[11,1777,674,118,14,12,473,1853,1851,1850,1852],"class_list":{"0":"post-510142","1":"post","2":"type-post","3":"status-publish","4":"format-standard","5":"has-post-thumbnail","7":"category-royaume-uni","8":"tag-actualites","9":"tag-eu","10":"tag-europe","11":"tag-faits-divers","12":"tag-international","13":"tag-news","14":"tag-royaume-uni","15":"tag-royaume-uni-de-grande-bretagne-et-dirlande-du-nord","16":"tag-uk","17":"tag-united-kingdom","18":"tag-united-kingdom-of-great-britain-and-northern-ireland"},"share_on_mastodon":{"url":"https:\/\/pubeurope.com\/@fr\/115489041623495604","error":""},"_links":{"self":[{"href":"https:\/\/www.europesays.com\/fr\/wp-json\/wp\/v2\/posts\/510142","targetHints":{"allow":["GET"]}}],"collection":[{"href":"https:\/\/www.europesays.com\/fr\/wp-json\/wp\/v2\/posts"}],"about":[{"href":"https:\/\/www.europesays.com\/fr\/wp-json\/wp\/v2\/types\/post"}],"author":[{"embeddable":true,"href":"https:\/\/www.europesays.com\/fr\/wp-json\/wp\/v2\/users\/2"}],"replies":[{"embeddable":true,"href":"https:\/\/www.europesays.com\/fr\/wp-json\/wp\/v2\/comments?post=510142"}],"version-history":[{"count":0,"href":"https:\/\/www.europesays.com\/fr\/wp-json\/wp\/v2\/posts\/510142\/revisions"}],"wp:featuredmedia":[{"embeddable":true,"href":"https:\/\/www.europesays.com\/fr\/wp-json\/wp\/v2\/media\/510143"}],"wp:attachment":[{"href":"https:\/\/www.europesays.com\/fr\/wp-json\/wp\/v2\/media?parent=510142"}],"wp:term":[{"taxonomy":"category","embeddable":true,"href":"https:\/\/www.europesays.com\/fr\/wp-json\/wp\/v2\/categories?post=510142"},{"taxonomy":"post_tag","embeddable":true,"href":"https:\/\/www.europesays.com\/fr\/wp-json\/wp\/v2\/tags?post=510142"}],"curies":[{"name":"wp","href":"https:\/\/api.w.org\/{rel}","templated":true}]}}