{"id":510144,"date":"2025-11-04T02:21:22","date_gmt":"2025-11-04T02:21:22","guid":{"rendered":"https:\/\/www.europesays.com\/fr\/510144\/"},"modified":"2025-11-04T02:21:22","modified_gmt":"2025-11-04T02:21:22","slug":"pres-dun-million-doiseaux-abattus-en-allemagne-en-raison-de-la-grippe-aviaire","status":"publish","type":"post","link":"https:\/\/www.europesays.com\/fr\/510144\/","title":{"rendered":"Pr\u00e8s d\u2019un million d\u2019oiseaux abattus en Allemagne en raison de la grippe aviaire"},"content":{"rendered":"<p><a href=\"https:\/\/www.rtbf.be\/article\/grippe-aviaire-un-abattage-massif-ordonne-en-allemagne-pour-contenir-la-propagation-de-la-maladie-11622506\" target=\"_blank\" rel=\"noopener\">La d\u00e9tection du virus dans ces \u00e9levages\u00a0a entra\u00een\u00e9 l\u2019abattage pr\u00e9ventif de pr\u00e8s d\u2019un million d\u2019oiseaux<\/a>. En outre, pr\u00e8s de 300 oiseaux sauvages morts ont \u00e9t\u00e9 retrouv\u00e9s infect\u00e9s par le virus.<\/p>\n<p>Selon l\u2019Institut Friedrich Loeffler (FLI), la propagation de la maladie est comparable \u00e0 celle enregistr\u00e9e lors de l\u2019ann\u00e9e record 2021. \u00ab\u00a0La vague d\u2019infections a commenc\u00e9 tr\u00e8s t\u00f4t en\u00a02025 et nous devons maintenant attendre de voir si elle s\u2019att\u00e9nuera \u00e9galement plus t\u00f4t\u00a0\u00bb, a d\u00e9clar\u00e9 une porte-parole de l\u2019agence de sant\u00e9 animale.<\/p>\n<p>Selon le FLI, la grippe aviaire avait touch\u00e9 au total 286 \u00e9levages de volailles, zoos et exploitations priv\u00e9es en\u00a02021. Plus de deux millions d\u2019animaux d\u2019\u00e9levage ont \u00e9t\u00e9 abattus cette ann\u00e9e-l\u00e0.<\/p>\n<p>Si l\u2019infection continue de se propager au m\u00eame rythme, des chiffres similaires peuvent \u00eatre attendus d\u2019ici la fin de l\u2019ann\u00e9e, a d\u00e9clar\u00e9 la porte-parole.<\/p>\n","protected":false},"excerpt":{"rendered":"La d\u00e9tection du virus dans ces \u00e9levages\u00a0a entra\u00een\u00e9 l\u2019abattage pr\u00e9ventif de pr\u00e8s d\u2019un million d\u2019oiseaux. En outre, pr\u00e8s&hellip;\n","protected":false},"author":2,"featured_media":510145,"comment_status":"","ping_status":"","sticky":false,"template":"","format":"standard","meta":{"footnotes":""},"categories":[1587],"tags":[11,672,1804,1805,1803,1777,674,1801,12,1802],"class_list":{"0":"post-510144","1":"post","2":"type-post","3":"status-publish","4":"format-standard","5":"has-post-thumbnail","7":"category-allemagne","8":"tag-actualites","9":"tag-allemagne","10":"tag-bundesrepublik-deutschland","11":"tag-de","12":"tag-deutschland","13":"tag-eu","14":"tag-europe","15":"tag-germany","16":"tag-news","17":"tag-republique-federale-dallemagne"},"share_on_mastodon":{"url":"https:\/\/pubeurope.com\/@fr\/115489045488835172","error":""},"_links":{"self":[{"href":"https:\/\/www.europesays.com\/fr\/wp-json\/wp\/v2\/posts\/510144","targetHints":{"allow":["GET"]}}],"collection":[{"href":"https:\/\/www.europesays.com\/fr\/wp-json\/wp\/v2\/posts"}],"about":[{"href":"https:\/\/www.europesays.com\/fr\/wp-json\/wp\/v2\/types\/post"}],"author":[{"embeddable":true,"href":"https:\/\/www.europesays.com\/fr\/wp-json\/wp\/v2\/users\/2"}],"replies":[{"embeddable":true,"href":"https:\/\/www.europesays.com\/fr\/wp-json\/wp\/v2\/comments?post=510144"}],"version-history":[{"count":0,"href":"https:\/\/www.europesays.com\/fr\/wp-json\/wp\/v2\/posts\/510144\/revisions"}],"wp:featuredmedia":[{"embeddable":true,"href":"https:\/\/www.europesays.com\/fr\/wp-json\/wp\/v2\/media\/510145"}],"wp:attachment":[{"href":"https:\/\/www.europesays.com\/fr\/wp-json\/wp\/v2\/media?parent=510144"}],"wp:term":[{"taxonomy":"category","embeddable":true,"href":"https:\/\/www.europesays.com\/fr\/wp-json\/wp\/v2\/categories?post=510144"},{"taxonomy":"post_tag","embeddable":true,"href":"https:\/\/www.europesays.com\/fr\/wp-json\/wp\/v2\/tags?post=510144"}],"curies":[{"name":"wp","href":"https:\/\/api.w.org\/{rel}","templated":true}]}}