{"id":510157,"date":"2025-11-04T02:30:22","date_gmt":"2025-11-04T02:30:22","guid":{"rendered":"https:\/\/www.europesays.com\/fr\/510157\/"},"modified":"2025-11-04T02:30:22","modified_gmt":"2025-11-04T02:30:22","slug":"atp-rolex-paris-masters-justine-henin-sur-carlos-alcaraz-je-pense-quil-y-a-encore-du-questionnement-et-un-cap-a-franchir-dans-ces-conditions-indoor","status":"publish","type":"post","link":"https:\/\/www.europesays.com\/fr\/510157\/","title":{"rendered":"ATP &#8211; Rolex Paris Masters > Justine Henin sur Carlos Alcaraz : \u00ab\u00a0Je pense qu&rsquo;il y a encore du questionnement et un cap \u00e0 franchir dans ces conditions indoor\u00a0\u00bb"},"content":{"rendered":"<p>Au micro d\u2019Eurosport apr\u00e8s le sacre de Jannik Sinner \u00e0 Paris, Justine Henin a \u00e9voqu\u00e9 les diffi\u00adcult\u00e9s rencon\u00adtr\u00e9es par Carlos Alcaraz en indoor. Pour rappel, l\u2019Espagnol a \u00e9t\u00e9 \u00e9limin\u00e9 d\u00e8s son entr\u00e9e en lice par Cameron Norrie.\u00a0<\/p>\n<p><strong>\u00ab\u202fJe pense qu\u2019il y a encore du ques\u00adtion\u00adne\u00adment pour Alcaraz dans les condi\u00adtions indoor m\u00eame s\u2019il semble avoir beau\u00adcoup de moyens pour \u00eatre perfor\u00admant dans ce type de condi\u00adtions. Il n\u2019y a rien \u00e0 faire dans sa t\u00eate, c\u2019est encore un cap \u00e0 fran\u00adchir. C\u2019est la fin de la saison m\u00eame si lui a eu un peu de temps ces derni\u00e8res semaines, il faudra g\u00e9rer cette fatigue de toute la saison, la pres\u00adsion du Masters. Un tournoi o\u00f9 il n\u2019a jamais pu briller comme il l\u2019au\u00adrait voulu en sachant qu\u2019il y a un Sinner va arriver en tr\u00e8s grande forme.\u202f\u00bb<\/strong><\/p>\n<p class=\"post-published-date\" style=\"color: silver; font-size: 75%; text-align: left;\">Publi\u00e9 le lundi 3 novembre 2025 \u00e0 17:26<\/p>\n","protected":false},"excerpt":{"rendered":"Au micro d\u2019Eurosport apr\u00e8s le sacre de Jannik Sinner \u00e0 Paris, Justine Henin a \u00e9voqu\u00e9 les diffi\u00adcult\u00e9s rencon\u00adtr\u00e9es&hellip;\n","protected":false},"author":2,"featured_media":24943,"comment_status":"","ping_status":"","sticky":false,"template":"","format":"standard","meta":{"footnotes":""},"categories":[1415],"tags":[1744,1011,27,2127,60,1467],"class_list":{"0":"post-510157","1":"post","2":"type-post","3":"status-publish","4":"format-standard","5":"has-post-thumbnail","7":"category-tennis","8":"tag-alcaraz","9":"tag-fr","10":"tag-france","11":"tag-sinner","12":"tag-sports","13":"tag-tennis"},"share_on_mastodon":{"url":"https:\/\/pubeurope.com\/@fr\/115489080805175995","error":""},"_links":{"self":[{"href":"https:\/\/www.europesays.com\/fr\/wp-json\/wp\/v2\/posts\/510157","targetHints":{"allow":["GET"]}}],"collection":[{"href":"https:\/\/www.europesays.com\/fr\/wp-json\/wp\/v2\/posts"}],"about":[{"href":"https:\/\/www.europesays.com\/fr\/wp-json\/wp\/v2\/types\/post"}],"author":[{"embeddable":true,"href":"https:\/\/www.europesays.com\/fr\/wp-json\/wp\/v2\/users\/2"}],"replies":[{"embeddable":true,"href":"https:\/\/www.europesays.com\/fr\/wp-json\/wp\/v2\/comments?post=510157"}],"version-history":[{"count":0,"href":"https:\/\/www.europesays.com\/fr\/wp-json\/wp\/v2\/posts\/510157\/revisions"}],"wp:featuredmedia":[{"embeddable":true,"href":"https:\/\/www.europesays.com\/fr\/wp-json\/wp\/v2\/media\/24943"}],"wp:attachment":[{"href":"https:\/\/www.europesays.com\/fr\/wp-json\/wp\/v2\/media?parent=510157"}],"wp:term":[{"taxonomy":"category","embeddable":true,"href":"https:\/\/www.europesays.com\/fr\/wp-json\/wp\/v2\/categories?post=510157"},{"taxonomy":"post_tag","embeddable":true,"href":"https:\/\/www.europesays.com\/fr\/wp-json\/wp\/v2\/tags?post=510157"}],"curies":[{"name":"wp","href":"https:\/\/api.w.org\/{rel}","templated":true}]}}