{"id":510158,"date":"2025-11-04T02:34:17","date_gmt":"2025-11-04T02:34:17","guid":{"rendered":"https:\/\/www.europesays.com\/fr\/510158\/"},"modified":"2025-11-04T02:34:17","modified_gmt":"2025-11-04T02:34:17","slug":"cest-le-destin-qui-va-decider-championne-de-france-de-cyclo-cross-amandine-fouquenet-na-toujours-pas-dequipe-pour-lan-prochain","status":"publish","type":"post","link":"https:\/\/www.europesays.com\/fr\/510158\/","title":{"rendered":"\u00ab\u00a0C\u2019est le destin qui va d\u00e9cider\u2026\u00a0\u00bb : championne de France de cyclo-cross, Amandine Fouquenet n\u2019a toujours pas d\u2019\u00e9quipe pour l\u2019an prochain"},"content":{"rendered":"<p>Un podium en Superprestige (3e \u00e0 Ruddervoorde) et deux autres top 10 en Belgique : on imagine que vous \u00eates satisfaite de votre d\u00e9but de saison hivernale\u2026<\/p>\n<p>Oui, tout se passe bien. Lors de mes deux premi\u00e8res courses (3e et 4e), j\u2019avais vraiment de bonnes sensations. Samedi dernier (8e du Koppenbergcross), j\u2019ai gliss\u00e9 plusieurs fois et je suis un peu sortie de ma course. D\u2019un autre c\u00f4t\u00e9, \u00e7a m\u2019a aussi un peu r\u00e9veill\u00e9e. Globalement, je me sens bien, je ressens les effets du stage d\u2019altitude (trois semaines \u00e0 La Plagne) que j\u2019ai effectu\u00e9. J\u2019esp\u00e8re que ca va continuer.<\/p>\n<p>Pour la premi\u00e8re fois, vous avez pr\u00e9par\u00e9 votre saison hivernale \u00e0 la montagne\u2026<\/p>\n<p>C\u2019\u00e9tait m\u00eame la toute premi\u00e8re fois que j\u2019effectuais un stage d\u2019altitude. J\u2019ai mis toutes les chances de mon c\u00f4t\u00e9 pour r\u00e9aliser une belle saison et pour le moment, je vois que \u00e7a porte ses fruits. Je n\u2019ai jamais \u00e9t\u00e9 aussi performante en d\u00e9but de saison.<\/p>\n<p>Justement, qu\u2019attendez-vous des championnats d\u2019Europe (\u00e0 Middelkerke) ?<\/p>\n<p>L\u2019an dernier, j\u2019avais termin\u00e9 5e (en Espagne), la place de troisi\u00e8me n\u2019\u00e9tait pas loin\u2026 Cette fois, j\u2019esp\u00e8re monter sur le podium. Cela dit, compte tenu de mon d\u00e9but de saison, j\u2019ai envie de r\u00eaver en grand alors si j\u2019ai l\u2019opportunit\u00e9 de gagner\u2026 En tout cas, je pense que j\u2019ai le podium dans les jambes. L\u00e0-bas, il y aura une partie sur le sable, ce qui n\u2019est pas pour me d\u00e9plaire.<\/p>\n<p>Quels sont vos autres objectifs de cette saison hivernale ?<\/p>\n<p>J\u2019esp\u00e8re juste \u00eatre la plus constante possible, rester dans le top 5 mondial. La semaine suivante, je vais encha\u00eener avec le Superprestige de Niel (le 11 novembre), Merksplas (le 14) et la Coupe de France \u00e0 Quelneuc (le 15), trois gros rendez-vous. Je vais ensuite encha\u00eener avec les manches de Coupe du monde, un stage de deux semaines en Espagne, etc.<\/p>\n<p>Il y aura \u00e9galement la d\u00e9fense de votre maillot bleu-blanc-rouge, mi-janvier, \u00e0 Troyes\u2026<\/p>\n<p>J\u2019essaye de ne pas me mettre trop de pression mais \u00e9videmment, ce sera un objectif de conserver le maillot de championne de France. J\u2019ai envie de montrer que je peux \u00eatre au rendez-vous au niveau national et international.<\/p>\n<p>Quelles couleurs porterez-vous au d\u00e9part des championnats de France ?<\/p>\n<p>C\u2019est une bonne question\u2026 Avec l\u2019arr\u00eat d\u2019Ark\u00e9a-B&amp;B H\u00f4tels, je n\u2019ai toujours rien pour l\u2019an prochain. Sinc\u00e8rement, je n\u2019ai aucune piste, aucun contact. J\u2019esp\u00e8re que mes r\u00e9sultats vont m\u2019ouvrir des portes mais actuellement, je n\u2019ai rien\u2026 Si je n\u2019ai pas d\u2019\u00e9quipe au 1er janvier 2026, je ne sais pas avec quel maillot je vais finir (elle est licenci\u00e9e \u00e0 l\u2019US Vern).<\/p>\n<p>Dans ces conditions, comment parvenez-vous \u00e0 rester focus sur votre saison ?<\/p>\n<p>Mentalement, ce n\u2019est pas \u00e9vident. J\u2019ai juste envie de me dire que je donne mon maximum et que mes r\u00e9sultats vont m\u2019aider. Si je ne retrouve rien, je ne veux pas avoir de regrets. Bon, ce serait triste que tout s\u2019arr\u00eate de cette fa\u00e7on\u2026 Je comprends que la conjoncture est compliqu\u00e9e mais\u2026 Je suis double championne de France de cyclo-cross et sur la route, je ne suis pas ridicule, je me suis toujours sacrifi\u00e9e pour mon \u00e9quipe. Je ne vais pas forcer la main \u00e0 une \u00e9quipe, je n\u2019ose pas trop d\u00e9ranger les gens. C\u2019est le destin qui va d\u00e9cider.<\/p>\n","protected":false},"excerpt":{"rendered":"Un podium en Superprestige (3e \u00e0 Ruddervoorde) et deux autres top 10 en Belgique : on imagine que&hellip;\n","protected":false},"author":2,"featured_media":510159,"comment_status":"","ping_status":"","sticky":false,"template":"","format":"standard","meta":{"footnotes":""},"categories":[1411],"tags":[34378,1154,207,11097,59294,3166,1011,27,60],"class_list":{"0":"post-510158","1":"post","2":"type-post","3":"status-publish","4":"format-standard","5":"has-post-thumbnail","7":"category-cyclisme","8":"tag-arkea-bb-hotels","9":"tag-cycling","10":"tag-cyclisme","11":"tag-cyclisme-feminin","12":"tag-cyclo-cross","13":"tag-en-continu-sports","14":"tag-fr","15":"tag-france","16":"tag-sports"},"share_on_mastodon":{"url":"https:\/\/pubeurope.com\/@fr\/115489096659866821","error":""},"_links":{"self":[{"href":"https:\/\/www.europesays.com\/fr\/wp-json\/wp\/v2\/posts\/510158","targetHints":{"allow":["GET"]}}],"collection":[{"href":"https:\/\/www.europesays.com\/fr\/wp-json\/wp\/v2\/posts"}],"about":[{"href":"https:\/\/www.europesays.com\/fr\/wp-json\/wp\/v2\/types\/post"}],"author":[{"embeddable":true,"href":"https:\/\/www.europesays.com\/fr\/wp-json\/wp\/v2\/users\/2"}],"replies":[{"embeddable":true,"href":"https:\/\/www.europesays.com\/fr\/wp-json\/wp\/v2\/comments?post=510158"}],"version-history":[{"count":0,"href":"https:\/\/www.europesays.com\/fr\/wp-json\/wp\/v2\/posts\/510158\/revisions"}],"wp:featuredmedia":[{"embeddable":true,"href":"https:\/\/www.europesays.com\/fr\/wp-json\/wp\/v2\/media\/510159"}],"wp:attachment":[{"href":"https:\/\/www.europesays.com\/fr\/wp-json\/wp\/v2\/media?parent=510158"}],"wp:term":[{"taxonomy":"category","embeddable":true,"href":"https:\/\/www.europesays.com\/fr\/wp-json\/wp\/v2\/categories?post=510158"},{"taxonomy":"post_tag","embeddable":true,"href":"https:\/\/www.europesays.com\/fr\/wp-json\/wp\/v2\/tags?post=510158"}],"curies":[{"name":"wp","href":"https:\/\/api.w.org\/{rel}","templated":true}]}}