{"id":510162,"date":"2025-11-04T02:36:18","date_gmt":"2025-11-04T02:36:18","guid":{"rendered":"https:\/\/www.europesays.com\/fr\/510162\/"},"modified":"2025-11-04T02:36:18","modified_gmt":"2025-11-04T02:36:18","slug":"claire-keim-une-balle-lactrice-traumatisee-des-annees-plus-tard","status":"publish","type":"post","link":"https:\/\/www.europesays.com\/fr\/510162\/","title":{"rendered":"Claire Keim : \u00ab\u00a0Une balle&#8230;\u00a0\u00bb, l&rsquo;actrice traumatis\u00e9e des ann\u00e9es plus tard"},"content":{"rendered":"<p data-start=\"544\" data-end=\"884\">Ce jeudi soir, les<br \/>\nt\u00e9l\u00e9spectateurs de TF1 retrouveront <a href=\"https:\/\/www.closermag.fr\/people\/claire-keim-meconnaissable-a-quoi-ressemblait-lactrice-et-chanteuse-a-20-ans-3558154\" target=\"_blank\" rel=\"noopener\"><br \/>\nClaire Keim, qui n&rsquo;a pas chang\u00e9 en 20 ans<\/a>, dans un registre<br \/>\nqu\u2019elle dit pourtant fuir : l\u2019univers policier. Dans la s\u00e9rie<br \/>\nVise le c\u0153ur, <strong>elle campe la capitaine Julia<br \/>\nScola<\/strong>, flic impliqu\u00e9e au pass\u00e9 charg\u00e9, aux c\u00f4t\u00e9s de<br \/>\nLannick Gautry. Mais si la fiction captive, elle ne correspond pas<br \/>\ntout \u00e0 fait \u00e0 ce que l\u2019actrice aime.<\/p>\n<p data-start=\"886\" data-end=\"1251\">\u00ab\u00a0Je n\u2019aime pas les faits divers et m\u2019en tiens \u00e9loign\u00e9e le<br \/>\nplus possible. Et si, en plus, \u00e7a touche des enfants, je fuis<br \/>\n!\u00a0\u00bb, confiait-elle r\u00e9cemment \u00e0 T\u00e9l\u00e9 7 Jours. Alors, pourquoi accepter un r\u00f4le aussi<br \/>\nsombre ? Claire Keim l\u2019explique sans d\u00e9tour : \u00ab\u00a0J\u2019ai souvent l\u2019impression que ce n\u2019est pas moi qui<br \/>\nvais vers ce genre de r\u00f4les, <strong>mais eux qui viennent \u00e0<br \/>\nmoi.<\/strong>\u00ab\u00a0<\/p>\n<p>Claire Keim et les armes \u00e0<br \/>\nfeu : un incident qui lui a laiss\u00e9 des s\u00e9quelles<\/p>\n<p data-start=\"1315\" data-end=\"1752\">Dans les colonnes de nos<br \/>\nconfr\u00e8res, l\u2019actrice s\u2019est livr\u00e9e \u00e0 c\u0153ur ouvert sur<br \/>\n<strong data-start=\"1383\" data-end=\"1434\">un accident de tournage<br \/>\nqui a laiss\u00e9 des traces<\/strong>. \u00ab\u00a0Je n\u2019ai aucune passion pour les armes \u00e0 feu\u00a0\u00bb, a-t-elle<br \/>\nd\u2019abord admis, avant de revenir sur un \u00e9pisode particuli\u00e8rement<br \/>\nmarquant : <strong>\u00ab\u00a0J\u2019ai pris<br \/>\nune balle \u00e0 blanc pas loin de l\u2019oreille.\u00a0\u00bb<\/strong> R\u00e9sultat :<br \/>\nelle souffre d\u2019acouph\u00e8nes depuis cette sc\u00e8ne, un traumatisme que<br \/>\nIci Paris avait relay\u00e9<br \/>\nd&rsquo;ailleurs dans son \u00e9dition du 25 octobre.<\/p>\n<p data-start=\"1754\" data-end=\"2133\">Depuis, Claire Keim se montre<br \/>\nprudente, m\u00eame en dehors des plateaux. Pour \u00e9chapper aux biais li\u00e9s<br \/>\n\u00e0 sa notori\u00e9t\u00e9, elle confiait \u00e0 TV Grandes Cha\u00eenes : \u00ab\u00a0Pour certaines d\u00e9marches ou r\u00e9clamations, <a href=\"https:\/\/www.closermag.fr\/people\/claire-keim-quel-est-le-vrai-nom-de-la-comedienne-1158916\" target=\"_blank\" rel=\"noopener\"><br \/>\nj\u2019utilise mon nom de naissance<\/a> afin <strong>d\u2019avoir la r\u00e9ponse<br \/>\ndestin\u00e9e \u00e0 Mme Tout-le-Monde,<\/strong> car lorsqu\u2019on est une<br \/>\npersonnalit\u00e9, les retours que l\u2019on re\u00e7oit ne sont pas toujours les<br \/>\nm\u00eames.\u00a0\u00bb<\/p>\n<p>Des<br \/>\nr\u00f4les intenses, mais \u00e0 contre-c\u0153ur<\/p>\n<p data-start=\"2173\" data-end=\"2479\">La peur et l\u2019ultra-sensibilit\u00e9<br \/>\nde Claire Keim ne l\u2019emp\u00eachent pas de dire oui \u00e0 des fictions<br \/>\npuissantes. En 2021, dans le t\u00e9l\u00e9film Harcel\u00e9s, elle<br \/>\njouait une m\u00e8re <a href=\"https:\/\/www.closermag.fr\/politique\/sourire-timide-chignon-haut-et-manteau-en-laine-brigitte-macron-reapparait-la-mine-triste-apres-son-proces-photos-3590355\" target=\"_blank\" rel=\"noopener\"><br \/>\nvictime de cyberharc\u00e8lement<\/a>. Un r\u00f4le qui l\u2019a profond\u00e9ment<br \/>\ntroubl\u00e9e : \u00ab\u00a0Je n\u2019ai pas envie<br \/>\nque cela m\u2019arrive bien s\u00fbr\u2026\u00a0\u00bb, admettait-elle alors.<\/p>\n<p data-start=\"2481\" data-end=\"2733\">Si elle a fini par accepter de<br \/>\njouer Julia Scola, c\u2019est aussi parce que ce personnage l\u2019a touch\u00e9e<br \/>\n: \u00ab\u00a0Elle est forte, en<br \/>\napparence, mais il ne faut pas trop la secouer, sinon tout<br \/>\ns\u2019effondre. Cette fragilit\u00e9 m\u2019a plu. Elle doit trouver un \u00e9cho en<br \/>\nmoi.\u00a0\u00bb Et ce n\u2019est pas fini. En 2026, elle donnera la r\u00e9plique<br \/>\n\u00e0 Thomas Jouannet dans une mini-s\u00e9rie baptis\u00e9e L\u2019\u00c9clipse.<br \/>\nEn attendant, c\u2019est une Claire Keim \u00e0 fleur de peau, marqu\u00e9e par ce<br \/>\ntir \u00e0 blanc, mais toujours aussi investie, que les t\u00e9l\u00e9spectateurs<br \/>\nretrouveront ce jeudi soir.<\/p>\n","protected":false},"excerpt":{"rendered":"Ce jeudi soir, les t\u00e9l\u00e9spectateurs de TF1 retrouveront Claire Keim, qui n&rsquo;a pas chang\u00e9 en 20 ans, dans&hellip;\n","protected":false},"author":2,"featured_media":510163,"comment_status":"","ping_status":"","sticky":false,"template":"","format":"standard","meta":{"footnotes":""},"categories":[1359],"tags":[119,39274,58,59,1011,27,973,13288],"class_list":{"0":"post-510162","1":"post","2":"type-post","3":"status-publish","4":"format-standard","5":"has-post-thumbnail","7":"category-people","8":"tag-accident","9":"tag-claire-keim","10":"tag-divertissement","11":"tag-entertainment","12":"tag-fr","13":"tag-france","14":"tag-people","15":"tag-traumatisme"},"share_on_mastodon":{"url":"https:\/\/pubeurope.com\/@fr\/115489104555364827","error":""},"_links":{"self":[{"href":"https:\/\/www.europesays.com\/fr\/wp-json\/wp\/v2\/posts\/510162","targetHints":{"allow":["GET"]}}],"collection":[{"href":"https:\/\/www.europesays.com\/fr\/wp-json\/wp\/v2\/posts"}],"about":[{"href":"https:\/\/www.europesays.com\/fr\/wp-json\/wp\/v2\/types\/post"}],"author":[{"embeddable":true,"href":"https:\/\/www.europesays.com\/fr\/wp-json\/wp\/v2\/users\/2"}],"replies":[{"embeddable":true,"href":"https:\/\/www.europesays.com\/fr\/wp-json\/wp\/v2\/comments?post=510162"}],"version-history":[{"count":0,"href":"https:\/\/www.europesays.com\/fr\/wp-json\/wp\/v2\/posts\/510162\/revisions"}],"wp:featuredmedia":[{"embeddable":true,"href":"https:\/\/www.europesays.com\/fr\/wp-json\/wp\/v2\/media\/510163"}],"wp:attachment":[{"href":"https:\/\/www.europesays.com\/fr\/wp-json\/wp\/v2\/media?parent=510162"}],"wp:term":[{"taxonomy":"category","embeddable":true,"href":"https:\/\/www.europesays.com\/fr\/wp-json\/wp\/v2\/categories?post=510162"},{"taxonomy":"post_tag","embeddable":true,"href":"https:\/\/www.europesays.com\/fr\/wp-json\/wp\/v2\/tags?post=510162"}],"curies":[{"name":"wp","href":"https:\/\/api.w.org\/{rel}","templated":true}]}}