{"id":510164,"date":"2025-11-04T02:37:15","date_gmt":"2025-11-04T02:37:15","guid":{"rendered":"https:\/\/www.europesays.com\/fr\/510164\/"},"modified":"2025-11-04T02:37:15","modified_gmt":"2025-11-04T02:37:15","slug":"elle-a-troque-la-blouse-contre-un-appareil-photo","status":"publish","type":"post","link":"https:\/\/www.europesays.com\/fr\/510164\/","title":{"rendered":"elle a troqu\u00e9 la blouse contre un appareil photo"},"content":{"rendered":"<p>            Par<br \/>\n        <strong><br \/>\n            <a href=\"https:\/\/actu.fr\/auteur\/journaliste-pb\" title=\"Consulter tous les articles de R\u00e9daction Dinan\" target=\"_blank\" rel=\"noopener\">R\u00e9daction Dinan<\/a><br \/>\n        <\/strong><\/p>\n<p>        Publi\u00e9 le<\/p>\n<p>            3 nov. 2025 \u00e0 12h20        <\/p>\n<p>\u00c0 30 ans, Charl\u00e8ne Renault a troqu\u00e9 sa blouse d\u2019aide-soignante pour un appareil photo. Install\u00e9e \u00e0 <a href=\"https:\/\/actu.fr\/bretagne\/saint-potan_22323\" target=\"_blank\" rel=\"noopener\">Saint-P\u00f4tan (C\u00f4tes-d\u2019Armor)<\/a>, elle vient de lancer son entreprise, Nidamour Photographie, avec le d\u00e9sir d<b>\u2019immortaliser les \u00e9motions<\/b>, les instants de vie et les renaissances.<\/p>\n<p>De l\u2019h\u00f4pital au studio<\/p>\n<p class=\" wall-content\">Pendant dix ans, Charl\u00e8ne Renault a exerc\u00e9 le m\u00e9tier d\u2019aide-soignante. Mais au fil du temps, une autre vocation s\u2019imposait doucement\u2009: celle de la <b>photographie<\/b>. \u00ab\u2009J\u2019ai retrouv\u00e9 des photos de moi enfant, d\u00e9j\u00e0 avec un appareil dans les mains\u2009\u00bb, confie-t-elle en souriant.<\/p>\n<p class=\" wall-content\">Encourag\u00e9e par son employeur, elle suit une\u00a0formation de six mois, ponctu\u00e9e de stages en studio et aupr\u00e8s d\u2019un photographe professionnel. \u00c0 peine son <b>dipl\u00f4me en poche<\/b>, fin septembre, elle se lance et cr\u00e9e\u00a0Nidamour Photographie.<\/p>\n<p>Douceur et d\u2019\u00e9motion<\/p>\n<p class=\" wall-content\">Chez elle, Charl\u00e8ne a am\u00e9nag\u00e9 un<b>\u00a0coin boh\u00e8me<\/b>\u00a0et un\u00a0petit <b>studio photo<\/b>. Entre ses enfants qui posent volontiers et les s\u00e9ances qu\u2019elle multiplie, la jeune photographe trouve son \u00e9quilibre.<\/p>\n<p class=\" wall-content\">Elle propose une <b>large palette de prestations<\/b>\u2009: grossesse, mariage, naissance, famille, portraits f\u00e9minins\u2026 Mais aussi des s\u00e9ances plus rares et d\u00e9licates\u2009: celles li\u00e9es au\u00a0deuil p\u00e9rinatal. \u00ab\u2009Des parents en deuil sont venus me voir. L\u2019id\u00e9e, c\u2019est qu\u2019ils puissent apporter le doudou ou une rose, et qu\u2019on prenne le temps ensemble. C\u2019est un accompagnement, pas seulement une photo.\u2009\u00bb<\/p>\n<p>Vid\u00e9os : en ce moment sur Actu<\/p>\n<p class=\" wall-content\">Une approche bienveillante et sensible, qui t\u00e9moigne de l\u2019\u00e9coute h\u00e9rit\u00e9e de son <b>pass\u00e9 d\u2019aide-soignante<\/b>.<\/p>\n<blockquote class=\"ac-article-quote wall-content\">\n<p>Ce que j\u2019aime, c\u2019est capter l\u2019\u00e9motion vraie, celle qui ne se rejoue pas.<\/p>\n<p>Charl\u00e8ne Renault, photographe<\/p><\/blockquote>\n<p>Votre r\u00e9gion, votre actu !<\/p>\n<p>Recevez chaque jour les infos qui comptent pour vous.<\/p>\n<p>\t<a href=\"https:\/\/actu.fr\/newsletter\" class=\"ac-btn ac-btn--corner ac-btn--medium ac-btn--blue800\" target=\"_blank\" rel=\"noopener\">S&rsquo;incrire<\/a><br \/>\nUne passion en constante \u00e9volution<\/p>\n<p class=\" wall-content\">Charl\u00e8ne ne compte pas s\u2019arr\u00eater l\u00e0. En f\u00e9vrier, elle retournera aupr\u00e8s de son ancienne formatrice pour se <b>perfectionner <\/b>dans la photographie des nouveau-n\u00e9s, une pratique qu\u2019elle juge \u00ab\u2009aussi belle que d\u00e9licate\u2009\u00bb.<\/p>\n<p class=\" wall-content\">Et parce qu\u2019elle est aussi sportive, elle s\u2019ouvre \u00e0 de <b>nouveaux horizons<\/b>\u2009: \u00ab\u2009Durant ma formation, j\u2019ai d\u00e9couvert la photo de sport, j\u2019ai ador\u00e9\u2009!\u2009\u00bb, raconte-t-elle. Elle couvrira d\u2019ailleurs le prochain H\u00e9nantrail \u00e0 titre b\u00e9n\u00e9vole.<\/p>\n<p class=\" wall-content\">Flexible, Charl\u00e8ne se d\u00e9place volontiers au domicile de ses clients. Ses tarifs restent <b>accessibles<\/b>, avec des\u00a0s\u00e9ances famille d\u00e8s 150\u00a0\u20ac\u00a0et des\u00a0formules mariage entre 800 et 1\u2009800\u00a0\u20ac.<\/p>\n<p class=\" wall-content\">Qu\u2019il s\u2019agisse d\u2019un reportage, d\u2019un portrait intime ou d\u2019un grand \u00e9v\u00e9nement, Charl\u00e8ne met avant tout<b> l\u2019humain<\/b> au c\u0153ur de son objectif.<\/p>\n<p>Tel. 06\u200926\u200940\u200913\u200993. https:\/\/www.jingoo.com\/nidamourphotographie-\/\u00a0<\/p>\n<p class=\" wall-content\">Personnalisez votre actualit\u00e9 en ajoutant vos villes et m\u00e9dias en favori avec <a href=\"https:\/\/moncompte.actu.fr\" title=\"D\u00e9couvez Mon Actu\" rel=\"nofollow noopener\" data-trk=\"{&quot;cta&quot;:{&quot;action&quot;:&quot;https:\\\/\\\/moncompte.actu.fr&quot;,&quot;category&quot;:&quot;mon compte&quot;,&quot;from&quot;:&quot;article footer&quot;,&quot;name&quot;:&quot;Mon actu&quot;,&quot;type&quot;:&quot;cta&quot;}}\" target=\"_blank\">Mon Actu<\/a>.<\/p>\n","protected":false},"excerpt":{"rendered":"Par R\u00e9daction Dinan Publi\u00e9 le 3 nov. 2025 \u00e0 12h20 \u00c0 30 ans, Charl\u00e8ne Renault a troqu\u00e9 sa&hellip;\n","protected":false},"author":2,"featured_media":510165,"comment_status":"","ping_status":"","sticky":false,"template":"","format":"standard","meta":{"footnotes":""},"categories":[1358],"tags":[1348,1384,1385,1386,58,33,59,1011,27,1756,6046],"class_list":{"0":"post-510164","1":"post","2":"type-post","3":"status-publish","4":"format-standard","5":"has-post-thumbnail","7":"category-arts-et-design","8":"tag-arts","9":"tag-arts-and-design","10":"tag-arts-et-design","11":"tag-design","12":"tag-divertissement","13":"tag-economie","14":"tag-entertainment","15":"tag-fr","16":"tag-france","17":"tag-photographie","18":"tag-reconversion"},"share_on_mastodon":{"url":"https:\/\/pubeurope.com\/@fr\/115489108335002430","error":""},"_links":{"self":[{"href":"https:\/\/www.europesays.com\/fr\/wp-json\/wp\/v2\/posts\/510164","targetHints":{"allow":["GET"]}}],"collection":[{"href":"https:\/\/www.europesays.com\/fr\/wp-json\/wp\/v2\/posts"}],"about":[{"href":"https:\/\/www.europesays.com\/fr\/wp-json\/wp\/v2\/types\/post"}],"author":[{"embeddable":true,"href":"https:\/\/www.europesays.com\/fr\/wp-json\/wp\/v2\/users\/2"}],"replies":[{"embeddable":true,"href":"https:\/\/www.europesays.com\/fr\/wp-json\/wp\/v2\/comments?post=510164"}],"version-history":[{"count":0,"href":"https:\/\/www.europesays.com\/fr\/wp-json\/wp\/v2\/posts\/510164\/revisions"}],"wp:featuredmedia":[{"embeddable":true,"href":"https:\/\/www.europesays.com\/fr\/wp-json\/wp\/v2\/media\/510165"}],"wp:attachment":[{"href":"https:\/\/www.europesays.com\/fr\/wp-json\/wp\/v2\/media?parent=510164"}],"wp:term":[{"taxonomy":"category","embeddable":true,"href":"https:\/\/www.europesays.com\/fr\/wp-json\/wp\/v2\/categories?post=510164"},{"taxonomy":"post_tag","embeddable":true,"href":"https:\/\/www.europesays.com\/fr\/wp-json\/wp\/v2\/tags?post=510164"}],"curies":[{"name":"wp","href":"https:\/\/api.w.org\/{rel}","templated":true}]}}