{"id":510166,"date":"2025-11-04T02:39:24","date_gmt":"2025-11-04T02:39:24","guid":{"rendered":"https:\/\/www.europesays.com\/fr\/510166\/"},"modified":"2025-11-04T02:39:24","modified_gmt":"2025-11-04T02:39:24","slug":"new-york-unite-speciale-s21-e09-seances-photos","status":"publish","type":"post","link":"https:\/\/www.europesays.com\/fr\/510166\/","title":{"rendered":"New York Unit\u00e9 Sp\u00e9ciale &#8211; S21 E09 &#8211; S\u00e9ances photos"},"content":{"rendered":"<p id=\"descriptionPanel\" class=\"text-secondary mr-2 line-clamp-2 pr-2.5 overflow-visible\">Alors qu\u2019elle passe dans un parc, la jeune Ivy Bucci, 15 ans, est abord\u00e9e par Granya. Cette femme lui dit qu\u2019elle la trouve tr\u00e8s jolie et lui propose de faire un test photo pour Steve Getz, son patron milliardaire qui cherche justement une \u00e9g\u00e9rie pour sa marque de fitness. Ivy est ainsi recrut\u00e9e comme mannequin. Elle est convi\u00e9e \u00e0 toutes les soir\u00e9es promotionnelles et elle est couverte de cadeaux. Peu \u00e0 peu, les s\u00e9ances photos d\u00e9g\u00e9n\u00e8rent : Getz l\u2019oblige \u00e0 se d\u00e9nuder, il la viole et la force \u00e0 coucher avec d\u2019autres hommes. Un soir, Granya demande \u00e0 Ivy d\u2019amener sa petite s\u0153ur \u00e0 leur prochaine soir\u00e9e. Milly n\u2019a pas encore 13 ans. Elle comprend ce qui arrive \u00e0 Ivy et en parle \u00e0 leur p\u00e8re, un ex-flic qui conna\u00eet Rollins, et lui demande de l\u2019aide.<\/p>\n<p>Afficher la version longue du r\u00e9sum\u00e9<a class=\"shrink-0\" href=\"https:\/\/www.tf1.fr\/tf1\/new-york-unite-speciale\" target=\"_blank\" rel=\"noopener\"><img decoding=\"async\" src=\"https:\/\/www.europesays.com\/fr\/wp-content\/uploads\/2025\/10\/program-card-portrait-1-04aa55-612e68-0@1x.jpg\" width=\"138\" height=\"184\" alt=\"\" loading=\"eager\" fetchpriority=\"auto\" class=\"rounded-3px aspect-[3\/4] h-24 w-auto\" aria-hidden=\"true\"\/><\/a><\/p>\n","protected":false},"excerpt":{"rendered":"Alors qu\u2019elle passe dans un parc, la jeune Ivy Bucci, 15 ans, est abord\u00e9e par Granya. Cette femme&hellip;\n","protected":false},"author":2,"featured_media":510167,"comment_status":"","ping_status":"","sticky":false,"template":"","format":"standard","meta":{"footnotes":""},"categories":[1356],"tags":[58,59,1365,13000,41047,1011,27,415,44186,44195,44192,252,1364,13001,13002,44188,44193,44196,44187,44194,44197,44191,44190,44189],"class_list":{"0":"post-510166","1":"post","2":"type-post","3":"status-publish","4":"format-standard","5":"has-post-thumbnail","7":"category-television","8":"tag-divertissement","9":"tag-entertainment","10":"tag-episode","11":"tag-episode-new-york","12":"tag-episode-tf1","13":"tag-fr","14":"tag-france","15":"tag-new-york","16":"tag-serie-new-york","17":"tag-streaming-gratuit-serie-new-york","18":"tag-streaming-serie-new-york","19":"tag-television","20":"tag-tv","21":"tag-unite-speciale","22":"tag-unite-speciale-episode","23":"tag-unite-speciale-episode-tf1","24":"tag-unite-speciale-streaming","25":"tag-unite-speciale-streaming-gratuit","26":"tag-unite-speciale-tf1","27":"tag-unite-speciale-tf1-streaming","28":"tag-unite-speciale-tf1-streaming-gratuit","29":"tag-unite-speciale-tf1-video","30":"tag-unite-speciale-video","31":"tag-video-serie-new-york"},"share_on_mastodon":{"url":"","error":"Validation failed: Text character limit of 500 exceeded"},"_links":{"self":[{"href":"https:\/\/www.europesays.com\/fr\/wp-json\/wp\/v2\/posts\/510166","targetHints":{"allow":["GET"]}}],"collection":[{"href":"https:\/\/www.europesays.com\/fr\/wp-json\/wp\/v2\/posts"}],"about":[{"href":"https:\/\/www.europesays.com\/fr\/wp-json\/wp\/v2\/types\/post"}],"author":[{"embeddable":true,"href":"https:\/\/www.europesays.com\/fr\/wp-json\/wp\/v2\/users\/2"}],"replies":[{"embeddable":true,"href":"https:\/\/www.europesays.com\/fr\/wp-json\/wp\/v2\/comments?post=510166"}],"version-history":[{"count":0,"href":"https:\/\/www.europesays.com\/fr\/wp-json\/wp\/v2\/posts\/510166\/revisions"}],"wp:featuredmedia":[{"embeddable":true,"href":"https:\/\/www.europesays.com\/fr\/wp-json\/wp\/v2\/media\/510167"}],"wp:attachment":[{"href":"https:\/\/www.europesays.com\/fr\/wp-json\/wp\/v2\/media?parent=510166"}],"wp:term":[{"taxonomy":"category","embeddable":true,"href":"https:\/\/www.europesays.com\/fr\/wp-json\/wp\/v2\/categories?post=510166"},{"taxonomy":"post_tag","embeddable":true,"href":"https:\/\/www.europesays.com\/fr\/wp-json\/wp\/v2\/tags?post=510166"}],"curies":[{"name":"wp","href":"https:\/\/api.w.org\/{rel}","templated":true}]}}