{"id":510173,"date":"2025-11-04T02:43:12","date_gmt":"2025-11-04T02:43:12","guid":{"rendered":"https:\/\/www.europesays.com\/fr\/510173\/"},"modified":"2025-11-04T02:43:12","modified_gmt":"2025-11-04T02:43:12","slug":"un-ancien-international-italien-va-rejoindre-la-direction-sportive-de-lom-france-olympique-de-marseille","status":"publish","type":"post","link":"https:\/\/www.europesays.com\/fr\/510173\/","title":{"rendered":"Un ancien international italien va rejoindre la direction sportive de l\u2019OM &#8211; France &#8211; Olympique de Marseille"},"content":{"rendered":"<p>L\u2019italien va d\u00e9finitivement devenir la langue officielle \u00e0 Marseille.<\/p>\n<p>Selon les informations du journaliste italien Gianluca Di Marzio, confirm\u00e9es ce lundi soir par <a target=\"_blank\" href=\"https:\/\/rmcsport.bfmtv.com\/football\/transferts\/direct-mercato-suivez-en-live-toutes-les-infos-et-rumeurs-du-3-novembre-2025_LN-202511030191.html\" rel=\"noopener nofollow\">RMC<\/a>, la direction sportive de l\u2019OM va voir <strong>un nouveau visage d\u00e9barquer dans ses rangs dans les prochains jours, celui de Federico Balzaretti<\/strong>. Ancien lat\u00e9ral gauche de m\u00e9tier, pass\u00e9 notamment par la Juve, la Roma ou encore Palerme, Balzaretti a aussi rev\u00eatu \u00e0 16 reprises la tunique de la Nazionale. Lors de son passage \u00e0 la Roma, l\u2019Italien a fait la connaissance de Medhi Benatia, avec qui il a conserv\u00e9 de bonnes relations, et de qui il devrait donc devenir le bras droit dans les prochains jours. Selon RMC, Balzaretti travaillera notamment sur le suivi et la mise en valeur des jeunes talents du club.<\/p>\n<p>Et il ne pourrait pas rechausser les crampons quelques semaines <a target=\"_blank\" href=\"https:\/\/www.sofoot.com\/articles\/ligue-1-lom-doit-faire-face-a-une-liste-de-blesses-qui-sallonge\" rel=\"noopener nofollow\">pour d\u00e9panner<\/a> ?<\/p>\n<p>\t\t\t\t\t\t\t\t\t\t<a class=\"lien-connexe\" href=\"https:\/\/www.sofoot.com\/breves\/neal-maupay-rejoue-et-marque-avec-lom\" rel=\"nofollow noopener\" target=\"_blank\">Neal Maupay rejoue (et marque) avec l\u2019OM<\/a>\t\t\t\t\t<\/p>\n","protected":false},"excerpt":{"rendered":"L\u2019italien va d\u00e9finitivement devenir la langue officielle \u00e0 Marseille. Selon les informations du journaliste italien Gianluca Di Marzio,&hellip;\n","protected":false},"author":2,"featured_media":510174,"comment_status":"","ping_status":"","sticky":false,"template":"","format":"standard","meta":{"footnotes":""},"categories":[9],"tags":[47,61,69,65,64,63,1011,27,68,66,62,70,67,60],"class_list":{"0":"post-510173","1":"post","2":"type-post","3":"status-publish","4":"format-standard","5":"has-post-thumbnail","7":"category-sports","8":"tag-actualite","9":"tag-actus-football","10":"tag-bundesliga","11":"tag-championnats-europeens","12":"tag-equipe-de-france","13":"tag-football","14":"tag-fr","15":"tag-france","16":"tag-ligua","17":"tag-ligue-1","18":"tag-news-foot","19":"tag-premier-league","20":"tag-serie-a","21":"tag-sports"},"share_on_mastodon":{"url":"https:\/\/pubeurope.com\/@fr\/115489132376841519","error":""},"_links":{"self":[{"href":"https:\/\/www.europesays.com\/fr\/wp-json\/wp\/v2\/posts\/510173","targetHints":{"allow":["GET"]}}],"collection":[{"href":"https:\/\/www.europesays.com\/fr\/wp-json\/wp\/v2\/posts"}],"about":[{"href":"https:\/\/www.europesays.com\/fr\/wp-json\/wp\/v2\/types\/post"}],"author":[{"embeddable":true,"href":"https:\/\/www.europesays.com\/fr\/wp-json\/wp\/v2\/users\/2"}],"replies":[{"embeddable":true,"href":"https:\/\/www.europesays.com\/fr\/wp-json\/wp\/v2\/comments?post=510173"}],"version-history":[{"count":0,"href":"https:\/\/www.europesays.com\/fr\/wp-json\/wp\/v2\/posts\/510173\/revisions"}],"wp:featuredmedia":[{"embeddable":true,"href":"https:\/\/www.europesays.com\/fr\/wp-json\/wp\/v2\/media\/510174"}],"wp:attachment":[{"href":"https:\/\/www.europesays.com\/fr\/wp-json\/wp\/v2\/media?parent=510173"}],"wp:term":[{"taxonomy":"category","embeddable":true,"href":"https:\/\/www.europesays.com\/fr\/wp-json\/wp\/v2\/categories?post=510173"},{"taxonomy":"post_tag","embeddable":true,"href":"https:\/\/www.europesays.com\/fr\/wp-json\/wp\/v2\/tags?post=510173"}],"curies":[{"name":"wp","href":"https:\/\/api.w.org\/{rel}","templated":true}]}}