{"id":510175,"date":"2025-11-04T02:44:15","date_gmt":"2025-11-04T02:44:15","guid":{"rendered":"https:\/\/www.europesays.com\/fr\/510175\/"},"modified":"2025-11-04T02:44:15","modified_gmt":"2025-11-04T02:44:15","slug":"un-quatuor-de-coachs-inedit-pour-la-saison-15-sur-tf1","status":"publish","type":"post","link":"https:\/\/www.europesays.com\/fr\/510175\/","title":{"rendered":"un quatuor de coachs in\u00e9dit pour la saison 15 sur TF1"},"content":{"rendered":"<p>    Florent Pagny, Amel Bent, Lara Fabian et Tayc coachs de la saison 15 de \u00ab The Voice\u00a0\u00bb<br \/>\n                POKORSKIHELOISE \/ ITV<\/p>\n<p>\n    La cha\u00eene priv\u00e9e a d\u00e9voil\u00e9 lundi l\u2019identit\u00e9 des quatre artistes qui occuperont les fauteuils rouges du t\u00e9l\u00e9crochet produit par ITV Studios France. Les tournages doivent d\u00e9buter en d\u00e9cembre prochain.<\/p>\n<p class=\"fig-paragraph\">Exit Zaz, Patricia Kaas et Vianney. Pour l\u2019\u00e9dition 2026 de <strong>\u00ab The Voice\u00a0\u00bb<\/strong>, les talents en comp\u00e9tition devront convaincre un quatuor in\u00e9dit de coachs. Revenu l\u2019ann\u00e9e derni\u00e8re,\u00a0<a href=\"http:\/\/tvmag.lefigaro.fr\/programme-tv\/actu-tele\/florent-pagny-de-retour-dans-the-voice-j-ai-l-impression-de-n-etre-jamais-parti-20250130\" target=\"_blank\" data-fig-type=\"Article\" rel=\"noopener nofollow\" data-gtm-custom-categorie=\"navigation\" data-gtm-custom-action=\"crossclick\" data-gtm-custom-label=\"Contextuel\" data-gtm-event=\"customEventSPE\" data-fig-domain=\"TVMAG\"><strong>Florent Pagny<\/strong><\/a> \u00a0sera l\u00e0 pour la onzi\u00e8me fois. Une participation que le chanteur aux six victoires dans l\u2019\u00e9mission (avec St\u00e9phan Rizon, Slimane, Marghe Davico, Nour Brousse, Anne Sila et le trio Il Cello) avait r\u00e9cemment d\u00e9voil\u00e9e\u00a0<a href=\"https:\/\/tvmag.lefigaro.fr\/programme-tv\/actu-tele\/apres-je-tirerai-ma-reverence-la-saison-15-de-the-voice-sera-la-derniere-pour-florent-pagny-20250908?tblci=GiDGCpADP60zMCA5FKyc6RC8hUD9SLup3WJLaF8drJ34ayDwzEYondK95f_PuoQ9\" target=\"_blank\" data-fig-type=\"Article\" rel=\"noopener nofollow\" data-gtm-custom-categorie=\"navigation\" data-gtm-custom-action=\"crossclick\" data-gtm-custom-label=\"Contextuel\" data-gtm-event=\"customEventSPE\" data-fig-domain=\"TVMAG\">\u00e0 nos confr\u00e8res de T\u00e9l\u00e9 7 Jours<\/a> . \u00ab Et apr\u00e8s, je laisserai tout le monde tranquille pendant longtemps\u00a0\u00bb, a-t-il assur\u00e9.<\/p>\n<p class=\"fig-paragraph\">Absente depuis deux ans,\u00a0<a href=\"http:\/\/tvmag.lefigaro.fr\/programme-tv\/actu-tele\/je-n-ai-pas-eu-une-bonne-experience-ni-avec-l-une-ni-avec-l-autre-une-ex-candidate-de-the-voice-balance-sur-jenifer-et-amel-bent-20230501\" target=\"_blank\" data-fig-type=\"Article\" rel=\"noopener nofollow\" data-gtm-custom-categorie=\"navigation\" data-gtm-custom-action=\"crossclick\" data-gtm-custom-label=\"Contextuel\" data-gtm-event=\"customEventSPE\" data-fig-domain=\"TVMAG\"><strong>Amel Bent<\/strong><\/a> \u00a0fait son retour. La chanteuse de 40 ans a occup\u00e9 le fauteuil de coach de \u00ab The Voice\u00a0\u00bb durant quatre saisons, entre 2020 et 2023, sans jamais s\u2019imposer. Autre revenante,\u00a0<a href=\"https:\/\/tvmag.lefigaro.fr\/programme-tv\/the-voice-pourquoi-pascal-obispo-et-lara-fabian-ont-quitte-le-jury_f11548e6-e76e-11ea-9ee4-cd18a568f607\" target=\"_blank\" data-fig-type=\"Article\" rel=\"noopener nofollow\" data-gtm-custom-categorie=\"navigation\" data-gtm-custom-action=\"crossclick\" data-gtm-custom-label=\"Contextuel\" data-gtm-event=\"customEventSPE\" data-fig-domain=\"TVMAG\"><strong>Lara Fabian<\/strong><\/a> <strong>\u00a0<\/strong>avait fini deuxi\u00e8me de la saison 9 en 2020 avec la chanteuse Gustine. Le grand nouveau s\u2019appelle\u00a0<a href=\"https:\/\/tvmag.lefigaro.fr\/programme-tv\/tayc-gagnant-de-danse-avec-les-stars-j-avais-tres-peur-de-faire-cette-emission-mais-au-final-je-n-ai-aucun-regret_e727ed8a-5111-11ec-9ccd-1ef6f0591186\" target=\"_blank\" data-fig-type=\"Article\" rel=\"noopener nofollow\" data-gtm-custom-categorie=\"navigation\" data-gtm-custom-action=\"crossclick\" data-gtm-custom-label=\"Contextuel\" data-gtm-event=\"customEventSPE\" data-fig-domain=\"TVMAG\"><strong>Tayc<\/strong><\/a>, artiste marseillais de 29 ans, vainqueur de la saison 11 de \u00ab Danse avec les stars\u00a0\u00bb en novembre 2021 sur TF1.<\/p>\n<p class=\"fig-body-link\">\n            \u00c0 lire aussi<br \/>\n        <a class=\"fig-body-link__link\" href=\"http:\/\/tvmag.lefigaro.fr\/programme-tv\/tele-realite\/star-academy-de-the-voice-kids-a-the-boys-decouvrez-les-experiences-passees-des-candidats-de-la-saison-13-20251022\" target=\"_blank\" data-fig-type=\"Article\" rel=\"noopener nofollow\" data-gtm-custom-categorie=\"navigation\" data-gtm-custom-action=\"crossclick\" data-gtm-custom-label=\"Contextuel\" data-gtm-event=\"customEventSPE\" data-fig-domain=\"TVMAG\"><\/p>\n<p>        \u00abStar Academy\u00bb\u00a0: de \u00abThe Voice Kids\u00bb \u00e0 The Boys, d\u00e9couvrez les exp\u00e9riences pass\u00e9es des candidats de la saison 13<br \/>\n    <\/a>\n<\/p>\n<p>                                    <a class=\"fig-a11y-skip a11y-hidden\" href=\"#fig-a11y-skip-main-inarticle\"><br \/>\n        Passer la publicit\u00e9<br \/>\n    <\/a><\/p>\n<p>Une saison 15 de \u00ab The Voice\u00a0\u00bb riche en nouveaut\u00e9s<\/p>\n<p class=\"fig-paragraph\">La saison 15 de \u00ab The Voice\u00a0\u00bb sera diffus\u00e9e d\u00e9but 2026 sur TF1. Les tournages des auditions \u00e0 l\u2019aveugle, premi\u00e8re \u00e9tape embl\u00e9matique du concours de chant, doivent se d\u00e9rouler en d\u00e9cembre prochain \u00e0 Saint-Denis. Pour le quinzi\u00e8me anniversaire de son t\u00e9l\u00e9crochet, la cha\u00eene promet \u00ab une \u00e9dition historique, riche en nouveaut\u00e9s, en \u00e9nergie et en rencontres inoubliables\u00a0\u00bb.<\/p>\n<p class=\"fig-paragraph\">En 2021, ITV Studios France avait propos\u00e9 une \u00e9dition sp\u00e9ciale \u00e0 l\u2019occasion des 10 ans du programme. Pour l\u2019occasion, cinq coachs avaient \u00e9cout\u00e9 des voix connues des t\u00e9l\u00e9spectateurs puisque des anciens talents de \u00ab The Voice\u00a0\u00bb avaient retent\u00e9 leur chance, dont\u00a0<a href=\"https:\/\/tvmag.lefigaro.fr\/programme-tv\/anne-sila-vainqueur-de-the-voice-all-stars-representer-la-france-a-l-eurovision-pourquoi-pas_abe4d314-34a6-11ec-9dd9-93bee9865f96\" target=\"_blank\" data-fig-type=\"Article\" rel=\"noopener nofollow\" data-gtm-custom-categorie=\"navigation\" data-gtm-custom-action=\"crossclick\" data-gtm-custom-label=\"Contextuel\" data-gtm-event=\"customEventSPE\" data-fig-domain=\"TVMAG\"><strong>Anne Sila<\/strong><\/a>, la gagnante.<\/p>\n","protected":false},"excerpt":{"rendered":"Florent Pagny, Amel Bent, Lara Fabian et Tayc coachs de la saison 15 de \u00ab The Voice\u00a0\u00bb POKORSKIHELOISE&hellip;\n","protected":false},"author":2,"featured_media":510176,"comment_status":"","ping_status":"","sticky":false,"template":"","format":"standard","meta":{"footnotes":""},"categories":[8],"tags":[58,59,1011,27,3074],"class_list":{"0":"post-510175","1":"post","2":"type-post","3":"status-publish","4":"format-standard","5":"has-post-thumbnail","7":"category-divertissement","8":"tag-divertissement","9":"tag-entertainment","10":"tag-fr","11":"tag-france","12":"tag-the-voice"},"share_on_mastodon":{"url":"https:\/\/pubeurope.com\/@fr\/115489136034031716","error":""},"_links":{"self":[{"href":"https:\/\/www.europesays.com\/fr\/wp-json\/wp\/v2\/posts\/510175","targetHints":{"allow":["GET"]}}],"collection":[{"href":"https:\/\/www.europesays.com\/fr\/wp-json\/wp\/v2\/posts"}],"about":[{"href":"https:\/\/www.europesays.com\/fr\/wp-json\/wp\/v2\/types\/post"}],"author":[{"embeddable":true,"href":"https:\/\/www.europesays.com\/fr\/wp-json\/wp\/v2\/users\/2"}],"replies":[{"embeddable":true,"href":"https:\/\/www.europesays.com\/fr\/wp-json\/wp\/v2\/comments?post=510175"}],"version-history":[{"count":0,"href":"https:\/\/www.europesays.com\/fr\/wp-json\/wp\/v2\/posts\/510175\/revisions"}],"wp:featuredmedia":[{"embeddable":true,"href":"https:\/\/www.europesays.com\/fr\/wp-json\/wp\/v2\/media\/510176"}],"wp:attachment":[{"href":"https:\/\/www.europesays.com\/fr\/wp-json\/wp\/v2\/media?parent=510175"}],"wp:term":[{"taxonomy":"category","embeddable":true,"href":"https:\/\/www.europesays.com\/fr\/wp-json\/wp\/v2\/categories?post=510175"},{"taxonomy":"post_tag","embeddable":true,"href":"https:\/\/www.europesays.com\/fr\/wp-json\/wp\/v2\/tags?post=510175"}],"curies":[{"name":"wp","href":"https:\/\/api.w.org\/{rel}","templated":true}]}}