{"id":51018,"date":"2025-04-25T05:48:07","date_gmt":"2025-04-25T05:48:07","guid":{"rendered":"https:\/\/www.europesays.com\/fr\/51018\/"},"modified":"2025-04-25T05:48:07","modified_gmt":"2025-04-25T05:48:07","slug":"marseille-ce-stade-mythique-a-leffigie-de-jul-enchaine-les-fermetures-ce-quil-se-passe","status":"publish","type":"post","link":"https:\/\/www.europesays.com\/fr\/51018\/","title":{"rendered":"Marseille. Ce stade mythique \u00e0 l&rsquo;effigie de Jul encha\u00eene les fermetures, ce qu&rsquo;il se passe"},"content":{"rendered":"<p>            Par<br \/>\n        <strong><br \/>\n            <a href=\"https:\/\/actu.fr\/auteur\/fabien-binacchi\" title=\"Consulter tous les articles de Fabien Binacchi\" target=\"_blank\" rel=\"noopener\">Fabien Binacchi<\/a><br \/>\n        <\/strong><\/p>\n<p>        Publi\u00e9 le<\/p>\n<p>            25 avr. 2025 \u00e0 7h45        <\/p>\n<p>Dans le quartier Vauban, \u00e0 Marseille, l\u2019acc\u00e8s au <strong>stade Baudon<\/strong>, le fameux terrain bleu \u00e0 l\u2019effigie de Jul, est interdit depuis le 14\u00a0avril. Une nouvelle fermeture <strong>\u00ab\u2009jusqu\u2019\u00e0 nouvel ordre\u2009\u00bb<\/strong>, apr\u00e8s une premi\u00e8re au mois de mars.<\/p>\n<p class=\" wall-content\">Voici ce qu\u2019il se passe.<\/p>\n<p>Chute d\u2019arbres et travaux<\/p>\n<p class=\" wall-content\">Au pied de Notre-Dame-de-la-garde, dans <strong>le 6e arrondissement<\/strong> de Marseille, le stade Julien Baudon, baptis\u00e9 en hommage \u00e0 un enfant du quartier Vauban, supporter de l\u2019Olympique de Marseille et disparu en f\u00e9vrier\u00a02013, est inaccessible.<\/p>\n<p class=\" wall-content\">C\u2019est le cas depuis le 14\u00a0avril.<\/p>\n<p class=\" wall-content\">Une premi\u00e8re fermeture temporaire <strong>entre le 3 et le 12\u00a0mars<\/strong> avait \u00e9t\u00e9 d\u00e9cid\u00e9e \u00e0 l\u2019\u00e9poque suite \u00ab\u2009\u00e0 la chute de deux arbres sur le terrain, \u00e0 cause du vent\u2009\u00bb, rappelle-t-on en mairie.<\/p>\n<p>Vid\u00e9os : en ce moment sur Actu<\/p>\n<p class=\" wall-content\">Rendu aux habitants, l\u2019\u00e9quipement sportif a finalement \u00e9t\u00e9 \u00e0 nouveau interdit d\u2019acc\u00e8s il y a une dizaine de jours pour <strong>des travaux de \u00ab\u2009s\u00e9curit\u00e9\u2009\u00bb<\/strong>, indique-t-on \u00e0 actu Marseille.<\/p>\n<p>Aucune date de r\u00e9ouverture pour l\u2019instant<\/p>\n<p class=\" wall-content\">L\u2019incident du mois de mars aurait ainsi provoqu\u00e9 un \u00ab\u2009affaissement du grillage \u00e0 l\u2019int\u00e9rieur du site\u2009\u00bb qui entra\u00eene <strong>\u00ab\u2009un risque de blessure\u2009\u00bb pour le public.<\/strong><\/p>\n<p class=\" wall-content\">Un chantier de \u00ab\u2009remise en \u00e9tat\u2009\u00bb a donc \u00e9t\u00e9 d\u00e9cid\u00e9 mais aucune date de r\u00e9ouverture n\u2019est pour le moment arr\u00eat\u00e9e, fait-on encore savoir \u00e0 la mairie de Marseille.<\/p>\n<p>Un terrain r\u00e9habilit\u00e9 l\u2019an dernier<\/p>\n<p class=\" wall-content\">Sur X, ce 22\u00a0avril, celle des 6e et 8e arrondissements de la ville indiquait simplement\u2009:<\/p>\n<blockquote class=\"ac-article-quote wall-content\">\n<p>Nos \u00e9quipes travaillent activement \u00e0 remettre l\u2019\u00e9quipement en \u00e9tat<\/p>\n<p>    <strong\/>\n            <\/p><\/blockquote>\n<p class=\" wall-content\">\n<p class=\" wall-content\">R\u00e9habilit\u00e9 et inaugur\u00e9 en 2024 en pr\u00e9sence notamment du pr\u00e9sident de l\u2019OM, Pablo Longoria, le<strong> terrain, tout bleu,<\/strong> est aux couleurs de l\u2019artiste marseillais Jul.<\/p>\n<p class=\" wall-content\">Suivez toute l\u2019actualit\u00e9 de vos villes et m\u00e9dias favoris en vous inscrivant \u00e0 <a href=\"https:\/\/moncompte.actu.fr\" title=\"D\u00e9couvez Mon Actu\" rel=\"nofollow noopener\" data-trk=\"{&quot;cta&quot;:{&quot;action&quot;:&quot;https:\\\/\\\/moncompte.actu.fr&quot;,&quot;category&quot;:&quot;mon compte&quot;,&quot;from&quot;:&quot;article footer&quot;,&quot;name&quot;:&quot;Mon actu&quot;,&quot;type&quot;:&quot;cta&quot;}}\" target=\"_blank\">Mon Actu<\/a>.<\/p>\n","protected":false},"excerpt":{"rendered":"Par Fabien Binacchi Publi\u00e9 le 25 avr. 2025 \u00e0 7h45 Dans le quartier Vauban, \u00e0 Marseille, l\u2019acc\u00e8s au&hellip;\n","protected":false},"author":2,"featured_media":51019,"comment_status":"","ping_status":"","sticky":false,"template":"","format":"standard","meta":{"footnotes":""},"categories":[2814],"tags":[119,1111,11,1777,674,1011,27,1279,884,12,882,25,104,517],"class_list":{"0":"post-51018","1":"post","2":"type-post","3":"status-publish","4":"format-standard","5":"has-post-thumbnail","7":"category-marseille","8":"tag-accident","9":"tag-actu","10":"tag-actualites","11":"tag-eu","12":"tag-europe","13":"tag-fr","14":"tag-france","15":"tag-jul","16":"tag-marseille","17":"tag-news","18":"tag-provence-alpes-cote-dazur","19":"tag-republique-francaise","20":"tag-societe","21":"tag-sport"},"share_on_mastodon":{"url":"https:\/\/pubeurope.com\/@fr\/114397033722570372","error":""},"_links":{"self":[{"href":"https:\/\/www.europesays.com\/fr\/wp-json\/wp\/v2\/posts\/51018","targetHints":{"allow":["GET"]}}],"collection":[{"href":"https:\/\/www.europesays.com\/fr\/wp-json\/wp\/v2\/posts"}],"about":[{"href":"https:\/\/www.europesays.com\/fr\/wp-json\/wp\/v2\/types\/post"}],"author":[{"embeddable":true,"href":"https:\/\/www.europesays.com\/fr\/wp-json\/wp\/v2\/users\/2"}],"replies":[{"embeddable":true,"href":"https:\/\/www.europesays.com\/fr\/wp-json\/wp\/v2\/comments?post=51018"}],"version-history":[{"count":0,"href":"https:\/\/www.europesays.com\/fr\/wp-json\/wp\/v2\/posts\/51018\/revisions"}],"wp:featuredmedia":[{"embeddable":true,"href":"https:\/\/www.europesays.com\/fr\/wp-json\/wp\/v2\/media\/51019"}],"wp:attachment":[{"href":"https:\/\/www.europesays.com\/fr\/wp-json\/wp\/v2\/media?parent=51018"}],"wp:term":[{"taxonomy":"category","embeddable":true,"href":"https:\/\/www.europesays.com\/fr\/wp-json\/wp\/v2\/categories?post=51018"},{"taxonomy":"post_tag","embeddable":true,"href":"https:\/\/www.europesays.com\/fr\/wp-json\/wp\/v2\/tags?post=51018"}],"curies":[{"name":"wp","href":"https:\/\/api.w.org\/{rel}","templated":true}]}}