{"id":510180,"date":"2025-11-04T02:47:11","date_gmt":"2025-11-04T02:47:11","guid":{"rendered":"https:\/\/www.europesays.com\/fr\/510180\/"},"modified":"2025-11-04T02:47:11","modified_gmt":"2025-11-04T02:47:11","slug":"plus-que-les-scrutins-dans-le-new-jersey-et-la-virginie-lelection-a-la-mairie-de-new-york-pourrait-determiner-lavenir-des-democrates","status":"publish","type":"post","link":"https:\/\/www.europesays.com\/fr\/510180\/","title":{"rendered":"Plus que les scrutins dans le New Jersey et la Virginie, l\u2019\u00e9lection \u00e0 la mairie de New York pourrait d\u00e9terminer l\u2019avenir des d\u00e9mocrates"},"content":{"rendered":"<p>    R\u00e9sum\u00e9 en 20 secondes<\/p>\n<p>        En savoir plus sur ce type de contenu<\/p>\n<p>Ce r\u00e9sum\u00e9 peut avoir \u00e9t\u00e9 \u00e9crit avec l&rsquo;assistance d\u2019une IA g\u00e9n\u00e9rative. <a href=\"https:\/\/www.letemps.ch\/cyber\/l-usage-de-l-ia-generative-par-les-journalistes-du-temps\" target=\"_blank\" rel=\"noopener\">En savoir plus<\/a><\/p>\n<p class=\"article__abstract-call-to-action\" data-ariato=\"TrackableElement\" data-trackable-element-type=\"article_abstract_cta\" data-trackable-element-location=\"article_header\" data-trackable-element-id=\"510903\">\n        <a data-event=\"click-&gt;clicked\" href=\"https:\/\/www.letemps.ch\/abonnements\" target=\"_blank\" rel=\"noopener\">Abonnez-vous<\/a> pour acc\u00e9der au r\u00e9sum\u00e9 en 20 secondes.\n      <\/p>\n<p>Le destin du Parti d\u00e9mocrate va-t-il se jouer le 4\u00a0novembre? A l\u2019occasion de trois \u00e9lections, \u00e0 New York, dans le New Jersey et en Virginie, des millions d\u2019\u00e9lecteurs vont donner une indication sur ce que la formation politique pourrait devenir. Un an apr\u00e8s la d\u00e9faite de Kamala Harris face \u00e0 Donald Trump lors de la pr\u00e9sidentielle, les d\u00e9mocrates demeurent sonn\u00e9s et n\u2019ont toujours pas trouv\u00e9 la strat\u00e9gie pour redevenir cr\u00e9dibles aux yeux des Am\u00e9ricains, dont 63% ont un avis n\u00e9gatif sur le parti.<\/p>\n<p>Les scrutins pour les postes de gouverneurs de Virginie et du New Jersey mettent en sc\u00e8ne deux femmes repr\u00e9sentant l\u2019aile traditionnelle du parti. Dans le premier Etat, l\u2019ex-congressiste Abigail Spanberger dispose d\u2019une certaine avance sur son adversaire r\u00e9publicaine Winsome Earle-Sears. Dans un Etat touch\u00e9 par les licenciements massifs de fonctionnaires f\u00e9d\u00e9raux op\u00e9r\u00e9s par l\u2019administration Trump, la d\u00e9mocrate focalise beaucoup sa campagne \u00e9lectorale sur son opposition au pr\u00e9sident am\u00e9ricain. Dans le New Jersey, c\u2019est aussi une ancienne congressiste (Mikie Sherrill) qui d\u00e9fie un candidat r\u00e9publicain (Jack Ciattarelli) soutenu par la Maison-Blanche. Ces deux \u00e9lections apparaissent davantage comme un r\u00e9f\u00e9rendum sur le trumpisme que comme un scrutin susceptible de r\u00e9orienter le Parti d\u00e9mocrate.<\/p>\n","protected":false},"excerpt":{"rendered":"R\u00e9sum\u00e9 en 20 secondes En savoir plus sur ce type de contenu Ce r\u00e9sum\u00e9 peut avoir \u00e9t\u00e9 \u00e9crit&hellip;\n","protected":false},"author":2,"featured_media":510181,"comment_status":"","ping_status":"","sticky":false,"template":"","format":"standard","meta":{"footnotes":""},"categories":[5],"tags":[11,73,1011,27,14,12,301,28],"class_list":{"0":"post-510180","1":"post","2":"type-post","3":"status-publish","4":"format-standard","5":"has-post-thumbnail","7":"category-international","8":"tag-actualites","9":"tag-etats-unis","10":"tag-fr","11":"tag-france","12":"tag-international","13":"tag-news","14":"tag-premium","15":"tag-world"},"share_on_mastodon":{"url":"https:\/\/pubeurope.com\/@fr\/115489147925841126","error":""},"_links":{"self":[{"href":"https:\/\/www.europesays.com\/fr\/wp-json\/wp\/v2\/posts\/510180","targetHints":{"allow":["GET"]}}],"collection":[{"href":"https:\/\/www.europesays.com\/fr\/wp-json\/wp\/v2\/posts"}],"about":[{"href":"https:\/\/www.europesays.com\/fr\/wp-json\/wp\/v2\/types\/post"}],"author":[{"embeddable":true,"href":"https:\/\/www.europesays.com\/fr\/wp-json\/wp\/v2\/users\/2"}],"replies":[{"embeddable":true,"href":"https:\/\/www.europesays.com\/fr\/wp-json\/wp\/v2\/comments?post=510180"}],"version-history":[{"count":0,"href":"https:\/\/www.europesays.com\/fr\/wp-json\/wp\/v2\/posts\/510180\/revisions"}],"wp:featuredmedia":[{"embeddable":true,"href":"https:\/\/www.europesays.com\/fr\/wp-json\/wp\/v2\/media\/510181"}],"wp:attachment":[{"href":"https:\/\/www.europesays.com\/fr\/wp-json\/wp\/v2\/media?parent=510180"}],"wp:term":[{"taxonomy":"category","embeddable":true,"href":"https:\/\/www.europesays.com\/fr\/wp-json\/wp\/v2\/categories?post=510180"},{"taxonomy":"post_tag","embeddable":true,"href":"https:\/\/www.europesays.com\/fr\/wp-json\/wp\/v2\/tags?post=510180"}],"curies":[{"name":"wp","href":"https:\/\/api.w.org\/{rel}","templated":true}]}}