{"id":510182,"date":"2025-11-04T02:48:13","date_gmt":"2025-11-04T02:48:13","guid":{"rendered":"https:\/\/www.europesays.com\/fr\/510182\/"},"modified":"2025-11-04T02:48:13","modified_gmt":"2025-11-04T02:48:13","slug":"face-a-la-penurie-de-medecins-aux-urgences-de-caen-le-gouvernement-apporte-sa-premiere-reponse","status":"publish","type":"post","link":"https:\/\/www.europesays.com\/fr\/510182\/","title":{"rendered":"Face \u00e0 la p\u00e9nurie de m\u00e9decins aux urgences de Caen, le gouvernement apporte sa premi\u00e8re r\u00e9ponse"},"content":{"rendered":"<p>        <img decoding=\"async\" loading=\"lazy\" src=\"https:\/\/www.europesays.com\/fr\/wp-content\/uploads\/2025\/11\/d687f1d_upload-1-p9wdiihmnrpn-afp-20251030-82jm78x-v2-highres-francepoliticsgovernmenthealth.jpg\"  width=\"728\" height=\"409\" alt=\"Le Premier ministre S\u00e9bastien Lecornu (au centre) et la ministre fran\u00e7aise de la Sant\u00e9 St\u00e9phanie Rist (\u00e0 gauche) \u00e0 l\u2019h\u00f4pital de Carentan, le 30\u00a0octobre 2025.\"\/>  <\/p>\n<p>LOU BENOIST \/ AFP<\/p>\n<p>Le Premier ministre S\u00e9bastien Lecornu (au centre) et la ministre fran\u00e7aise de la Sant\u00e9 St\u00e9phanie Rist (\u00e0 gauche) \u00e0 l\u2019h\u00f4pital de Carentan, le 30\u00a0octobre 2025.<\/p>\n<p class=\"asset asset-text\">POLITIQUE &#8211; Premier rem\u00e8de d\u2019urgence face \u00e0 une situation jug\u00e9e \u00ab\u00a0dramatique\u00a0\u00bb par la CGT. Le gouvernement a promis ce lundi 3\u00a0novembre des renforts au<a href=\"https:\/\/www.huffingtonpost.fr\/faits-divers\/article\/huit-familles-portent-plainte-dans-l-affaire-des-abus-sexuels-sur-des-bebes-a-l-hopital-de-montreuil_253762.html\" target=\"_blank\" rel=\"noopener\"> CHU<\/a> de Caen o\u00f9 les services d\u2019urgences sont contraints de fonctionner sans internes, faute de m\u00e9decins exp\u00e9riment\u00e9s pour les encadrer.<\/p>\n<p class=\"asset asset-text\">Interrog\u00e9e sur BFMTV, la ministre de la Sant\u00e9,<a href=\"https:\/\/www.huffingtonpost.fr\/france\/video\/a-la-maternite-des-lilas-un-ultime-elan-d-amour-pour-les-equipes-avant-la-fermeture-j-ai-le-c-ur-gros_256604.html\" target=\"_blank\" rel=\"noopener\" title=\"Nouvelle fen\u00eatre\"> St\u00e9phanie Rist<\/a>, a expliqu\u00e9\u00a0: \u00ab\u00a0J\u2019ai fait mobiliser la r\u00e9serve sanitaire pour que des m\u00e9decins en renfort puissent arriver\u00a0et pour faire en sorte que des internes puissent revenir dans les six prochains mois\u00a0\u00bb, a-t-elle annonc\u00e9. <a href=\"https:\/\/www.santepubliquefrance.fr\/a-propos\/nos-principes-fondateurs\/reserve-sanitaire\/etre-reserviste\" target=\"_blank\" rel=\"noopener\" title=\"Nouvelle fen\u00eatre\">Sant\u00e9 Publique France<\/a> pr\u00e9cise que cette r\u00e9serve est \u00ab\u00a0constitu\u00e9e de professionnels de sant\u00e9 volontaires et mobilisables \u00e0 tout moment par le minist\u00e8re de la Sant\u00e9 ou les agences r\u00e9gionales de sant\u00e9.\u00a0\u00bb Il y avait environ 7\u00a0200 r\u00e9servistes engag\u00e9s en 2022.<\/p>\n<p class=\"asset asset-text\">Et la ministre a promis que les urgences du CHU vont fonctionner m\u00eame \u00ab\u00a0sans interne\u00a0\u00bb et continuer d\u2019accueillir les patients.<\/p>\n<p>    Les urgences du CHU de Toulouse restreignent leur capacit\u00e9 d\u2019accueil    <\/p>\n<p class=\"asset asset-text\">St\u00e9phanie Rist a estim\u00e9 que le service d\u2019acc\u00e8s aux soins, qui vise, en appelant le 15, \u00e0 \u00e9viter les passages inutiles aux urgences en orientant les patients vers la bonne prise en charge, \u00e9tait \u00ab\u00a0tr\u00e8s important parce qu\u2019avec le vieillissement de la population, de toute fa\u00e7on, il faut trouver des solutions en amont des urgences\u00a0\u00bb.<\/p>\n<p class=\"asset asset-text\">\u00ab\u00a0Il y a 612 services d\u2019urgence dans notre pays et on est tr\u00e8s vigilants \u00e0 ce qu\u2019ils fonctionnent correctement\u00a0\u00bb, a-t-elle ajout\u00e9.<\/p>\n<p class=\"asset asset-text\">Cependant, les probl\u00e8mes ne sont pas propres \u00e0 l\u2019\u00e9tablissement caennais, a fustig\u00e9 la pr\u00e9sidente de l\u2019Intersyndicale nationale des internes (Isni), M\u00e9lanie Debarreix. \u00ab\u00a0C\u2019est partout pareil en France\u00a0: les internes ont peur de parler, par crainte des r\u00e9percussions\u00a0\u00bb, a-t-elle expliqu\u00e9 \u00e0 l\u2019AFP.<\/p>\n<p class=\"asset asset-text\">Les services d\u2019urgence du CHU de Toulouse ont d\u2019ailleurs restreint ce lundi et au moins jusqu\u2019\u00e0 fin d\u00e9cembre leur capacit\u00e9 d\u2019accueil, faute d\u2019effectifs suffisants. La direction du centre hospitalier a annonc\u00e9 une \u00ab\u00a0organisation temporaire des urgences adultes\u00a0\u00bb pour novembre et d\u00e9cembre, avec une activit\u00e9 \u00ab\u00a0recentr\u00e9e\u00a0\u00bb sur la \u00ab\u00a0prise en charge des patients n\u00e9cessitant des soins hospitaliers ou une hospitalisation\u00a0\u00bb.<\/p>\n<p class=\"asset asset-text\">\u00c0 Caen, la sant\u00e9 des internes \u00e9tait en jeu. Les conditions d\u2019encadrement \u00ab\u00a0n\u2019\u00e9taient pas satisfaisantes, il y a eu des saisines et certains \u00e9taient en surcharge \u00e9motionnelle\u00a0\u00bb, selon l\u2019Isni.<\/p>\n<p>    Un senior encadrant pour un interne    <\/p>\n<p class=\"asset asset-text\">Le doyen de l\u2019UFR Sant\u00e9 de Caen, Paul-Ursmar Milliez, a dit \u00e0 l\u2019AFP avoir \u00ab\u00a0demand\u00e9 la suspension de l\u2019agr\u00e9ment [pour accueillir des internes en stage] apr\u00e8s un signalement l\u00e9gitime d\u00e9but septembre\u00a0\u00bb.<\/p>\n<p class=\"asset asset-text\">Selon lui, il faudra pour lever cette suspension un nouveau projet p\u00e9dagogique \u00ab\u00a0convaincant\u00a0\u00bb en mai\u00a02026. Parmi les mesures demand\u00e9es, un senior encadrant pour un interne alors qu\u2019ils sont aujourd\u2019hui un pour deux internes. Il estime ainsi qu\u2019il faudra \u00ab\u00a0embaucher 15 seniors\u00a0\u00bb.<\/p>\n<p class=\"asset asset-text\">\u00ab\u00a0L\u2019enjeu n\u2019est pas financier mais celui de la ressource m\u00e9dicale\u00a0\u00bb, a cependant soulign\u00e9 Fran\u00e7ois Mengin-Lecreulx, directeur g\u00e9n\u00e9ral de l\u2019Agence r\u00e9gionale de sant\u00e9 (ARS) Normandie, car \u00ab\u00a0il n\u2019y a pas assez de m\u00e9decins urgentistes\u00a0\u00bb en France.<\/p>\n<p class=\"asset asset-text\">Pour le moment, l\u2019ARS et la direction de l\u2019h\u00f4pital ont puis\u00e9 dans \u00ab\u00a0la ressource\u00a0\u00bb de l\u2019\u00e9tablissement avec des m\u00e9decins d\u2019autres services, \u00ab\u00a0la solidarit\u00e9 territoriale\u00a0\u00bb avec des renforts d\u2019autres h\u00f4pitaux et une r\u00e9gulation des urgences renforc\u00e9e, a-t-il pr\u00e9cis\u00e9.<\/p>\n<p class=\"asset asset-text\">La sortie de cette crise \u00ab\u00a0tr\u00e8s forte\u00a0\u00bb passe, selon Fran\u00e7ois Mengin-Lecreulx, par une \u00ab\u00a0mutualisation inter\u00e9tablissements\u00a0\u00bb en attendant 2026 et l\u2019arriv\u00e9e de nouveaux m\u00e9decins plus nombreux gr\u00e2ce \u00e0 l\u2019assouplissement du numerus clausus.<\/p>\n","protected":false},"excerpt":{"rendered":"LOU BENOIST \/ AFP Le Premier ministre S\u00e9bastien Lecornu (au centre) et la ministre fran\u00e7aise de la Sant\u00e9&hellip;\n","protected":false},"author":2,"featured_media":510183,"comment_status":"","ping_status":"","sticky":false,"template":"","format":"standard","meta":{"footnotes":""},"categories":[4],"tags":[11,1011,27,125,12,316,25,71,6444],"class_list":{"0":"post-510182","1":"post","2":"type-post","3":"status-publish","4":"format-standard","5":"has-post-thumbnail","7":"category-france","8":"tag-actualites","9":"tag-fr","10":"tag-france","11":"tag-ministere-de-la-sante","12":"tag-news","13":"tag-politique","14":"tag-republique-francaise","15":"tag-sante","16":"tag-urgences"},"share_on_mastodon":{"url":"https:\/\/pubeurope.com\/@fr\/115489152032261083","error":""},"_links":{"self":[{"href":"https:\/\/www.europesays.com\/fr\/wp-json\/wp\/v2\/posts\/510182","targetHints":{"allow":["GET"]}}],"collection":[{"href":"https:\/\/www.europesays.com\/fr\/wp-json\/wp\/v2\/posts"}],"about":[{"href":"https:\/\/www.europesays.com\/fr\/wp-json\/wp\/v2\/types\/post"}],"author":[{"embeddable":true,"href":"https:\/\/www.europesays.com\/fr\/wp-json\/wp\/v2\/users\/2"}],"replies":[{"embeddable":true,"href":"https:\/\/www.europesays.com\/fr\/wp-json\/wp\/v2\/comments?post=510182"}],"version-history":[{"count":0,"href":"https:\/\/www.europesays.com\/fr\/wp-json\/wp\/v2\/posts\/510182\/revisions"}],"wp:featuredmedia":[{"embeddable":true,"href":"https:\/\/www.europesays.com\/fr\/wp-json\/wp\/v2\/media\/510183"}],"wp:attachment":[{"href":"https:\/\/www.europesays.com\/fr\/wp-json\/wp\/v2\/media?parent=510182"}],"wp:term":[{"taxonomy":"category","embeddable":true,"href":"https:\/\/www.europesays.com\/fr\/wp-json\/wp\/v2\/categories?post=510182"},{"taxonomy":"post_tag","embeddable":true,"href":"https:\/\/www.europesays.com\/fr\/wp-json\/wp\/v2\/tags?post=510182"}],"curies":[{"name":"wp","href":"https:\/\/api.w.org\/{rel}","templated":true}]}}