{"id":510186,"date":"2025-11-04T02:50:21","date_gmt":"2025-11-04T02:50:21","guid":{"rendered":"https:\/\/www.europesays.com\/fr\/510186\/"},"modified":"2025-11-04T02:50:21","modified_gmt":"2025-11-04T02:50:21","slug":"4-nouvelles-nuits-de-fermeture-pour-le-tunnel-du-rond-point","status":"publish","type":"post","link":"https:\/\/www.europesays.com\/fr\/510186\/","title":{"rendered":"4 nouvelles nuits de fermeture pour le tunnel du rond-point"},"content":{"rendered":"\n<p>C&rsquo;est reparti\u00a0:\u00a0<a href=\"https:\/\/www.activradio.com\/saint-etienne-le-tunnel-du-rond-point-ferme-4-nuits-en-direction-de-firminy\" rel=\"noopener nofollow\" target=\"_blank\">comme il y a 15 jours<\/a>, le tunnel du rond-point sur la RN 88, sera ferm\u00e9 toutes les nuits de cette semaine. C\u2019est le sens Saint-Chamond \/ Firminy qui est impact\u00e9 par le chantier. Ce dernier d\u00e9butera \u00e0 20h30 pour se terminer \u00e0 5h30 le lendemain, jusqu&rsquo;\u00e0 vendredi matin inclus.<\/p>\n<p>La d\u00e9viation se fait via l\u2019A72 puis la rocade Ouest pour rejoindre l\u2019Ondaine, depuis Saint-\u00c9tienne.<\/p>\n","protected":false},"excerpt":{"rendered":"C&rsquo;est reparti\u00a0:\u00a0comme il y a 15 jours, le tunnel du rond-point sur la RN 88, sera ferm\u00e9 toutes&hellip;\n","protected":false},"author":2,"featured_media":510187,"comment_status":"","ping_status":"","sticky":false,"template":"","format":"standard","meta":{"footnotes":""},"categories":[9653],"tags":[1111,11,2430,4107,5380,1777,674,1011,27,12,25,15292,20997,4001,2086,17374],"class_list":{"0":"post-510186","1":"post","2":"type-post","3":"status-publish","4":"format-standard","5":"has-post-thumbnail","7":"category-saint-etienne","8":"tag-actu","9":"tag-actualites","10":"tag-auvergne-rhone-alpes","11":"tag-chantier","12":"tag-deviation","13":"tag-eu","14":"tag-europe","15":"tag-fr","16":"tag-france","17":"tag-news","18":"tag-republique-francaise","19":"tag-rn88","20":"tag-rond-point","21":"tag-saint-etienne","22":"tag-travaux","23":"tag-tunnel"},"share_on_mastodon":{"url":"https:\/\/pubeurope.com\/@fr\/115489159661754841","error":""},"_links":{"self":[{"href":"https:\/\/www.europesays.com\/fr\/wp-json\/wp\/v2\/posts\/510186","targetHints":{"allow":["GET"]}}],"collection":[{"href":"https:\/\/www.europesays.com\/fr\/wp-json\/wp\/v2\/posts"}],"about":[{"href":"https:\/\/www.europesays.com\/fr\/wp-json\/wp\/v2\/types\/post"}],"author":[{"embeddable":true,"href":"https:\/\/www.europesays.com\/fr\/wp-json\/wp\/v2\/users\/2"}],"replies":[{"embeddable":true,"href":"https:\/\/www.europesays.com\/fr\/wp-json\/wp\/v2\/comments?post=510186"}],"version-history":[{"count":0,"href":"https:\/\/www.europesays.com\/fr\/wp-json\/wp\/v2\/posts\/510186\/revisions"}],"wp:featuredmedia":[{"embeddable":true,"href":"https:\/\/www.europesays.com\/fr\/wp-json\/wp\/v2\/media\/510187"}],"wp:attachment":[{"href":"https:\/\/www.europesays.com\/fr\/wp-json\/wp\/v2\/media?parent=510186"}],"wp:term":[{"taxonomy":"category","embeddable":true,"href":"https:\/\/www.europesays.com\/fr\/wp-json\/wp\/v2\/categories?post=510186"},{"taxonomy":"post_tag","embeddable":true,"href":"https:\/\/www.europesays.com\/fr\/wp-json\/wp\/v2\/tags?post=510186"}],"curies":[{"name":"wp","href":"https:\/\/api.w.org\/{rel}","templated":true}]}}