{"id":510188,"date":"2025-11-04T02:51:17","date_gmt":"2025-11-04T02:51:17","guid":{"rendered":"https:\/\/www.europesays.com\/fr\/510188\/"},"modified":"2025-11-04T02:51:17","modified_gmt":"2025-11-04T02:51:17","slug":"un-immeuble-de-saint-etienne-prend-feu-apres-un-tir-de-mortier-un-adolescent-interpelle","status":"publish","type":"post","link":"https:\/\/www.europesays.com\/fr\/510188\/","title":{"rendered":"Un immeuble de Saint-\u00c9tienne prend feu apr\u00e8s un tir de mortier, un adolescent interpell\u00e9"},"content":{"rendered":"<p>Un incendie s\u2019est d\u00e9clar\u00e9 dans la soir\u00e9e du vendredi 31\u00a0octobre 2025 dans un immeuble de Saint-\u00c9tienne (Loire). Les habitants ont d\u00fb \u00eatre \u00e9vacu\u00e9s et plusieurs d\u2019entre eux ont \u00e9t\u00e9 hospitalis\u00e9s, <a href=\"https:\/\/www.leprogres.fr\/faits-divers-justice\/2025\/11\/01\/incendie-a-saint-etienne-7-victimes-transportees-par-les-pompiers\" target=\"_blank\" rel=\"nofollow noopener\">rapporte Le Progr\u00e8s <\/a>.<\/p>\n<p>Le feu se serait d\u00e9clench\u00e9 aux environs de 22\u00a0h\u00a030 sur un balcon du premier \u00e9tage, a indiqu\u00e9 une source polici\u00e8re au journal local. S\u2019il a rapidement pu \u00eatre ma\u00eetris\u00e9, il a provoqu\u00e9 un important panache de fum\u00e9e dans les parties communes. Plusieurs dizaines de r\u00e9sidents ont \u00e9t\u00e9 \u00e9vacu\u00e9es et sept d\u2019entre eux, incommod\u00e9s par les fum\u00e9es, ont \u00e9t\u00e9 transport\u00e9s dans diff\u00e9rents h\u00f4pitaux.<\/p>\n<p>Un adolescent interpell\u00e9<\/p>\n<p>Une enqu\u00eate a \u00e9t\u00e9 ouverte et confi\u00e9e \u00e0 la police pour tenter de d\u00e9terminer les circonstances du sinistre. Interrog\u00e9 par Le Progr\u00e8s, un t\u00e9moin a affirm\u00e9 avoir entendu plusieurs d\u00e9tonations correspondant \u00e0 des <strong>\u00ab\u00a0tirs de mortier\u00a0\u00bb <\/strong>peu de temps avant. L\u2019un d\u2019eux aurait atteint le balcon de l\u2019appartement du premier \u00e9tage.<\/p>\n<p><a href=\"https:\/\/www.francebleu.fr\/infos\/faits-divers-justice\/un-adolescent-en-garde-a-vue-pour-avoir-mis-le-feu-a-un-immeuble-a-saint-etienne-4867030\" target=\"_blank\" rel=\"nofollow noopener\">D\u2019apr\u00e8s Ici Saint-\u00c9tienne Loire <\/a>, un adolescent suspect\u00e9 d\u2019en \u00eatre \u00e0 l\u2019origine a \u00e9t\u00e9 interpell\u00e9 le lendemain. \u00c2g\u00e9 de moins de 15\u00a0ans, le mis en cause avait \u00e9t\u00e9 film\u00e9 par les cam\u00e9ras de surveillance et reconnu par l\u2019habitant du logement touch\u00e9. Entendu en garde \u00e0 vue, il aurait reconnu les faits. Il devait \u00eatre d\u00e9f\u00e9r\u00e9 devant la justice en ce d\u00e9but de semaine, pr\u00e9cise la radio locale.<\/p>\n<p>\u00a0<\/p>\n","protected":false},"excerpt":{"rendered":"Un incendie s\u2019est d\u00e9clar\u00e9 dans la soir\u00e9e du vendredi 31\u00a0octobre 2025 dans un immeuble de Saint-\u00c9tienne (Loire). Les&hellip;\n","protected":false},"author":2,"featured_media":510189,"comment_status":"","ping_status":"","sticky":false,"template":"","format":"standard","meta":{"footnotes":""},"categories":[9653],"tags":[1111,11,1084,1438,2430,1777,674,1312,1011,27,5480,9817,38448,12,6020,25,4001,9805],"class_list":{"0":"post-510188","1":"post","2":"type-post","3":"status-publish","4":"format-standard","5":"has-post-thumbnail","7":"category-saint-etienne","8":"tag-actu","9":"tag-actualites","10":"tag-adolescent","11":"tag-angers","12":"tag-auvergne-rhone-alpes","13":"tag-eu","14":"tag-europe","15":"tag-feu","16":"tag-fr","17":"tag-france","18":"tag-immeuble","19":"tag-interpelle","20":"tag-mortier","21":"tag-news","22":"tag-prend","23":"tag-republique-francaise","24":"tag-saint-etienne","25":"tag-tir"},"share_on_mastodon":{"url":"https:\/\/pubeurope.com\/@fr\/115489163486670265","error":""},"_links":{"self":[{"href":"https:\/\/www.europesays.com\/fr\/wp-json\/wp\/v2\/posts\/510188","targetHints":{"allow":["GET"]}}],"collection":[{"href":"https:\/\/www.europesays.com\/fr\/wp-json\/wp\/v2\/posts"}],"about":[{"href":"https:\/\/www.europesays.com\/fr\/wp-json\/wp\/v2\/types\/post"}],"author":[{"embeddable":true,"href":"https:\/\/www.europesays.com\/fr\/wp-json\/wp\/v2\/users\/2"}],"replies":[{"embeddable":true,"href":"https:\/\/www.europesays.com\/fr\/wp-json\/wp\/v2\/comments?post=510188"}],"version-history":[{"count":0,"href":"https:\/\/www.europesays.com\/fr\/wp-json\/wp\/v2\/posts\/510188\/revisions"}],"wp:featuredmedia":[{"embeddable":true,"href":"https:\/\/www.europesays.com\/fr\/wp-json\/wp\/v2\/media\/510189"}],"wp:attachment":[{"href":"https:\/\/www.europesays.com\/fr\/wp-json\/wp\/v2\/media?parent=510188"}],"wp:term":[{"taxonomy":"category","embeddable":true,"href":"https:\/\/www.europesays.com\/fr\/wp-json\/wp\/v2\/categories?post=510188"},{"taxonomy":"post_tag","embeddable":true,"href":"https:\/\/www.europesays.com\/fr\/wp-json\/wp\/v2\/tags?post=510188"}],"curies":[{"name":"wp","href":"https:\/\/api.w.org\/{rel}","templated":true}]}}