{"id":51020,"date":"2025-04-25T05:49:10","date_gmt":"2025-04-25T05:49:10","guid":{"rendered":"https:\/\/www.europesays.com\/fr\/51020\/"},"modified":"2025-04-25T05:49:10","modified_gmt":"2025-04-25T05:49:10","slug":"ehpad-municipal-airbnb-naissances-la-ville-de-marseille-passe-au-vote","status":"publish","type":"post","link":"https:\/\/www.europesays.com\/fr\/51020\/","title":{"rendered":"Ehpad municipal, Airbnb, naissances\u2026 la Ville de Marseille passe au vote"},"content":{"rendered":"<p><img loading=\"lazy\" decoding=\"async\" alt=\"\u00a9 Shutterstock - La Ville de Marseille souhaite cr\u00e9er le premier Ehpad municipal du territoire. Il sera soumis au vote lors du conseil municipal ce 25 avril.\" data-zoom-src=\"https:\/\/www.europesays.com\/fr\/wp-content\/uploads\/2025\/04\/initial-ehpad-municipal-marseille.jpg\" data-zoomable=\"\" height=\"702\" src=\"https:\/\/www.europesays.com\/fr\/wp-content\/uploads\/2025\/04\/initial-ehpad-municipal-marseille.jpg\" width=\"1248\"\/>  <\/p>\n<p class=\"article-desc\">\u00a9 Shutterstock &#8211; La Ville de Marseille souhaite cr\u00e9er le premier Ehpad municipal du territoire. Il sera soumis au vote lors du conseil municipal ce 25 avril. <\/p>\n<p>Chaque institution passe au vote. Apr\u00e8s l\u2019assembl\u00e9e pl\u00e9ni\u00e8re de <a href=\"https:\/\/mesinfos.fr\/provence-alpes-cote-d-azur\/les-valeurs-de-la-region-provence-alpes-cote-d-azur-pour-proteger-son-territoire-221128.html\" rel=\"noopener\" target=\"_blank\">la R\u00e9gion Provence-Alpes-C\u00f4te d\u2019Azur<\/a>, le 23\u00a0avril, c\u2019est au tour de <a href=\"https:\/\/mesinfos.fr\/13000-marseille\/la-ville-de-marseille-au-secours-de-ses-pepites-patrimoniales-216944.html\" rel=\"noopener\" target=\"_blank\">la Ville de Marseille<\/a> d\u2019animer son <strong>conseil municipal<\/strong> ce 25\u00a0avril. A l\u2019ordre du jour : 140\u00a0rapports, 1\u00a0200\u00a0subventions qui devront \u00eatre vot\u00e9s. <a href=\"https:\/\/mesinfos.fr\/13000-marseille\/la-ville-de-marseille-lance-sa-plateforme-educative-poem-209822.html\" rel=\"noopener\" target=\"_blank\">Pierre Huguet<\/a>, pr\u00e9sident du groupe <strong>Printemps marseillais<\/strong> et adjoint au maire en charge de <strong>l\u2019\u00e9ducation<\/strong>, a pr\u00e9sent\u00e9 \u00e0 la presse les principaux dossiers. <\/p>\n<blockquote>\n<p>Ce conseil municipal poursuit les politiques publiques men\u00e9es depuis le d\u00e9but du mandat et qui sont pl\u00e9biscit\u00e9es par les Marseillais\u00a0\u00bb, lance-t-il. <\/p>\n<\/blockquote>\n<p>  Un premier Ehpad municipal \u00e0 Marseille <\/p>\n<p>Annonc\u00e9e au mois d\u2019octobre\u00a02024, par l\u2019adjointe au maire en charge des affaires sociales, <a href=\"https:\/\/mesinfos.fr\/13000-marseille\/sante-securite-solidarite-les-priorites-de-la-ville-de-marseille-217317.html\" rel=\"noopener\" target=\"_blank\">Audrey Garino<\/a>, <strong>la cr\u00e9ation du premier Ehpad municipal (Etablissement d\u2019h\u00e9bergement pour personnes \u00e2g\u00e9es d\u00e9pendantes) \u00e0 Marseille<\/strong> est en bonne voie. C\u2019est le premier rapport d\u00e9battu pour ce conseil municipal. Doit \u00eatre vot\u00e9 <strong>un plan de 24\u00a0M\u20ac<\/strong> pour la <strong>cr\u00e9ation <\/strong>et la <strong>r\u00e9alisation <\/strong>de cet \u00e9quipement. \u00ab\u00a0Nous allons faire d\u2019une pierre deux coups, car on en profite pour r\u00e9habiliter un patrimoine abandonn\u00e9 par la Ville de Marseille depuis 25\u00a0ans\u00a0\u00bb, nous souligne Audrey Garino. <\/p>\n<p>En effet, ce futur \u00e9tablissement devrait prendre ses quartiers dans <strong>le 15e\u00a0arrondissement<\/strong> de Marseille \u00e0 <strong>Campagne L\u00e9v\u00eaque<\/strong>, dans un \u00ab\u00a0ch\u00e2teau incroyable\u00a0\u00bb, nous dit-on. <strong>Quatre-vingt-huit places sont pr\u00e9vues<\/strong> \u00e0 destination des seniors les plus pr\u00e9caires. Car comme le rappelle Audrey Garino : \u00ab\u00a020\u00a0% des plus de 60\u00a0ans vivent sous le seuil de pauvret\u00e9 \u00e0 Marseille.\u00a0\u00bb <\/p>\n<p>Dans la continuit\u00e9 de ces politiques sociales, qui ne sont pas une comp\u00e9tence de la Ville, Audrey Garino annonce \u00e9galement l\u2019installation de <strong>douches municipales<\/strong> au 71 avenue Foch (4e) afin de permettre un acc\u00e8s \u00e9galitaire \u00e0 l\u2019eau.<\/p>\n<p> D\u00e9clarer la naissance de son enfant\u2026 \u00e0 l\u2019h\u00f4pital Saint Joseph \u00e0 Marseille <\/p>\n<p>Chaque ann\u00e9e, Marseille compte 13\u00a0500 <a href=\"https:\/\/mesinfos.fr\/baisse-des-naissances-en-france-de-multiples-facteurs-en-cause-190540.html\" rel=\"noopener\" target=\"_blank\">naissances<\/a>. <strong>L\u2019h\u00f4pital Saint Joseph<\/strong> totalise pr\u00e8s de 4\u00a0600\u00a0naissances par an, faisant de lui <strong>la premi\u00e8re maternit\u00e9<\/strong> de Marseille. A chaque naissance, les parents doivent d\u00e9clarer le nouveau-n\u00e9 dans les cinq jours qui suivent. \u00ab\u00a0Ils ont d\u2019autres choses \u00e0 faire que de courir apr\u00e8s l\u2019administration pour pouvoir enregistrer leur enfant aupr\u00e8s des autorit\u00e9s\u00a0\u00bb, nous explique Pierre Huguet. <\/p>\n<p>Pour faciliter ces d\u00e9marches, la Ville propose<strong> une permanence \u00c9tat civil <\/strong>au sein de l\u2019h\u00f4pital avec une \u00e9quipe d\u00e9di\u00e9e des 6e et 8e\u00a0arrondissements de Marseille pour effectuer ces op\u00e9rations.<\/p>\n<p> Airbnb\u00a0: r\u00e9duction de la dur\u00e9e de location \u00e0 Marseille <\/p>\n<p>La Ville de Marseille s\u00e9vit. Lors de conseil municipal, la municipalit\u00e9 souhaite faire voter un rapport en faveur <a href=\"https:\/\/mesinfos.fr\/13000-marseille\/loi-sur-les-meubles-touristiques-un-texte-qui-aura-un-impact-relativement-limite-199670.html\" rel=\"noopener\" target=\"_blank\">d\u2019une r\u00e9duction de la dur\u00e9e de location<\/a> pour une r\u00e9sidence principale. Passant de 120\u00a0jours \u00e0 90\u00a0jours, afin d\u2019avoir la \u00ab\u00a0r\u00e9glementation la plus stricte sur les locations <strong>Airbnb\u00a0<\/strong>\u00bb, nous glisse Pierre Huguet. En soulignant que cette d\u00e9cision fait suite aux nombreuses mesures d\u00e9j\u00e0 prises par la Ville. <\/p>\n<p>Enfin, la Ville de Marseille compte agir pour <a href=\"https:\/\/mesinfos.fr\/provence-alpes-cote-d-azur\/marseille-est-elle-devenue-une-ville-plus-sure-et-apaisee-218283.html\" rel=\"noopener\" target=\"_blank\">la tranquillit\u00e9 publique<\/a> en la couplant avec la pr\u00e9paration de l\u2019\u00e9t\u00e9. Certains rapports concernent par exemple <strong>la lecture des plaques d\u2019immatriculation<\/strong> \u00e0 l\u2019entr\u00e9e de certaines zones dont la fr\u00e9quentation est limit\u00e9e ou encore <strong>la reconduction des m\u00e9diateurs sociaux<\/strong>. Les votes seront effectu\u00e9s dans la journ\u00e9e.<\/p>\n","protected":false},"excerpt":{"rendered":"\u00a9 Shutterstock &#8211; La Ville de Marseille souhaite cr\u00e9er le premier Ehpad municipal du territoire. Il sera soumis&hellip;\n","protected":false},"author":2,"featured_media":51021,"comment_status":"","ping_status":"","sticky":false,"template":"","format":"standard","meta":{"footnotes":""},"categories":[2814],"tags":[1111,11,7345,12216,1777,674,1011,27,1908,884,12,882,25,1932],"class_list":{"0":"post-51020","1":"post","2":"type-post","3":"status-publish","4":"format-standard","5":"has-post-thumbnail","7":"category-marseille","8":"tag-actu","9":"tag-actualites","10":"tag-airbnb","11":"tag-ehpad","12":"tag-eu","13":"tag-europe","14":"tag-fr","15":"tag-france","16":"tag-logement","17":"tag-marseille","18":"tag-news","19":"tag-provence-alpes-cote-dazur","20":"tag-republique-francaise","21":"tag-solidaritu00e9"},"share_on_mastodon":{"url":"https:\/\/pubeurope.com\/@fr\/114397037397179228","error":""},"_links":{"self":[{"href":"https:\/\/www.europesays.com\/fr\/wp-json\/wp\/v2\/posts\/51020","targetHints":{"allow":["GET"]}}],"collection":[{"href":"https:\/\/www.europesays.com\/fr\/wp-json\/wp\/v2\/posts"}],"about":[{"href":"https:\/\/www.europesays.com\/fr\/wp-json\/wp\/v2\/types\/post"}],"author":[{"embeddable":true,"href":"https:\/\/www.europesays.com\/fr\/wp-json\/wp\/v2\/users\/2"}],"replies":[{"embeddable":true,"href":"https:\/\/www.europesays.com\/fr\/wp-json\/wp\/v2\/comments?post=51020"}],"version-history":[{"count":0,"href":"https:\/\/www.europesays.com\/fr\/wp-json\/wp\/v2\/posts\/51020\/revisions"}],"wp:featuredmedia":[{"embeddable":true,"href":"https:\/\/www.europesays.com\/fr\/wp-json\/wp\/v2\/media\/51021"}],"wp:attachment":[{"href":"https:\/\/www.europesays.com\/fr\/wp-json\/wp\/v2\/media?parent=51020"}],"wp:term":[{"taxonomy":"category","embeddable":true,"href":"https:\/\/www.europesays.com\/fr\/wp-json\/wp\/v2\/categories?post=51020"},{"taxonomy":"post_tag","embeddable":true,"href":"https:\/\/www.europesays.com\/fr\/wp-json\/wp\/v2\/tags?post=51020"}],"curies":[{"name":"wp","href":"https:\/\/api.w.org\/{rel}","templated":true}]}}