{"id":510200,"date":"2025-11-04T03:02:23","date_gmt":"2025-11-04T03:02:23","guid":{"rendered":"https:\/\/www.europesays.com\/fr\/510200\/"},"modified":"2025-11-04T03:02:23","modified_gmt":"2025-11-04T03:02:23","slug":"grenoble-linterprete-de-luka-en-concert-a-la-belle-electrique","status":"publish","type":"post","link":"https:\/\/www.europesays.com\/fr\/510200\/","title":{"rendered":"Grenoble. L\u2019interpr\u00e8te de Luka en concert \u00e0 La Belle \u00c9lectrique"},"content":{"rendered":"<p>Largement consid\u00e9r\u00e9e comme l\u2019une des plus grandes auteures-compositrices de sa g\u00e9n\u00e9ration, Suzanne Vega s\u2019est impos\u00e9e comme une figure de proue du renouveau folk du d\u00e9but des ann\u00e9es 1980. Elle revient en France pour une tourn\u00e9e exceptionnelle et sera de passage par Grenoble avec un spectacle qui couvrira l\u2019ensemble de sa carri\u00e8re et comprendra ses chansons les plus cultes comme des morceaux tir\u00e9s de son nouvel album Flying with Angels.<\/p>\n<p class=\"note\">Lundi 23\u00a0mars 2026 \u00e0 20 heures \u00e0 La Belle \u00c9lectrique \u00e0 Grenoble. Ouverture mercredi 5\u00a0novembre \u00e0 11 heures. 31\/36\u00a0\u20ac.<\/p>\n","protected":false},"excerpt":{"rendered":"Largement consid\u00e9r\u00e9e comme l\u2019une des plus grandes auteures-compositrices de sa g\u00e9n\u00e9ration, Suzanne Vega s\u2019est impos\u00e9e comme une figure&hellip;\n","protected":false},"author":2,"featured_media":510201,"comment_status":"","ping_status":"","sticky":false,"template":"","format":"standard","meta":{"footnotes":""},"categories":[9566],"tags":[1111,11,2430,1687,112,1777,674,1011,27,2731,2732,108,873,12,25,3140],"class_list":{"0":"post-510200","1":"post","2":"type-post","3":"status-publish","4":"format-standard","5":"has-post-thumbnail","7":"category-grenoble","8":"tag-actu","9":"tag-actualites","10":"tag-auvergne-rhone-alpes","11":"tag-culture-loisirs","12":"tag-edition-grenoble-agglomeration","13":"tag-eu","14":"tag-europe","15":"tag-fr","16":"tag-france","17":"tag-grenoble","18":"tag-grenoble-bassin","19":"tag-isere","20":"tag-musique","21":"tag-news","22":"tag-republique-francaise","23":"tag-spectacle"},"share_on_mastodon":{"url":"https:\/\/pubeurope.com\/@fr\/115489206753294270","error":""},"_links":{"self":[{"href":"https:\/\/www.europesays.com\/fr\/wp-json\/wp\/v2\/posts\/510200","targetHints":{"allow":["GET"]}}],"collection":[{"href":"https:\/\/www.europesays.com\/fr\/wp-json\/wp\/v2\/posts"}],"about":[{"href":"https:\/\/www.europesays.com\/fr\/wp-json\/wp\/v2\/types\/post"}],"author":[{"embeddable":true,"href":"https:\/\/www.europesays.com\/fr\/wp-json\/wp\/v2\/users\/2"}],"replies":[{"embeddable":true,"href":"https:\/\/www.europesays.com\/fr\/wp-json\/wp\/v2\/comments?post=510200"}],"version-history":[{"count":0,"href":"https:\/\/www.europesays.com\/fr\/wp-json\/wp\/v2\/posts\/510200\/revisions"}],"wp:featuredmedia":[{"embeddable":true,"href":"https:\/\/www.europesays.com\/fr\/wp-json\/wp\/v2\/media\/510201"}],"wp:attachment":[{"href":"https:\/\/www.europesays.com\/fr\/wp-json\/wp\/v2\/media?parent=510200"}],"wp:term":[{"taxonomy":"category","embeddable":true,"href":"https:\/\/www.europesays.com\/fr\/wp-json\/wp\/v2\/categories?post=510200"},{"taxonomy":"post_tag","embeddable":true,"href":"https:\/\/www.europesays.com\/fr\/wp-json\/wp\/v2\/tags?post=510200"}],"curies":[{"name":"wp","href":"https:\/\/api.w.org\/{rel}","templated":true}]}}