{"id":510202,"date":"2025-11-04T03:03:22","date_gmt":"2025-11-04T03:03:22","guid":{"rendered":"https:\/\/www.europesays.com\/fr\/510202\/"},"modified":"2025-11-04T03:03:22","modified_gmt":"2025-11-04T03:03:22","slug":"seconde-ligue-le-fc-metz-soffre-une-victoire-precieuse-a-grenoble-2","status":"publish","type":"post","link":"https:\/\/www.europesays.com\/fr\/510202\/","title":{"rendered":"Seconde ligue. le FC Metz s\u2019offre une victoire pr\u00e9cieuse \u00e0 Grenoble"},"content":{"rendered":"<p>\t\t\t\t\t299<\/p>\n<p><strong>Le FC Metz s\u2019est impos\u00e9 2-1 sur la pelouse de Grenoble lors de la 6e journ\u00e9e de Seconde Ligue f\u00e9minine. Un succ\u00e8s pr\u00e9cieux \u00e0 l\u2019ext\u00e9rieur.<\/strong><\/p>\n<p><a href=\"https:\/\/letsgometz.com\/seconde-ligue-le-fc-metz-a-lassaut-de-grenoble\/\" target=\"_blank\" rel=\"noopener\">Apr\u00e8s deux semaines de repos<\/a>, le <strong>FC Metz<\/strong> \u00e9tait de retour en championnat avec un d\u00e9placement chez le promu : <a href=\"https:\/\/gf38.fr\/effectif-feminin\/\" target=\"_blank\" rel=\"noopener\">Grenoble<\/a>. L\u2019entame de match \u00e9tait marqu\u00e9e par un coup dur : la sortie sur blessure de <strong>Luisa Oliveira<\/strong> d\u00e8s la premi\u00e8re minute. Le coup-franc siffl\u00e9 par l\u2019arbitre amenait la premi\u00e8re situation offensive messine. Sur le corner cons\u00e9cutif, le ballon \u00e9tait prolong\u00e9 au premier poteau pour <strong>Clara Petitjean<\/strong> qui ouvrait le score (0-1, 4\u00e8me).<\/p>\n<p><img fetchpriority=\"high\" decoding=\"async\" width=\"1200\" height=\"797\" src=\"https:\/\/www.europesays.com\/fr\/wp-content\/uploads\/2025\/11\/9-1200x797.png\" alt=\"\" class=\"wp-image-109681\"  \/><\/p>\n<p>Port\u00e9es par un pressing haut, les joueuses de <strong>Marine Morel<\/strong> dominaient le premier quart d\u2019heure. <strong>Mikayla Dayes<\/strong> multipliait les d\u00e9bordements sur le c\u00f4t\u00e9 gauche sans parvenir \u00e0 faire le break.<\/p>\n<p>Soutenues par leurs supporters pr\u00e9sents au stade du Vercors, les Grenats continuaient d\u2019imposer leur rythme et d\u2019\u00e9touffer leurs adversaires. Les occasions s\u2019encha\u00eenaient, notamment avec une tentative de <strong>Seynabou Mbengue<\/strong> (19\u00e8me) puis une reprise de <strong>Maria Fodil<\/strong>, bien entr\u00e9e en jeu, sur un centre pr\u00e9cis (25\u00e8me).<\/p>\n<p><img loading=\"lazy\" decoding=\"async\" width=\"1200\" height=\"798\" src=\"https:\/\/www.europesays.com\/fr\/wp-content\/uploads\/2025\/11\/DSC_0242-1200x798.jpg\" alt=\"\" class=\"wp-image-109722\"  \/><\/p>\n<p>Les Grenobloises peinaient \u00e0 exister offensivement et devaient attendre la demi-heure de jeu pour obtenir leur premier corner. Sur cette action, elles croyaient m\u00eame \u00e9galiser, mais <strong>Julie Genty<\/strong> sauvaient les siennes sur sa ligne (31\u00e8me).<\/p>\n<p>Le FC Metz r\u00e9agissait imm\u00e9diatement en retrouvant de l\u2019intensit\u00e9 dans les duels et \u00e0 la r\u00e9cup\u00e9ration. <strong>Maria Fodil<\/strong>, encore elle, tentait sa chance de loin (37\u00e8me), sans r\u00e9ussite. Ma\u00eetrisant la fin de premi\u00e8re p\u00e9riode, les messines rentraient logiquement aux vestiaires avec l\u2019avantage au score (0-1).<\/p>\n<p><img loading=\"lazy\" decoding=\"async\" width=\"1200\" height=\"797\" src=\"https:\/\/www.europesays.com\/fr\/wp-content\/uploads\/2025\/11\/27-1200x797.png\" alt=\"\" class=\"wp-image-109699\"  \/><\/p>\n<p>De retour des vestiaires\u2026<\/p>\n<p>Les Grenobloises montraient un tout autre visage. Plus hautes sur le terrain, elles se cr\u00e9aient une double occasion d\u00e8s la reprise, bien g\u00e9r\u00e9e par la gardienne messine (46\u00e8me). L\u2019\u00e9lan offensif des locales \u00e9tait vite r\u00e9compens\u00e9 : l\u2019ancienne joueuse de Metz, <strong>Ad\u00e9lie Fourr\u00e9<\/strong> tentait sa chance \u00e0 l\u2019entr\u00e9e de la surface et trompait <strong>Julie Genty<\/strong> (1-1, 49\u00e8me).<\/p>\n<p>Les Messines peinaient alors \u00e0 retrouver leur ma\u00eetrise du premier acte et se limitaient \u00e0 des frappes lointaines de <strong>Maria Fodil<\/strong> (52\u00e8me) puis d\u2019<strong>Am\u00e9lie Joseph<\/strong> (56\u00e8me), toutes repouss\u00e9es. Quelques minutes plus tard, elles fr\u00f4laient le but du 2-1 en trouvant la barre transversale (59\u00e8me).<\/p>\n<p><img loading=\"lazy\" decoding=\"async\" width=\"1200\" height=\"798\" src=\"https:\/\/www.europesays.com\/fr\/wp-content\/uploads\/2025\/11\/DSC_0446-1200x798.jpg\" alt=\"\" class=\"wp-image-109721\"  \/><\/p>\n<p>\u00c0 l\u2019heure de jeu, la fatigue se f\u00eet sentir des deux c\u00f4t\u00e9s et le rythme retombait. Les coachs proc\u00e9daient \u00e0 plusieurs changements pour relancer la dynamique. Le pari de <strong>Marine Morel<\/strong> \u00e9tait presque gagnant \u00e0 la 75\u00e8me minute : <strong>Ana\u00efs Ribeyra<\/strong> \u00e9liminait deux d\u00e9fenseures avant de frapper, mais la gardienne s\u2019interposait.<\/p>\n<p>La partie restait ind\u00e9cise, les Grenobloises tentaient de forcer la d\u00e9cision gr\u00e2ce \u00e0 plusieurs mouvements collectifs mais <strong>Morgane Duporge<\/strong> puis <strong>L\u00e9a Munier<\/strong> permettaient au messines d\u2019\u00e9carter le danger (80\u00e8me).<\/p>\n<p><img loading=\"lazy\" decoding=\"async\" width=\"1200\" height=\"798\" src=\"https:\/\/www.europesays.com\/fr\/wp-content\/uploads\/2025\/11\/DSC_0490-1-1200x798.jpg\" alt=\"\" class=\"wp-image-109720\"  \/><\/p>\n<p>Alors que la rencontre semblait se diriger vers un match nul, <strong>Ana\u00efs Ribeyra<\/strong> \u00e9tait lanc\u00e9e en profondeur et servait id\u00e9alement <strong>Leina Feddaoui<\/strong>, qui n\u2019avait plus qu\u2019\u00e0 conclure (1-2, 88\u00e8me). Les visiteuses reprenaient l\u2019avantage au meilleur moment et validaient une seconde p\u00e9riode pleine de courage. Apr\u00e8s cinq minutes de temps additionnel parfaitement g\u00e9r\u00e9es, l\u2019arbitre sifflait la fin du match.<\/p>\n<p><strong>Le FC Metz s\u2019impose et d\u00e9passe son adversaire du jour au classement. Un succ\u00e8s aussi pr\u00e9cieux que m\u00e9rit\u00e9. Prochain rendez-vous pour les prot\u00e9g\u00e9es de Marine Morel, dimanche 09 novembre face \u00e0 Saint Malo au stade Dezavelle.<\/strong><\/p>\n<p><strong>La composition du FC Metz<\/strong> : Genty, Jacob, Petitjean, Thivillon, D\u2019Abadie (Antoine 71\u2032), Duporge, Munier, Oliveira Bras (Fodil 5\u2032), Joseph, Dayes (Feddaoui 54\u2032), Mbengue (Ribeyra 71\u2032)<\/p>\n<p><strong>Cr\u00e9dit photos<\/strong> : K\u00e9vin Bignossi\/Let\u2019s Go Metz<\/p>\n","protected":false},"excerpt":{"rendered":"299 Le FC Metz s\u2019est impos\u00e9 2-1 sur la pelouse de Grenoble lors de la 6e journ\u00e9e de&hellip;\n","protected":false},"author":2,"featured_media":510203,"comment_status":"","ping_status":"","sticky":false,"template":"","format":"standard","meta":{"footnotes":""},"categories":[9566],"tags":[1111,11,2430,1777,674,8113,1011,27,2731,11705,6212,12,25,63161],"class_list":{"0":"post-510202","1":"post","2":"type-post","3":"status-publish","4":"format-standard","5":"has-post-thumbnail","7":"category-grenoble","8":"tag-actu","9":"tag-actualites","10":"tag-auvergne-rhone-alpes","11":"tag-eu","12":"tag-europe","13":"tag-fc-metz","14":"tag-fr","15":"tag-france","16":"tag-grenoble","17":"tag-grenoble-foot","18":"tag-metz","19":"tag-news","20":"tag-republique-francaise","21":"tag-seconde-ligue"},"share_on_mastodon":{"url":"https:\/\/pubeurope.com\/@fr\/115489211495219324","error":""},"_links":{"self":[{"href":"https:\/\/www.europesays.com\/fr\/wp-json\/wp\/v2\/posts\/510202","targetHints":{"allow":["GET"]}}],"collection":[{"href":"https:\/\/www.europesays.com\/fr\/wp-json\/wp\/v2\/posts"}],"about":[{"href":"https:\/\/www.europesays.com\/fr\/wp-json\/wp\/v2\/types\/post"}],"author":[{"embeddable":true,"href":"https:\/\/www.europesays.com\/fr\/wp-json\/wp\/v2\/users\/2"}],"replies":[{"embeddable":true,"href":"https:\/\/www.europesays.com\/fr\/wp-json\/wp\/v2\/comments?post=510202"}],"version-history":[{"count":0,"href":"https:\/\/www.europesays.com\/fr\/wp-json\/wp\/v2\/posts\/510202\/revisions"}],"wp:featuredmedia":[{"embeddable":true,"href":"https:\/\/www.europesays.com\/fr\/wp-json\/wp\/v2\/media\/510203"}],"wp:attachment":[{"href":"https:\/\/www.europesays.com\/fr\/wp-json\/wp\/v2\/media?parent=510202"}],"wp:term":[{"taxonomy":"category","embeddable":true,"href":"https:\/\/www.europesays.com\/fr\/wp-json\/wp\/v2\/categories?post=510202"},{"taxonomy":"post_tag","embeddable":true,"href":"https:\/\/www.europesays.com\/fr\/wp-json\/wp\/v2\/tags?post=510202"}],"curies":[{"name":"wp","href":"https:\/\/api.w.org\/{rel}","templated":true}]}}