{"id":510205,"date":"2025-11-04T03:05:20","date_gmt":"2025-11-04T03:05:20","guid":{"rendered":"https:\/\/www.europesays.com\/fr\/510205\/"},"modified":"2025-11-04T03:05:20","modified_gmt":"2025-11-04T03:05:20","slug":"le-collectif-des-indignes-somme-de-demonter-son-campement","status":"publish","type":"post","link":"https:\/\/www.europesays.com\/fr\/510205\/","title":{"rendered":"le collectif des indign\u00e9s somm\u00e9 de d\u00e9monter son campement"},"content":{"rendered":"<p>            Par<br \/>\n        <strong><br \/>\n            <a href=\"https:\/\/actu.fr\/auteur\/matheo-girard\" title=\"Consulter tous les articles de Matheo Girard\" target=\"_blank\" rel=\"noopener\">Matheo Girard<\/a><br \/>\n        <\/strong><\/p>\n<p>        Publi\u00e9 le<\/p>\n<p>            3 nov. 2025 \u00e0 17h31        <\/p>\n<p>Que va devenir <a href=\"https:\/\/actu.fr\/bretagne\/chateaugiron_35069\/un-gros-ras-le-bol-apres-bloquons-tout-ils-creent-un-village-d-indignes-le-long-d-une-departementale_63176292.html\" target=\"_blank\" rel=\"noopener\"><b>le collectif des indign\u00e9s \u00e0 Ch\u00e2teaugiron<\/b><\/a> (Ille-et-Vilaine), qui avait \u00e9lu domicile dans un champ le long de la d\u00e9partementale\u2009? Le 22\u00a0octobre 2025, <b><a href=\"https:\/\/actu.fr\/bretagne\/vitre_35360\/municipales-2026-dans-le-pays-de-vitre-votre-maire-va-t-il-se-representer_63346962.html\" target=\"_blank\" rel=\"noopener\">le maire, Yves Renault,<\/a><\/b> a adress\u00e9 un courrier \u00e0 <b>la famille Bertel<\/b>, propri\u00e9taire de la parcelle agricole, faisant \u00e9tat d\u2019une infraction au code de l\u2019urbanisme.<\/p>\n<p class=\" wall-content\">\u00ab\u2009Il a \u00e9t\u00e9 relev\u00e9 la r\u00e9alisation d\u2019une construction d\u2019une emprise au sol estim\u00e9e \u00e0 plus de 20 m\u00b2 r\u00e9alis\u00e9e <b>sans autorisation d\u2019urbanisme sur un terrain non constructible<\/b>\u2009\u00bb, est-il \u00e9crit dans cette lettre, que nous avons pu consulter.<\/p>\n<p>Un espace de d\u00e9bats et d\u2019\u00e9changes<\/p>\n<p class=\" wall-content\">Depuis le mois de septembre, les indign\u00e9s ont en effet dress\u00e9 un v\u00e9ritable campement de fortune dans le champ. Il comprenait notamment <b>un coin cuisine et des espaces de d\u00e9bats et d\u2019expression sous les barnums.<\/b><\/p>\n<p class=\" wall-content\">L\u2019installation a \u00e9t\u00e9 renforc\u00e9e par <b>une structure en bois \u00e0 l\u2019arriv\u00e9e de l\u2019automne<\/b>. Encore r\u00e9cemment, les indign\u00e9s s\u2019y relayaient constamment pour le faire vivre et le prot\u00e9ger.<\/p>\n<p class=\" wall-content\">Mais le maire, qui n\u2019avait pas r\u00e9pondu \u00e0 nos sollicitations au moment de cet article, leur a vivement conseill\u00e9 de plier bagage, au risque de <b>s\u2019exposer \u00e0 des poursuites judiciaires.<\/b><\/p>\n<p class=\" wall-content\">\u00ab\u2009Conform\u00e9ment \u00e0 la proc\u00e9dure en vigueur, ce proc\u00e8s-verbal pourra \u00eatre transmis au Procureur de la R\u00e9publique [\u2026] Il appartiendra ensuite \u00e0 ce dernier de d\u00e9terminer les suites \u00e0 donner \u00e0 cette infraction, qu\u2019il s\u2019agisse de poursuites, de classement ou de toute autre mesure pr\u00e9vue par la loi\u2009\u00bb, lit-on encore.<\/p>\n<p>Votre r\u00e9gion, votre actu !<\/p>\n<p>Recevez chaque jour les infos qui comptent pour vous.<\/p>\n<p>\t<a href=\"https:\/\/actu.fr\/newsletter\" class=\"ac-btn ac-btn--corner ac-btn--medium ac-btn--blue800\" target=\"_blank\" rel=\"noopener\">S&rsquo;incrire<\/a><\/p>\n<p class=\" wall-content\">L\u2019un des indign\u00e9s raconte <b>\u00ab\u2009sa surprise face au ton utilis\u00e9,<\/b> qui s\u2019apparente \u00e0 une menace\u2009\u00bb mais le campement sera bien d\u00e9mont\u00e9 \u00e0 partir de ce mardi 4\u00a0novembre \u00ab\u2009pour ne pas mettre son propri\u00e9taire dans l\u2019embarras\u2009\u00bb.<\/p>\n<p>Mise \u00e0 disposition d\u2019une salle\u2009?<\/p>\n<p class=\" wall-content\">Des \u00e9changes ont depuis eu lieu sur site entre les personnes mobilis\u00e9es et la municipalit\u00e9. Les indign\u00e9s ont fait part de <b>leur souhait d\u2019obtenir \u00ab\u2009un geste\u2009\u00bb,<\/b> \u00e0 savoir la mise \u00e0 disposition d\u2019une salle communale pour pouvoir poursuivre leurs \u00e9changes et leurs d\u00e9bats.<\/p>\n<p>    <img   decoding=\"async\" loading=\"lazy\" class=\"size-large\" src=\"https:\/\/www.europesays.com\/fr\/wp-content\/uploads\/2025\/11\/3d3a52f5bbc86214a52f5bbc8054a5v-960x640.jpg\" alt=\"Gregory Bertel met \u00e0 disposition sa parcelle au \" village=\"\" des=\"\" indign=\"\" width=\"960\" height=\"640\"\/><br \/>\n    Gregory Bertel a mis \u00e0 disposition sa parcelle au \u00ab\u2009village des indign\u00e9s\u2009\u00bb \u00e0 Ch\u00e2teaugiron (Ille-et-Vilaine). \u00a9Rapha\u00ebl Lardeur<\/p>\n<p class=\" wall-content\">\u00ab\u2009\u00c7a a \u00e9t\u00e9 une r\u00e9union d\u2019une heure cordiale, et c\u2019est la preuve qu\u2019on peut se parler. On nous a dit qu\u2019il n\u2019y avait pas beaucoup de place et qu\u2019il ne serait pas facile d\u2019obtenir une salle \u00e0 Ch\u00e2teaugiron, rapporte encore un indign\u00e9. La manifestation du 18\u00a0septembre a \u00e9t\u00e9 constructive. On est all\u00e9 dans les communes, on a parl\u00e9 aux gens. \u00c7a nous a donn\u00e9 envie de continuer \u00e0 d\u00e9battre et \u00e0 \u00e9changer.\u2009\u00bb<\/p>\n<p class=\" wall-content\">En attendant que son avenir s\u2019\u00e9claircisse, le collectif a maintenu ses assembl\u00e9es g\u00e9n\u00e9rales hebdomadaires le dimanche, de 17\u2009h \u00e0 20\u2009h.<\/p>\n<p>\u00ab\u2009Des outils d\u2019\u00e9ducation populaire\u2009\u00bb<\/p>\n<p class=\" wall-content\">Il souhaite \u00e0 terme pouvoir organiser des animations \u2013 \u00ab\u2009des outils d\u2019\u00e9ducation populaire\u2009\u00bb \u2013 qui am\u00e8nent \u00e0 r\u00e9fl\u00e9chir aux sujets qui touchent la population rurale. Ce pourrait \u00eatre par le biais de <b>cin\u00e9 d\u00e9bats<\/b> par exemple.<\/p>\n<p class=\" wall-content\">Il s\u2019est \u00e9galement mobilis\u00e9<a href=\"https:\/\/actu.fr\/bretagne\/pire-chance_35220\/ille-et-vilaine-un-evenement-juge-proche-de-lextreme-droite-est-annule_63315711.html\" target=\"_blank\" rel=\"noopener\"> <b>contre l\u2019organisation du banquet du Canon fran\u00e7ais<\/b> au Ch\u00e2teau des P\u00e8res,<\/a> puis contre sa d\u00e9localisation \u00e0 Goven, le 8\u00a0novembre. Dans la continuit\u00e9, il prendra part \u00e0 \u00ab\u2009une manifestation fest-noz\u2009\u00bb, place du Vert Buisson \u00e0 Bruz, la veille, \u00e0 partir de 17\u2009h\u200930.<\/p>\n<p class=\" wall-content\">Personnalisez votre actualit\u00e9 en ajoutant vos villes et m\u00e9dias en favori avec <a href=\"https:\/\/moncompte.actu.fr\" title=\"D\u00e9couvez Mon Actu\" rel=\"nofollow noopener\" data-trk=\"{&quot;cta&quot;:{&quot;action&quot;:&quot;https:\\\/\\\/moncompte.actu.fr&quot;,&quot;category&quot;:&quot;mon compte&quot;,&quot;from&quot;:&quot;article footer&quot;,&quot;name&quot;:&quot;Mon actu&quot;,&quot;type&quot;:&quot;cta&quot;}}\" target=\"_blank\">Mon Actu<\/a>.<\/p>\n","protected":false},"excerpt":{"rendered":"Par Matheo Girard Publi\u00e9 le 3 nov. 2025 \u00e0 17h31 Que va devenir le collectif des indign\u00e9s \u00e0&hellip;\n","protected":false},"author":2,"featured_media":510206,"comment_status":"","ping_status":"","sticky":false,"template":"","format":"standard","meta":{"footnotes":""},"categories":[2821],"tags":[1111,11,829,1777,674,1011,27,1272,12,584,25,104],"class_list":{"0":"post-510205","1":"post","2":"type-post","3":"status-publish","4":"format-standard","5":"has-post-thumbnail","7":"category-rennes","8":"tag-actu","9":"tag-actualites","10":"tag-bretagne","11":"tag-eu","12":"tag-europe","13":"tag-fr","14":"tag-france","15":"tag-manifestations","16":"tag-news","17":"tag-rennes","18":"tag-republique-francaise","19":"tag-societe"},"share_on_mastodon":{"url":"https:\/\/pubeurope.com\/@fr\/115489220003045732","error":""},"_links":{"self":[{"href":"https:\/\/www.europesays.com\/fr\/wp-json\/wp\/v2\/posts\/510205","targetHints":{"allow":["GET"]}}],"collection":[{"href":"https:\/\/www.europesays.com\/fr\/wp-json\/wp\/v2\/posts"}],"about":[{"href":"https:\/\/www.europesays.com\/fr\/wp-json\/wp\/v2\/types\/post"}],"author":[{"embeddable":true,"href":"https:\/\/www.europesays.com\/fr\/wp-json\/wp\/v2\/users\/2"}],"replies":[{"embeddable":true,"href":"https:\/\/www.europesays.com\/fr\/wp-json\/wp\/v2\/comments?post=510205"}],"version-history":[{"count":0,"href":"https:\/\/www.europesays.com\/fr\/wp-json\/wp\/v2\/posts\/510205\/revisions"}],"wp:featuredmedia":[{"embeddable":true,"href":"https:\/\/www.europesays.com\/fr\/wp-json\/wp\/v2\/media\/510206"}],"wp:attachment":[{"href":"https:\/\/www.europesays.com\/fr\/wp-json\/wp\/v2\/media?parent=510205"}],"wp:term":[{"taxonomy":"category","embeddable":true,"href":"https:\/\/www.europesays.com\/fr\/wp-json\/wp\/v2\/categories?post=510205"},{"taxonomy":"post_tag","embeddable":true,"href":"https:\/\/www.europesays.com\/fr\/wp-json\/wp\/v2\/tags?post=510205"}],"curies":[{"name":"wp","href":"https:\/\/api.w.org\/{rel}","templated":true}]}}