{"id":510221,"date":"2025-11-04T03:14:16","date_gmt":"2025-11-04T03:14:16","guid":{"rendered":"https:\/\/www.europesays.com\/fr\/510221\/"},"modified":"2025-11-04T03:14:16","modified_gmt":"2025-11-04T03:14:16","slug":"pionniere-dans-laeronautique-cette-entreprise-de-toulouse-inaugure-son-premier-site-aux-etats-unis","status":"publish","type":"post","link":"https:\/\/www.europesays.com\/fr\/510221\/","title":{"rendered":"Pionni\u00e8re dans l&rsquo;a\u00e9ronautique, cette entreprise de Toulouse inaugure son premier site aux Etats-Unis"},"content":{"rendered":"<p>            Par<br \/>\n        <strong><br \/>\n            <a href=\"https:\/\/actu.fr\/auteur\/mareva-laville-actu-fr\" title=\"Consulter tous les articles de Mar\u00e9va Laville\" target=\"_blank\" rel=\"noopener\">Mar\u00e9va Laville<\/a><br \/>\n        <\/strong><\/p>\n<p>        Publi\u00e9 le<\/p>\n<p>            3 nov. 2025 \u00e0 18h44        <\/p>\n<p>C\u2019est une jolie premi\u00e8re pour cette jeune entreprise de <a href=\"http:\/\/www.actu.fr\/toulouse\" target=\"_blank\" rel=\"noopener\">Toulouse<\/a>. Aura Aero a inaugur\u00e9 fin octobre\u00a02025, son <strong>si\u00e8ge social de 1\u2009000\u00a0m2<\/strong> au sein du Parc de recherche de l\u2019Universit\u00e9 A\u00e9ronautique Embry-Riddle en <strong>Floride, aux \u00c9tats-Unis<\/strong>, o\u00f9 le pr\u00e9sident Donald Trump incite \u00e0 s\u2019implanter pour s\u2019affranchir des droits de douane. Outre atlantique, celle qui a <a href=\"https:\/\/actu.fr\/occitanie\/cugnaux_31157\/apres-une-premiere-mondiale-vers-une-etape-cruciale-pour-l-avion-100-electrique-fabrique-a-toulouse_62947599.html\" target=\"_blank\" rel=\"noopener\">encore brill\u00e9 au Salon du Bourget<\/a> cet \u00e9t\u00e9, veut devenir \u00ab<strong>\u2009le premier constructeur d\u2019avions r\u00e9gionaux hybrides-\u00e9lectriques<\/strong>\u2009\u00bb des \u00c9tats-Unis.<\/p>\n<p>Plus de 1000 emplois dans la premi\u00e8re usine aux \u00c9tats-Unis<\/p>\n<p class=\" wall-content\">Premi\u00e8re \u00e9tape\u2009: l\u2019ouverture au sein du campus du <strong>si\u00e8ge social<\/strong>, puis du <strong>centre de livraison et support client<\/strong> pour le <a href=\"https:\/\/actu.fr\/occitanie\/toulouse_31555\/cette-entreprise-innovante-de-toulouse-va-livrer-ses-avions-en-2025-elle-a-franchi-une-etape-decisive_62046323.html\" target=\"_blank\" rel=\"noopener\">programme INTEGRAL, les avions de formation \u00e0 capacit\u00e9 voltige<\/a> qui posent les fondations de d\u00e9veloppement de l\u2019avion hybride-\u00e9lectrique de 19 places ERA. Plus tard, Aura Aero ouvrira ses <strong>cha\u00eenes de production<\/strong> \u00e0 ce dernier mod\u00e8le.<\/p>\n<p class=\" wall-content\">Le tout g\u00e9n\u00e9rera, au total sur ce site de la Space Coast am\u00e9ricaine, \u00ab\u2009la cr\u00e9ation de plus <strong>de 1\u2009000 emplois<\/strong>\u2009\u00bb, selon J. Alex Kelly, le secr\u00e9taire au commerce de Floride qui se r\u00e9jouit de l\u2019arriv\u00e9e des Toulousains dans son \u00c9tat.<\/p>\n<blockquote class=\"ac-article-quote wall-content\">\n<p>L\u2019annonce d\u2019aujourd\u2019hui d\u2019AURA AERO et d\u2019Embry-Riddle Aeronautical University illustre le leadership du Gouverneur pour faire cro\u00eetre l\u2019aviation en Floride : attirer les talents au service d\u2019entreprises innovantes et offrir un march\u00e9 o\u00f9 les pionniers peuvent investir en confiance.<\/p>\n<p>    <strong>J. Alex Kelly<\/strong><br \/>\n        secr\u00e9taire au Commerce de Floride    <\/p><\/blockquote>\n<p>Les biplaces voltige lancent la production<\/p>\n<p class=\" wall-content\">Ce sont les<a href=\"https:\/\/actu.fr\/occitanie\/toulouse_31555\/cet-avion-electrique-realise-son-premier-vol-a-toulouse-ce-vol-est-une-premiere-mondiale_61950946.html\" target=\"_blank\" rel=\"noopener\"> mod\u00e8les INTEGRAL<\/a> qui ouvriront le bal des livraisons aux \u00c9tats-Unis. \u00ab\u2009Ces avions biplaces \u00e0 capacit\u00e9 voltige seront d\u2019abord propos\u00e9s avec une motorisation \u00e0 piston Lycoming puis en version 100\u2009% \u00e9lectrique\u2009\u00bb, pr\u00e9cise Aura Aero. Un d\u00e9veloppement qui a trouv\u00e9 son lieu id\u00e9al\u2009:<\/p>\n<blockquote class=\"ac-article-quote wall-content\">\n<p>Les Etats-Unis repr\u00e9sentent le premier march\u00e9 mondial en termes de formation &#8211; avec pr\u00e8s de 600 \u00e9coles de pilotage agr\u00e9\u00e9es par la FAA, plus de 75 000 pilotes et une demande croissante pour des avions de formation modernes et rentables \u00e0 capacit\u00e9 voltige &#8211; et constituent donc un march\u00e9 majeur pour INTEGRAL.<\/p>\n<p>    <strong\/>\n            <\/p><\/blockquote>\n<p>La Floride, soutien de longue date<\/p>\n<p class=\" wall-content\">Il faut dire que si l\u2019entreprise toulousaine a pos\u00e9 ses valises \u00e0 cet endroit, ce n\u2019est pas par hasard. La Floride a offert <strong>un pont d\u2019or \u00e0 Aura Aero<\/strong> en signant, d\u2019abord, un accord il y a deux ans avec <strong>l\u2019Universit\u00e9 A\u00e9ronautique Embry-Riddle<\/strong>, o\u00f9 les \u00e9tudiants pourront d\u00e9sormais \u00ab\u2009s\u2019impliquer directement dans le domaine de l\u2019aviation \u00e9lectrique et hybride de nouvelle g\u00e9n\u00e9ration\u2009\u00bb, se r\u00e9jouit le pr\u00e9sident de l\u2019universit\u00e9.<\/p>\n<p>Votre r\u00e9gion, votre actu !<\/p>\n<p>Recevez chaque jour les infos qui comptent pour vous.<\/p>\n<p>\t<a href=\"https:\/\/actu.fr\/newsletter\" class=\"ac-btn ac-btn--corner ac-btn--medium ac-btn--blue800\" target=\"_blank\" rel=\"noopener\">S&rsquo;incrire<\/a><\/p>\n<p class=\" wall-content\">Par la suite<strong>, Space Florida, l\u2019agence de d\u00e9veloppement \u00e9conomique a\u00e9rospatial de l\u2019\u00c9tat de Floride,<\/strong> a jou\u00e9 un \u00ab\u2009r\u00f4le cl\u00e9 dans le soutien \u00e0 ce projet\u2009\u00bb, qui devrait g\u00e9n\u00e9rer plus de ces emplois \u00ab\u2009tr\u00e8s demand\u00e9s dans le domaine de l\u2019aviation nouvelle g\u00e9n\u00e9ration\u2009\u00bb.<\/p>\n<blockquote class=\"ac-article-quote wall-content\">\n<p>L\u2019Etat de Floride, Space Florida et l\u2019Universit\u00e9 A\u00e9ronautique Embry-Riddle ont toujours cru en nous et nous ont soutenus depuis le d\u00e9but de ce projet, qui porte aujourd\u2019hui ses fruits.<\/p>\n<p>    <strong>J\u00e9r\u00e9my Caussade<\/strong><br \/>\n        pr\u00e9sident et co-fondateur d\u2019Aura Aero.\u00a0    <\/p><\/blockquote>\n<p class=\" wall-content\">Il abonde\u2009: \u00ab\u2009La Floride est depuis longtemps un leader dans les domaines de l\u2019a\u00e9ronautique et du spatial, et l\u2019expertise technique de sa main-d\u2019\u0153uvre est un atout consid\u00e9rable pour affirmer notre leadership dans les secteurs de l\u2019aviation \u00e9lectrique et hybride-\u00e9lectrique\u2009\u00bb.<\/p>\n<p>Plus d\u2019un tiers des commandes sign\u00e9es des \u00c9tats-Unis<\/p>\n<p class=\" wall-content\">Plus encore, les \u00c9tats-Unis repr\u00e9sentent <strong>l\u2019un des march\u00e9s les plus importants<\/strong> pour le mod\u00e8le ERA d\u2019Aura Aero, l\u2019avion r\u00e9gional hybride-\u00e9lectrique.<strong> Plus d\u2019un tiers des commandes mondiales<\/strong> est sign\u00e9 du drapeau am\u00e9ricain. D\u2019apr\u00e8s Aura Aero, \u00ab\u2009les volumes de commandes nord-am\u00e9ricains atteindront pr\u00e8s de la moiti\u00e9 des intentions de commandes totales \u00e0 mesure que des engagements suppl\u00e9mentaires seront finalis\u00e9s\u2009\u00bb.<\/p>\n<p class=\" wall-content\">Le carnet de commandes pour ERA compte \u00e0 ce jour plus de 650 intentions de commandes, valoris\u00e9es \u00e0 plus de 10,5 Mds de $.<\/p>\n<p>Une autre usine \u00e0 Toulouse<\/p>\n<p class=\" wall-content\">La production ne fera pas simplement aux \u00c9tats-Unis. En 2028, l\u2019entreprise historiquement install\u00e9e sur le site de Toulouse-Francazal <a href=\"https:\/\/actu.fr\/occitanie\/toulouse_31555\/cette-entreprise-innovante-de-toulouse-va-livrer-ses-avions-en-2025-elle-a-franchi-une-etape-decisive_62046323.html\" target=\"_blank\" rel=\"noopener\">compte y ouvrir <strong>une usine de 50\u2009000 m\u00b2<\/strong>,<\/a> pour construire son avion r\u00e9gional hybride-\u00e9lectrique ERA de 19 places, avec des cha\u00eenes d\u2019assemblage identiques \u00e0 celles de Daytona Beach, en Floride.<\/p>\n<p class=\" wall-content\">Personnalisez votre actualit\u00e9 en ajoutant vos villes et m\u00e9dias en favori avec <a href=\"https:\/\/moncompte.actu.fr\" title=\"D\u00e9couvez Mon Actu\" rel=\"nofollow noopener\" data-trk=\"{&quot;cta&quot;:{&quot;action&quot;:&quot;https:\\\/\\\/moncompte.actu.fr&quot;,&quot;category&quot;:&quot;mon compte&quot;,&quot;from&quot;:&quot;article footer&quot;,&quot;name&quot;:&quot;Mon actu&quot;,&quot;type&quot;:&quot;cta&quot;}}\" target=\"_blank\">Mon Actu<\/a>.<\/p>\n","protected":false},"excerpt":{"rendered":"Par Mar\u00e9va Laville Publi\u00e9 le 3 nov. 2025 \u00e0 18h44 C\u2019est une jolie premi\u00e8re pour cette jeune entreprise&hellip;\n","protected":false},"author":2,"featured_media":510222,"comment_status":"","ping_status":"","sticky":false,"template":"","format":"standard","meta":{"footnotes":""},"categories":[2816],"tags":[1111,11,296,33,1777,674,1011,27,12,2680,25,2312],"class_list":{"0":"post-510221","1":"post","2":"type-post","3":"status-publish","4":"format-standard","5":"has-post-thumbnail","7":"category-toulouse","8":"tag-actu","9":"tag-actualites","10":"tag-aeronautique","11":"tag-economie","12":"tag-eu","13":"tag-europe","14":"tag-fr","15":"tag-france","16":"tag-news","17":"tag-occitanie","18":"tag-republique-francaise","19":"tag-toulouse"},"share_on_mastodon":{"url":"https:\/\/pubeurope.com\/@fr\/115489253838563543","error":""},"_links":{"self":[{"href":"https:\/\/www.europesays.com\/fr\/wp-json\/wp\/v2\/posts\/510221","targetHints":{"allow":["GET"]}}],"collection":[{"href":"https:\/\/www.europesays.com\/fr\/wp-json\/wp\/v2\/posts"}],"about":[{"href":"https:\/\/www.europesays.com\/fr\/wp-json\/wp\/v2\/types\/post"}],"author":[{"embeddable":true,"href":"https:\/\/www.europesays.com\/fr\/wp-json\/wp\/v2\/users\/2"}],"replies":[{"embeddable":true,"href":"https:\/\/www.europesays.com\/fr\/wp-json\/wp\/v2\/comments?post=510221"}],"version-history":[{"count":0,"href":"https:\/\/www.europesays.com\/fr\/wp-json\/wp\/v2\/posts\/510221\/revisions"}],"wp:featuredmedia":[{"embeddable":true,"href":"https:\/\/www.europesays.com\/fr\/wp-json\/wp\/v2\/media\/510222"}],"wp:attachment":[{"href":"https:\/\/www.europesays.com\/fr\/wp-json\/wp\/v2\/media?parent=510221"}],"wp:term":[{"taxonomy":"category","embeddable":true,"href":"https:\/\/www.europesays.com\/fr\/wp-json\/wp\/v2\/categories?post=510221"},{"taxonomy":"post_tag","embeddable":true,"href":"https:\/\/www.europesays.com\/fr\/wp-json\/wp\/v2\/tags?post=510221"}],"curies":[{"name":"wp","href":"https:\/\/api.w.org\/{rel}","templated":true}]}}