{"id":510225,"date":"2025-11-04T03:17:21","date_gmt":"2025-11-04T03:17:21","guid":{"rendered":"https:\/\/www.europesays.com\/fr\/510225\/"},"modified":"2025-11-04T03:17:21","modified_gmt":"2025-11-04T03:17:21","slug":"lille-un-homme-mis-en-examen-pour-homicide-routier-du-protoxyde-dazote-retrouve-03-11-2025-a-1921","status":"publish","type":"post","link":"https:\/\/www.europesays.com\/fr\/510225\/","title":{"rendered":"Lille: un homme mis en examen pour homicide routier, du protoxyde d&rsquo;azote retrouv\u00e9 &#8211; 03\/11\/2025 \u00e0 19:21"},"content":{"rendered":"<p>        <img decoding=\"async\" src=\"https:\/\/www.europesays.com\/fr\/wp-content\/uploads\/2025\/11\/f1e6e2e7235aa4e5c4a2bd271680042d-760x507.jpg\" alt=\"Le ministre de l'Int\u00e9rieur, Laurent Nunez, \u00e0 Aulnoye-Aymeries dans le nord de la France, le 3 novembre 2025 ( AFP \/ Francois LO PRESTI )\" loading=\"eager\" fetchpriority=\"high\" width=\"760\" height=\"507\" style=\"max-width: 100%!important; height: auto;\"\/><\/p>\n<p class=\"c-image-news__legend\">Le ministre de l&rsquo;Int\u00e9rieur, Laurent Nunez, \u00e0 Aulnoye-Aymeries dans le nord de la France, le 3 novembre 2025 ( AFP \/ Francois LO PRESTI )<\/p>\n<p>\n Un refus d&rsquo;obtemp\u00e9rer, un choc mortel et du protoxyde d&rsquo;azote retrouv\u00e9: un trentenaire a \u00e9t\u00e9 mis en examen et plac\u00e9 en d\u00e9tention provisoire pour homicide routier apr\u00e8s la mort dans la nuit de vendredi \u00e0 samedi \u00e0 Lille d&rsquo;un homme de 19 ans.\n<\/p>\n<p>\n Mathis a \u00e9t\u00e9 tu\u00e9 samedi \u00e0 4H48 du matin, en plein centre ville, pr\u00e8s de la pr\u00e9fecture.\n<\/p>\n<p>\n \u00ab\u00a0Percut\u00e9 par un v\u00e9hicule qui roulait \u00e0 vive allure\u00a0\u00bb, il est \u00ab\u00a0d\u00e9c\u00e9d\u00e9 sur le coup avant l&rsquo;arriv\u00e9e des pompiers\u00a0\u00bb, d\u00e9taille Samuel Finielz, procureur de Lille, dans un communiqu\u00e9.\n<\/p>\n<p>\n \u00ab\u00a0Quelques m\u00e8tres apr\u00e8s l&rsquo;accident, le mis en cause s&rsquo;est arr\u00eat\u00e9 et a tent\u00e9 de prendre la fuite \u00e0 pied avant d&rsquo;\u00eatre interpell\u00e9\u00a0\u00bb, poursuit le procureur.\n<\/p>\n<p>\n Le conducteur pr\u00e9sum\u00e9 du v\u00e9hicule, un homme \u00e2g\u00e9 de 31 ans \u00ab\u00a0connu pour des d\u00e9lits routiers\u00a0\u00bb, a \u00e9t\u00e9 mis en examen dimanche pour homicide routier avec trois circonstances aggravantes: violation manifestement d\u00e9lib\u00e9r\u00e9e d&rsquo;une obligation de s\u00e9curit\u00e9 et de prudence, d\u00e9lit de fuite et refus d&rsquo;obtemp\u00e9rer.\n<\/p>\n<p>\n \u00ab\u00a0Des bouteilles de protoxyde d&rsquo;azote ont \u00e9t\u00e9 trouv\u00e9es dans le v\u00e9hicule\u00a0\u00bb, ajoute le procureur, pr\u00e9cisant que l&rsquo;enqu\u00eate permet pour l&rsquo;heure d&rsquo;\u00e9tablir \u00ab\u00a0une consommation de protoxyde d&rsquo;azote contemporaine de la conduite du v\u00e9hicule\u00a0\u00bb.\n<\/p>\n<p>\n Le suspect n&rsquo;a pas reconnu les faits et a contest\u00e9 avoir conduit le v\u00e9hicule, pr\u00e9cise le procureur. Film\u00e9es par un t\u00e9moin, des images partielles du drame ont circul\u00e9 sur TikTok.\n<\/p>\n<p>\n Mathis, adopt\u00e9 par un couple du nord de la France o\u00f9 il a grandi, \u00ab\u00a0\u00e9tait quelqu&rsquo;un de tr\u00e8s enjou\u00e9, qui avait toujours le sourire, quelqu&rsquo;un de solaire\u00a0\u00bb, a d\u00e9crit son p\u00e8re au quotidien local La Voix du Nord. Interrog\u00e9 sur le drame, il appelle \u00e0 ne \u00ab\u00a0pas laisser passer ce genre de comportement\u00a0\u00bb.\n<\/p>\n<p>\n Le ministre de l&rsquo;Int\u00e9rieur Laurent Nunez, en visite dans le Nord, a d\u00e9plor\u00e9 un drame \u00ab\u00a0intol\u00e9rable\u00a0\u00bb.\n<\/p>\n<p>\n Le conducteur \u00ab\u00a0a refus\u00e9 \u00e0 deux reprises de s&rsquo;arr\u00eater, malgr\u00e9 les injonctions en ce sens des effectifs de police\u00a0\u00bb. \u00ab\u00a0C&rsquo;est tout \u00e0 fait intol\u00e9rable, surtout que \u00e7a se traduit par un drame, la mort d&rsquo;un jeune homme qui devait avoir 20 ans dans 48 heures\u00a0\u00bb.\n<\/p>\n<p> &#8211; Des d\u00e9lits \u00ab\u00a0en augmentation\u00a0\u00bb &#8211;<\/p>\n<p>\n \u00ab\u00a0Nous ne baisserons pas la garde, on ne laissera rien passer sur le refus d&rsquo;obtemp\u00e9rer\u00a0\u00bb, a-t-il ajout\u00e9, indiquant avoir donn\u00e9 comme instruction de \u00ab\u00a0poursuivre les v\u00e9hicules\u00a0\u00bb et interpeller les conducteurs lors de ce genre de d\u00e9lits, \u00ab\u00a0en augmentation\u00a0\u00bb depuis le d\u00e9but de l&rsquo;ann\u00e9e selon lui.\n<\/p>\n<p>\n Pour Marine Le Pen, patronne des d\u00e9put\u00e9s Rassemblement national, \u00ab\u00a0ces drames insupportables et r\u00e9currents qui plongent des familles dans une douleur insondable doivent conna\u00eetre une r\u00e9ponse p\u00e9nale implacable\u00a0\u00bb, a-t-elle \u00e9crit sur X.\n<\/p>\n<p>\n \u00ab\u00a0J&rsquo;exprime toute ma solidarit\u00e9\u00a0\u00bb aux proches de Mathis, a \u00e9crit sur le m\u00eame r\u00e9seau social le d\u00e9put\u00e9 LFI du Nord Ugo Bernalicis, qui assure avoir \u00e9t\u00e9 \u00ab\u00a0parmi les premiers \u00e0 alerter sur la n\u00e9cessit\u00e9 d&rsquo;une v\u00e9ritable politique de pr\u00e9vention en mati\u00e8re de consommation, dot\u00e9e de moyens \u00e0 la hauteur des enjeux\u00a0\u00bb.\n<\/p>\n<p>\n Concernant le protoxyde d&rsquo;azote, \u00ab\u00a0nous luttons contre le trafic de bonbonnes\u00a0\u00bb mais \u00ab\u00a0il faudra un moment s&rsquo;interroger sur une modification des r\u00e8gles l\u00e9gislatives sur la vente de ce type de produits\u00a0\u00bb, a soulign\u00e9 Laurent Nunez.\n<\/p>\n<p>\n Le S\u00e9nat a vot\u00e9 en mars la p\u00e9nalisation de l&rsquo;usage d\u00e9tourn\u00e9 du protoxyde d&rsquo;azote ou \u00ab\u00a0gaz hilarant\u00a0\u00bb, sans aller toutefois jusqu&rsquo;\u00e0 interdire totalement sa vente aux particuliers, comme l&rsquo;avaient fait auparavant les d\u00e9put\u00e9s. L&rsquo;avenir de cette loi d\u00e9pendra des n\u00e9gociations entre les deux chambres.\n<\/p>\n<p>\n Par ailleurs, comme d&rsquo;autres villes, la mairie de Lille a pris en mai un arr\u00eat\u00e9 interdisant l&rsquo;utilisation, la vente ou la consommation de protoxyde d&rsquo;azote sur la voie publique.\n<\/p>\n<p>\n La loi cr\u00e9ant le d\u00e9lit d&rsquo;homicide routier a \u00e9t\u00e9 promulgu\u00e9e en juillet apr\u00e8s un combat de plusieurs ann\u00e9es des familles et associations de victimes.\n<\/p>\n<p>\n Avec ce d\u00e9lit, les responsables d&rsquo;accidents mortels de la circulation accompagn\u00e9s d&rsquo;au moins une circonstance aggravante sont d\u00e9sormais poursuivis pour homicide routier.\n<\/p>\n<p>\n Lorsqu&rsquo;un conducteur se rend coupable d&rsquo;au moins deux de ces circonstances, il est passible de 10 ans d&#8217;emprisonnement.<\/p>\n","protected":false},"excerpt":{"rendered":"Le ministre de l&rsquo;Int\u00e9rieur, Laurent Nunez, \u00e0 Aulnoye-Aymeries dans le nord de la France, le 3 novembre 2025&hellip;\n","protected":false},"author":2,"featured_media":510226,"comment_status":"","ping_status":"","sticky":false,"template":"","format":"standard","meta":{"footnotes":""},"categories":[2815],"tags":[400,1111,11,398,408,405,1777,674,1011,27,811,403,402,399,1307,404,12,25,401,406,407],"class_list":{"0":"post-510225","1":"post","2":"type-post","3":"status-publish","4":"format-standard","5":"has-post-thumbnail","7":"category-lille","8":"tag-action-cac-40","9":"tag-actu","10":"tag-actualites","11":"tag-bourse-de-paris","12":"tag-boursorama","13":"tag-cotations","14":"tag-eu","15":"tag-europe","16":"tag-fr","17":"tag-france","18":"tag-hauts-de-france","19":"tag-indices-devises","20":"tag-investir","21":"tag-investissement","22":"tag-lille","23":"tag-marche-boursier","24":"tag-news","25":"tag-republique-francaise","26":"tag-sicav","27":"tag-trackers","28":"tag-warrants"},"share_on_mastodon":{"url":"https:\/\/pubeurope.com\/@fr\/115489266430852901","error":""},"_links":{"self":[{"href":"https:\/\/www.europesays.com\/fr\/wp-json\/wp\/v2\/posts\/510225","targetHints":{"allow":["GET"]}}],"collection":[{"href":"https:\/\/www.europesays.com\/fr\/wp-json\/wp\/v2\/posts"}],"about":[{"href":"https:\/\/www.europesays.com\/fr\/wp-json\/wp\/v2\/types\/post"}],"author":[{"embeddable":true,"href":"https:\/\/www.europesays.com\/fr\/wp-json\/wp\/v2\/users\/2"}],"replies":[{"embeddable":true,"href":"https:\/\/www.europesays.com\/fr\/wp-json\/wp\/v2\/comments?post=510225"}],"version-history":[{"count":0,"href":"https:\/\/www.europesays.com\/fr\/wp-json\/wp\/v2\/posts\/510225\/revisions"}],"wp:featuredmedia":[{"embeddable":true,"href":"https:\/\/www.europesays.com\/fr\/wp-json\/wp\/v2\/media\/510226"}],"wp:attachment":[{"href":"https:\/\/www.europesays.com\/fr\/wp-json\/wp\/v2\/media?parent=510225"}],"wp:term":[{"taxonomy":"category","embeddable":true,"href":"https:\/\/www.europesays.com\/fr\/wp-json\/wp\/v2\/categories?post=510225"},{"taxonomy":"post_tag","embeddable":true,"href":"https:\/\/www.europesays.com\/fr\/wp-json\/wp\/v2\/tags?post=510225"}],"curies":[{"name":"wp","href":"https:\/\/api.w.org\/{rel}","templated":true}]}}