{"id":510229,"date":"2025-11-04T03:19:31","date_gmt":"2025-11-04T03:19:31","guid":{"rendered":"https:\/\/www.europesays.com\/fr\/510229\/"},"modified":"2025-11-04T03:19:31","modified_gmt":"2025-11-04T03:19:31","slug":"lecole-encore-en-chantier-malgre-la-fin-des-vacances-les-enfants-renvoyes-chez-eux","status":"publish","type":"post","link":"https:\/\/www.europesays.com\/fr\/510229\/","title":{"rendered":"L\u2019\u00e9cole encore en chantier malgr\u00e9 la fin des vacances, les enfants renvoy\u00e9s chez eux"},"content":{"rendered":"<p class=\"mb-4 text-lg md:leading-8 break-words\"><strong>ATtention travaux &#8211; Parents et communaut\u00e9 \u00e9ducative ont sans doute re\u00e7u la nouvelle plus froidement que les enfants de cette \u00e9cole du 4e arrondissement de Marseille, qui \u00e9tait encore ces travaux lundi au retour des vacances, les prolongeant d\u2019une journ\u00e9e<\/strong><\/p>\n<p class=\"mb-4 text-lg md:leading-8 break-words\">Ils devaient faire leur <a href=\"https:\/\/www.20minutes.fr\/dossier\/rentree?at_medium=RSS%20feed&amp;at_campaign=ynews&amp;utm_source=yahoo&amp;utm_medium=rss&amp;utm_campaign=news_feed&amp;utm_content=in_article_link\" rel=\"nofollow noopener\" target=\"_blank\" data-ylk=\"slk:rentr\u00e9e;elm:context_link;itc:0;sec:content-canvas\" class=\"link \">rentr\u00e9e <\/a>avec notamment des sanitaires neufs et r\u00e9nov\u00e9s mais se sont trouv\u00e9s confront\u00e9s \u00e0 des gravas et des restes de <a href=\"https:\/\/www.20minutes.fr\/dossier\/chantier?at_medium=RSS%20feed&amp;at_campaign=ynews&amp;utm_source=yahoo&amp;utm_medium=rss&amp;utm_campaign=news_feed&amp;utm_content=in_article_link\" rel=\"nofollow noopener\" target=\"_blank\" data-ylk=\"slk:chantier;elm:context_link;itc:0;sec:content-canvas\" class=\"link \">chantier<\/a> pas termin\u00e9. C\u2019est dans ce contexte que les \u00e9l\u00e8ves d\u2019une <a href=\"https:\/\/www.20minutes.fr\/dossier\/ecole?at_medium=RSS%20feed&amp;at_campaign=ynews&amp;utm_source=yahoo&amp;utm_medium=rss&amp;utm_campaign=news_feed&amp;utm_content=in_article_link\" rel=\"nofollow noopener\" target=\"_blank\" data-ylk=\"slk:\u00e9cole;elm:context_link;itc:0;sec:content-canvas\" class=\"link \">\u00e9cole <\/a>du 4e arrondissement de <a href=\"https:\/\/www.20minutes.fr\/marseille\/?at_medium=RSS%20feed&amp;at_campaign=ynews&amp;utm_source=yahoo&amp;utm_medium=rss&amp;utm_campaign=news_feed&amp;utm_content=in_article_link\" rel=\"nofollow noopener\" target=\"_blank\" data-ylk=\"slk:Marseille;elm:context_link;itc:0;sec:content-canvas\" class=\"link \">Marseille <\/a>ont \u00e9t\u00e9 renvoy\u00e9s chez eux ce lundi matin, rapporte <a href=\"https:\/\/www.bfmtv.com\/marseille\/une-ecole-primaire-de-marseille-toujours-en-chantier-le-jour-de-la-rentree-les-eleves-invites-a-rentrer-chez-eux_AN-202511030558.html?at_brand=BFMTV&amp;at_compte=BFMTV&amp;at_plateforme=twitter&amp;at_campaign=Fan_pages&amp;at_medium=Community_Management&amp;at_medium=RSS%20feed&amp;at_campaign=ynews&amp;utm_source=yahoo&amp;utm_medium=rss&amp;utm_campaign=news_feed&amp;utm_content=in_article_link\" rel=\"nofollow noopener\" target=\"_blank\" data-ylk=\"slk:\u00ab BFM Provence \u00bb;elm:context_link;itc:0;sec:content-canvas\" class=\"link \">\u00ab BFM Provence \u00bb<\/a>.<\/p>\n<p>Gravats et sacs de ciment<\/p>\n<p class=\"mb-4 text-lg md:leading-8 break-words\">A l\u2019ouverture ce lundi au retour des vacances, quelques gravats occupaient encore le sol de la cour de r\u00e9cr\u00e9ation, des sacs de ciment demeuraient entrepos\u00e9s, l\u2019eau restait coup\u00e9e, tandis que tous les nouveaux toilettes n\u2019avaient pas encore \u00e9t\u00e9 pos\u00e9s.<\/p>\n<p>Publicit\u00e9<\/p>\n<p>Publicit\u00e9<\/p>\n<p>Publicit\u00e9<\/p>\n<p>Publicit\u00e9<\/p>\n<p class=\"mb-4 text-lg md:leading-8 break-words\">La mairie de Marseille, engag\u00e9e dans un vaste plan de r\u00e9novation des \u00e9coles, a assur\u00e9 faire le n\u00e9cessaire pour que l\u2019\u00e9cole soit fonctionnelle d\u00e8s ce mardi. Reste \u00e0 savoir si le contrat conclut entre le prestataire et la mairie pr\u00e9voyait a minima des indemnit\u00e9s de retard.<\/p>\n<p class=\"mb-4 text-lg md:leading-8 break-words\"><a href=\"https:\/\/www.20minutes.fr\/societe\/4183297-20251103-marseille-ecole-encore-chantier-malgre-fin-vacances-enfants-renvoyes-chez?at_medium=RSS%20feed&amp;at_campaign=ynews&amp;utm_source=yahoo&amp;utm_medium=rss&amp;utm_campaign=news_feed&amp;utm_content=read_more_link&quot;\" rel=\"nofollow noopener\" target=\"_blank\" data-ylk=\"slk:Lire la suite sur 20minutes;elm:context_link;itc:0;sec:content-canvas\" class=\"link \">Lire la suite sur 20minutes<\/a><\/p>\n<p>\u00c0 lire aussi :<br \/><a href=\"https:\/\/www.20minutes.fr\/faits_divers\/faits-divers-marseille\/4176147-20250930-marseille-pres-130-enfants-evacues-apres-debut-incendie-ecole-maternelle?at_medium=RSS%20feed&amp;at_campaign=ynews&amp;utm_source=yahoo&amp;utm_medium=rss&amp;utm_campaign=news_feed&amp;utm_content=related_content_link\" rel=\"nofollow noopener\" target=\"_blank\" data-ylk=\"slk:Marseille : Pr\u00e8s de 130 enfants \u00e9vacu\u00e9s apr\u00e8s un d\u00e9but d\u2019incendie dans une \u00e9cole maternelle;elm:context_link;itc:0;sec:content-canvas\" class=\"link \">Marseille : Pr\u00e8s de 130 enfants \u00e9vacu\u00e9s apr\u00e8s un d\u00e9but d\u2019incendie dans une \u00e9cole maternelle<\/a><br \/><a href=\"https:\/\/www.20minutes.fr\/societe\/4180369-20251020-garder-petits-enfants-pendant-vacances-plaisir-corvee?at_medium=RSS%20feed&amp;at_campaign=ynews&amp;utm_source=yahoo&amp;utm_medium=rss&amp;utm_campaign=news_feed&amp;utm_content=related_content_link\" rel=\"nofollow noopener\" target=\"_blank\" data-ylk=\"slk:Garder ses petits-enfants pendant les vacances, un plaisir ou une corv\u00e9e ?;elm:context_link;itc:0;sec:content-canvas\" class=\"link \">Garder ses petits-enfants pendant les vacances, un plaisir ou une corv\u00e9e ?<\/a><\/p>\n","protected":false},"excerpt":{"rendered":"ATtention travaux &#8211; Parents et communaut\u00e9 \u00e9ducative ont sans doute re\u00e7u la nouvelle plus froidement que les enfants&hellip;\n","protected":false},"author":2,"featured_media":510230,"comment_status":"","ping_status":"","sticky":false,"template":"","format":"standard","meta":{"footnotes":""},"categories":[2814],"tags":[63164,1111,11,1777,674,1011,27,43463,884,12,882,25],"class_list":{"0":"post-510229","1":"post","2":"type-post","3":"status-publish","4":"format-standard","5":"has-post-thumbnail","7":"category-marseille","8":"tag-4e-arrondissement-de-marseille","9":"tag-actu","10":"tag-actualites","11":"tag-eu","12":"tag-europe","13":"tag-fr","14":"tag-france","15":"tag-mairie-de-marseille","16":"tag-marseille","17":"tag-news","18":"tag-provence-alpes-cote-dazur","19":"tag-republique-francaise"},"share_on_mastodon":{"url":"https:\/\/pubeurope.com\/@fr\/115489273564906417","error":""},"_links":{"self":[{"href":"https:\/\/www.europesays.com\/fr\/wp-json\/wp\/v2\/posts\/510229","targetHints":{"allow":["GET"]}}],"collection":[{"href":"https:\/\/www.europesays.com\/fr\/wp-json\/wp\/v2\/posts"}],"about":[{"href":"https:\/\/www.europesays.com\/fr\/wp-json\/wp\/v2\/types\/post"}],"author":[{"embeddable":true,"href":"https:\/\/www.europesays.com\/fr\/wp-json\/wp\/v2\/users\/2"}],"replies":[{"embeddable":true,"href":"https:\/\/www.europesays.com\/fr\/wp-json\/wp\/v2\/comments?post=510229"}],"version-history":[{"count":0,"href":"https:\/\/www.europesays.com\/fr\/wp-json\/wp\/v2\/posts\/510229\/revisions"}],"wp:featuredmedia":[{"embeddable":true,"href":"https:\/\/www.europesays.com\/fr\/wp-json\/wp\/v2\/media\/510230"}],"wp:attachment":[{"href":"https:\/\/www.europesays.com\/fr\/wp-json\/wp\/v2\/media?parent=510229"}],"wp:term":[{"taxonomy":"category","embeddable":true,"href":"https:\/\/www.europesays.com\/fr\/wp-json\/wp\/v2\/categories?post=510229"},{"taxonomy":"post_tag","embeddable":true,"href":"https:\/\/www.europesays.com\/fr\/wp-json\/wp\/v2\/tags?post=510229"}],"curies":[{"name":"wp","href":"https:\/\/api.w.org\/{rel}","templated":true}]}}