{"id":510237,"date":"2025-11-04T03:26:26","date_gmt":"2025-11-04T03:26:26","guid":{"rendered":"https:\/\/www.europesays.com\/fr\/510237\/"},"modified":"2025-11-04T03:26:26","modified_gmt":"2025-11-04T03:26:26","slug":"paris-huit-personnes-en-garde-a-vue-apres-lagression-de-deux-policiers-en-civil-au-parc-de-la-villette","status":"publish","type":"post","link":"https:\/\/www.europesays.com\/fr\/510237\/","title":{"rendered":"Paris\u00a0: huit personnes en garde \u00e0 vue apr\u00e8s l\u2019agression de deux policiers en civil au parc de la Villette"},"content":{"rendered":"<p class=\"paragraph text_align_left lp-f-body-02\">Ils \u00e9taient en pleine session de sport. De \u00ab sport op\u00e9rationnel \u00bb, comme le veut le jargon. Ce dimanche matin, deux policiers sont en plein jogging dans le parc de la Villette (<a href=\"https:\/\/www.leparisien.fr\/paris-75\/paris-75019\/\" target=\"_self\" rel=\"nofollow noopener\">XIXe arrondissement<\/a> de <a href=\"https:\/\/www.leparisien.fr\/paris-75\/\" target=\"_self\" rel=\"nofollow noopener\">Paris<\/a>), dans le cadre de leurs fonctions. Peu apr\u00e8s onze heures, un groupe d\u2019individus vient \u00e0 leur rencontre pour les agresser.<\/p>\n<p class=\"paragraph text_align_left lp-f-body-02\">Lorsqu\u2019il appelle les secours, l\u2019un des deux policiers explique avoir subi des violences avec son coll\u00e8gue. Rapidement, plusieurs v\u00e9hicules sont envoy\u00e9s vers le parc pour \u00ab figer la situation \u00bb. Huit hommes, tr\u00e8s alcoolis\u00e9s, sont alors interpell\u00e9s.<\/p>\n<p>Les policiers \u00e9taient habill\u00e9s en civil<\/p>\n<p class=\"paragraph text_align_left lp-f-body-02\">Les deux fonctionnaires, affect\u00e9s au commissariat de Pantin <a href=\"https:\/\/www.leparisien.fr\/seine-saint-denis-93\/\" target=\"_self\" rel=\"nofollow noopener\">(Seine-Saint-Denis)<\/a>, ont \u00e9t\u00e9 conduits \u00e0 l\u2019h\u00f4pital et en sont ressortis dimanche apr\u00e8s midi. Le parquet de Paris indique que l\u2019un souffre d\u2019une contusion au tibia p\u00e9ron\u00e9 et que l\u2019autre souffre de douleurs \u00e0 la cheville et aux cervicales.<\/p>\n<p class=\"paragraph text_align_left lp-f-body-02\">D\u2019apr\u00e8s le parquet de Paris, les mis en cause sont \u00ab quasiment tous inconnus de la justice \u00bb et sortaient d\u2019une soir\u00e9e kanake. Toujours selon le parquet, trois d\u2019entre eux sont militaires. Selon une source polici\u00e8re, l\u2019un d\u2019eux serait \u00e9galement affect\u00e9 \u00e0 la Force Sentinelle. Toujours selon cette source, les policiers n\u2019ont pas fait \u00e9tat de leur qualit\u00e9 et \u00e9taient en tenue civile au moment de leur agression.<\/p>\n<p>\u00ab Aucune explication \u00bb chez les mis en cause<\/p>\n<p class=\"paragraph text_align_left lp-f-body-02\">De leur c\u00f4t\u00e9, les mis en cause \u00e9tant trop alcoolis\u00e9s pour pouvoir s\u2019expliquer sur leur acte, ils devraient \u00eatre entendus mardi matin. \u00ab Ils n\u2019ont depuis exprim\u00e9 aucune explication particuli\u00e8re \u00e0 ce passage \u00e0 l\u2019acte \u00bb, conclut le parquet de Paris.<\/p>\n","protected":false},"excerpt":{"rendered":"Ils \u00e9taient en pleine session de sport. De \u00ab sport op\u00e9rationnel \u00bb, comme le veut le jargon. Ce&hellip;\n","protected":false},"author":2,"featured_media":510238,"comment_status":"","ping_status":"","sticky":false,"template":"","format":"standard","meta":{"footnotes":""},"categories":[1888],"tags":[1111,1928,11,1927,1777,674,118,1011,27,1944,12,1926,626,1925,25],"class_list":{"0":"post-510237","1":"post","2":"type-post","3":"status-publish","4":"format-standard","5":"has-post-thumbnail","7":"category-paris","8":"tag-actu","9":"tag-actu-paris","10":"tag-actualites","11":"tag-actualites-paris","12":"tag-eu","13":"tag-europe","14":"tag-faits-divers","15":"tag-fr","16":"tag-france","17":"tag-ma-ville","18":"tag-news","19":"tag-news-paris","20":"tag-paris","21":"tag-paris-news","22":"tag-republique-francaise"},"share_on_mastodon":{"url":"https:\/\/pubeurope.com\/@fr\/115489301171451868","error":""},"_links":{"self":[{"href":"https:\/\/www.europesays.com\/fr\/wp-json\/wp\/v2\/posts\/510237","targetHints":{"allow":["GET"]}}],"collection":[{"href":"https:\/\/www.europesays.com\/fr\/wp-json\/wp\/v2\/posts"}],"about":[{"href":"https:\/\/www.europesays.com\/fr\/wp-json\/wp\/v2\/types\/post"}],"author":[{"embeddable":true,"href":"https:\/\/www.europesays.com\/fr\/wp-json\/wp\/v2\/users\/2"}],"replies":[{"embeddable":true,"href":"https:\/\/www.europesays.com\/fr\/wp-json\/wp\/v2\/comments?post=510237"}],"version-history":[{"count":0,"href":"https:\/\/www.europesays.com\/fr\/wp-json\/wp\/v2\/posts\/510237\/revisions"}],"wp:featuredmedia":[{"embeddable":true,"href":"https:\/\/www.europesays.com\/fr\/wp-json\/wp\/v2\/media\/510238"}],"wp:attachment":[{"href":"https:\/\/www.europesays.com\/fr\/wp-json\/wp\/v2\/media?parent=510237"}],"wp:term":[{"taxonomy":"category","embeddable":true,"href":"https:\/\/www.europesays.com\/fr\/wp-json\/wp\/v2\/categories?post=510237"},{"taxonomy":"post_tag","embeddable":true,"href":"https:\/\/www.europesays.com\/fr\/wp-json\/wp\/v2\/tags?post=510237"}],"curies":[{"name":"wp","href":"https:\/\/api.w.org\/{rel}","templated":true}]}}