{"id":510241,"date":"2025-11-04T03:28:18","date_gmt":"2025-11-04T03:28:18","guid":{"rendered":"https:\/\/www.europesays.com\/fr\/510241\/"},"modified":"2025-11-04T03:28:18","modified_gmt":"2025-11-04T03:28:18","slug":"le-magasin-shein-a-paris-va-t-il-ouvrir-malgre-le-scandale-le-patron-de-bhv-repond-fermement","status":"publish","type":"post","link":"https:\/\/www.europesays.com\/fr\/510241\/","title":{"rendered":"Le magasin\u00a0Shein \u00e0 Paris va-t-il ouvrir malgr\u00e9 le scandale\u00a0? Le patron de BHV r\u00e9pond fermement"},"content":{"rendered":"<p class=\"app_entry_lead\">\n<p>                    <a title=\"\u00a0\u00a9\u00a0HOUPLINE-RENARD\/SIPA (publi\u00e9e le 03\/11\/2025)\" href=\"https:\/\/www.europesays.com\/fr\/wp-content\/uploads\/2025\/11\/82310868.jpg\" class=\"fancy\"><\/p>\n<p>                            <img loading=\"lazy\" decoding=\"async\" src=\"https:\/\/www.europesays.com\/fr\/wp-content\/uploads\/2025\/11\/82310868.jpg\" alt=\"Le magasin\u00a0Shein \u00e0 Paris va-t-il ouvrir malgr\u00e9 le scandale\u00a0? Le patron de BHV r\u00e9pond fermement\" width=\"1500\" height=\"1101\"\/><\/p>\n<p>                    <\/a><\/p>\n<p>                Embourb\u00e9 dans la pol\u00e9mique, Shein va-t-il pouvoir ouvrir son magasin au BHV mercredi\u00a0? Pour le grand magasin, la d\u00e9cision est prise&#8230;<\/p>\n<p>Shein est dans la tourmente. Quelques jours avant l&rsquo;ouverture de son magasin au BHV, le site de e-commerce chinois a \u00e9t\u00e9 signal\u00e9 \u00e0 la justice fran\u00e7aise. En cause : la vente de poup\u00e9es sexuelles \u00e0 caract\u00e8re p\u00e9dopornographique sur son site. Lundi soir, Shein a assur\u00e9 dans un communiqu\u00e9 avoir interdit la vente de toutes les \u00ab\u00a0poup\u00e9es sexuelles\u00a0\u00bb sur son site et avoir \u00e9galement temporairement d\u00e9r\u00e9f\u00e9renc\u00e9 sa cat\u00e9gorie \u00ab\u00a0produits pour adultes\u00a0\u00bb.<\/p>\n<p>Dans son communiqu\u00e9, le g\u00e9ant chinois a \u00e9galement fait savoir qu&rsquo;il avait mis en place une \u00ab\u00a0cellule\u00a0\u00bb d\u00e9di\u00e9e \u00e0 \u00ab\u00a0l&rsquo;int\u00e9grit\u00e9\u00a0\u00bb de la place de march\u00e9 o\u00f9 les vendeurs tiers peuvent proposer leurs produits \u00e0 la vente. Suffisant pour \u00e9teindre la pol\u00e9mique ? Quid de l&rsquo;ouverture de son magasin au BHV pr\u00e9vue ce mercredi 5 novembre ? Le directeur g\u00e9n\u00e9ral du grand magasin avait lui pr\u00e9c\u00e9demment indiqu\u00e9 la position de l&rsquo;enseigne face \u00e0 cette question.<\/p>\n<p>\u00ab\u00a0Il n&rsquo;y a qu&rsquo;une seule r\u00e9action\u00a0\u00bb<\/p>\n<p>Au micro de <a href=\"https:\/\/www.bfmtv.com\/economie\/entreprises\/on-a-ete-scandalises-c-est-abject-le-directeur-general-du-bhv-condamne-les-poupees-sexuelles-vendues-par-shein-mais-confirme-l-ouverture-du-magasin_AV-202511030843.html\" target=\"_blank\" rel=\"noopener\">BFMTV<\/a> lundi soir,\u00a0Karl-St\u00e9phane Cottendin n&rsquo;a pas m\u00e2ch\u00e9 ses mots quant \u00e0 l&rsquo;affaire :\u00a0\u00ab\u00a0Il n&rsquo;y a qu&rsquo;une seule r\u00e9action : on a \u00e9t\u00e9 scandalis\u00e9s, c&rsquo;est abject. C&rsquo;est une erreur de leur part, une erreur de leur syst\u00e8me\u00a0\u00bb, a-t-il jug\u00e9, avant de confirmer n\u00e9anmoins l&rsquo;ouverture du magasin Shein mercredi. \u00ab\u00a0L&rsquo;objectif n&rsquo;est pas de faire le buzz, mais de faire du commerce\u00a0\u00bb, a-t-il assur\u00e9.<\/p>\n<p>Et de rench\u00e9rir dans la foul\u00e9e au sujet du magasin : \u00ab\u00a0Il faut l&rsquo;ouvrir, il faut accueillir nos consommateurs.\u00a0\u00bb Selon Karl-St\u00e9phane Cottendin, le groupe BHV \u00ab\u00a0croit fermement au mod\u00e8le sur lequel [ils sont] en train de travailler\u00a0\u00bb et il n&rsquo;est pas question de\u00a0\u00ab\u00a0bannir Shein de notre magasin\u00a0\u00bb, l&rsquo;id\u00e9e est plut\u00f4t \u00ab\u00a0d&rsquo;apprendre \u00e0 faire encore mieux\u00a0\u00bb. La tra\u00e7abilit\u00e9 des produits vendus en magasin a notamment \u00e9t\u00e9 \u00e9voqu\u00e9e.<\/p>\n<p>\u00ab\u00a0Je refuse de c\u00e9der\u00a0\u00bb<\/p>\n<p>La veille, c&rsquo;est Fr\u00e9d\u00e9ric Merlin, pr\u00e9sident de la SGM et propri\u00e9taire du BHV Marais, qui s&rsquo;\u00e9tait exprim\u00e9 sur le sujet sur Instagram. S&rsquo;il a condamn\u00e9 \u00ab\u00a0les faits r\u00e9cents li\u00e9s \u00e0 la pol\u00e9mique des poup\u00e9es\u00a0\u00bb, il a d\u00e9clar\u00e9 \u00ab\u00a0refuse[r] de c\u00e9der \u00e0 la bien-pensance\u00a0\u00bb.<\/p>\n<p>\u00ab\u00a0J&rsquo;ai entendu le m\u00e9contentement, les interrogations, l&rsquo;incompr\u00e9hension \u2014 que je comprends\u00a0\u00ab\u00a0, indiquait-il, ajoutant toutefois : \u00ab\u00a0Mais j&rsquo;ai d\u00e9cid\u00e9 de ne pas revenir sur ma d\u00e9cision, malgr\u00e9 la pol\u00e9mique et la pression.\u00a0\u00bb\u00a0Fr\u00e9d\u00e9ric Merlin assurait ainsi que \u00ab\u00a0l&rsquo;arriv\u00e9e de Shein au BHV se [faisait] dans un cadre ma\u00eetris\u00e9, avec une v\u00e9rification rigoureuse de la provenance des produits\u00a0\u00bb, insistant sur le fait que le BHV \u00ab\u00a0est plus qu&rsquo;un grand magasin\u00a0: c&rsquo;est un symbole du commerce vivant, de la diversit\u00e9, de la rencontre\u00a0\u00bb.<\/p>\n","protected":false},"excerpt":{"rendered":"Embourb\u00e9 dans la pol\u00e9mique, Shein va-t-il pouvoir ouvrir son magasin au BHV mercredi\u00a0? Pour le grand magasin, la&hellip;\n","protected":false},"author":2,"featured_media":510242,"comment_status":"","ping_status":"","sticky":false,"template":"","format":"standard","meta":{"footnotes":""},"categories":[1888],"tags":[11,63165,51761,33,1777,674,51763,1011,27,12,51767,626,25],"class_list":{"0":"post-510241","1":"post","2":"type-post","3":"status-publish","4":"format-standard","5":"has-post-thumbnail","7":"category-paris","8":"tag-actualites","9":"tag-cms-linternaute-9153992","10":"tag-controller-content","11":"tag-economie","12":"tag-eu","13":"tag-europe","14":"tag-format-papier","15":"tag-fr","16":"tag-france","17":"tag-news","18":"tag-parallaxeinfeed","19":"tag-paris","20":"tag-republique-francaise"},"share_on_mastodon":{"url":"https:\/\/pubeurope.com\/@fr\/115489308975095522","error":""},"_links":{"self":[{"href":"https:\/\/www.europesays.com\/fr\/wp-json\/wp\/v2\/posts\/510241","targetHints":{"allow":["GET"]}}],"collection":[{"href":"https:\/\/www.europesays.com\/fr\/wp-json\/wp\/v2\/posts"}],"about":[{"href":"https:\/\/www.europesays.com\/fr\/wp-json\/wp\/v2\/types\/post"}],"author":[{"embeddable":true,"href":"https:\/\/www.europesays.com\/fr\/wp-json\/wp\/v2\/users\/2"}],"replies":[{"embeddable":true,"href":"https:\/\/www.europesays.com\/fr\/wp-json\/wp\/v2\/comments?post=510241"}],"version-history":[{"count":0,"href":"https:\/\/www.europesays.com\/fr\/wp-json\/wp\/v2\/posts\/510241\/revisions"}],"wp:featuredmedia":[{"embeddable":true,"href":"https:\/\/www.europesays.com\/fr\/wp-json\/wp\/v2\/media\/510242"}],"wp:attachment":[{"href":"https:\/\/www.europesays.com\/fr\/wp-json\/wp\/v2\/media?parent=510241"}],"wp:term":[{"taxonomy":"category","embeddable":true,"href":"https:\/\/www.europesays.com\/fr\/wp-json\/wp\/v2\/categories?post=510241"},{"taxonomy":"post_tag","embeddable":true,"href":"https:\/\/www.europesays.com\/fr\/wp-json\/wp\/v2\/tags?post=510241"}],"curies":[{"name":"wp","href":"https:\/\/api.w.org\/{rel}","templated":true}]}}