{"id":510243,"date":"2025-11-04T03:29:26","date_gmt":"2025-11-04T03:29:26","guid":{"rendered":"https:\/\/www.europesays.com\/fr\/510243\/"},"modified":"2025-11-04T03:29:26","modified_gmt":"2025-11-04T03:29:26","slug":"des-essais-nucleaires-en-secret-trump-accuse-la-russie-et-la-chine-pekin-dement-03-11-2025-a-1503","status":"publish","type":"post","link":"https:\/\/www.europesays.com\/fr\/510243\/","title":{"rendered":"Des essais nucl\u00e9aires en secret? Trump accuse la Russie et la Chine, P\u00e9kin d\u00e9ment &#8211; 03\/11\/2025 \u00e0 15:03"},"content":{"rendered":"<p> A l&rsquo;exception de Pyongyang, plus aucune puissance nucl\u00e9aire n&rsquo;a men\u00e9 d&rsquo;essais officiels depuis le milieu des ann\u00e9es 90.<\/p>\n<p>        <img decoding=\"async\" src=\"https:\/\/www.europesays.com\/fr\/wp-content\/uploads\/2025\/11\/7f370d3ca9d5aa9e220eef9992da37c4-760x507.jpg\" alt=\"Donald Trump, \u00e0 bord de l'avion pr\u00e9sidentiel Air Force One, le 2 novembre 2025 ( GETTY IMAGES NORTH AMERICA \/ SAMUEL CORUM )\" loading=\"eager\" fetchpriority=\"high\" width=\"760\" height=\"507\" style=\"max-width: 100%!important; height: auto;\"\/><\/p>\n<p class=\"c-image-news__legend\">Donald Trump, \u00e0 bord de l&rsquo;avion pr\u00e9sidentiel Air Force One, le 2 novembre 2025 ( GETTY IMAGES NORTH AMERICA \/ SAMUEL CORUM )<\/p>\n<p>\n \u00ab\u00a0Ils font des essais et on n&rsquo;en fait pas. Nous devons en faire\u00a0\u00bb. Le pr\u00e9sident am\u00e9ricain Donald Trump a affirm\u00e9 que la Russie et la Chine menaient des essais nucl\u00e9aires \u00ab\u00a0mais n&rsquo;en parlent pas\u00a0\u00bb, sans toutefois pr\u00e9ciser leur nature. Ces propos ont \u00e9t\u00e9 d\u00e9mentis quelques heures apr\u00e8s P\u00e9kin, lundi 3 novembre.\n<\/p>\n<p>\n \u00ab\u00a0La Russie fait des essais, et la Chine fait des essais, mais ils n&rsquo;en parlent pas\u00a0\u00bb, a assur\u00e9 le pr\u00e9sident am\u00e9ricain dans une interview diffus\u00e9e dimanche par la cha\u00eene am\u00e9ricaine<\/p>\n<p>  CBS<\/p>\n<p> .  \u00ab\u00a0On va faire des essais parce que d&rsquo;autres font des essais. La Cor\u00e9e du Nord fait des essais. Le Pakistan fait des essais\u00a0\u00bb, a-t-il \u00e9galement affirm\u00e9.\n<\/p>\n<p>\n \u00ab\u00a0Vous savez, aussi puissantes que soient (les armes nucl\u00e9aires), le monde est grand. Vous ne savez pas n\u00e9cessairement o\u00f9 ils font des essais. Ils font des essais souterrains, en profondeur, o\u00f9 les gens ne savent pas vraiment ce qui se passe. Vous sentez une petite vibration. Ils font des essais et on n&rsquo;en fait pas. Nous devons en faire\u00a0\u00bb.\n<\/p>\n<p>\n \u00ab\u00a0Ce que je dis, c&rsquo;est qu&rsquo;on va faire des essais nucl\u00e9aires comme d&rsquo;autres pays le font\u00a0\u00bb, a insist\u00e9 Donald Trump, sans r\u00e9pondre pr\u00e9cis\u00e9ment \u00e0 une question portant sur la d\u00e9tonation m\u00eame de charge nucl\u00e9aire, que les Etats-Unis n&rsquo;ont plus pratiqu\u00e9 depuis 1992.\n<\/p>\n<p>\n Son ministre de l&rsquo;Energie Chris Wright a lui indiqu\u00e9 dimanche sur Fox News qu&rsquo;il ne s&rsquo;agissait \u00ab\u00a0pas d&rsquo;explosions nucl\u00e9aires\u00a0\u00bb.\n<\/p>\n<p>\n \u00ab\u00a0Ce sont ce qu&rsquo;on appelle des +explosions non critiques+, c&rsquo;est-\u00e0-dire que vous testez toutes les autres parties d&rsquo;une arme nucl\u00e9aire pour vous assurer qu&rsquo;elles composent la g\u00e9om\u00e9trie appropri\u00e9e et qu&rsquo;elles d\u00e9clenchent l&rsquo;explosion nucl\u00e9aire\u00a0\u00bb, a-t-il expliqu\u00e9.\n<\/p>\n<p>\n \u00ab\u00a0Les essais que nous allons faire sont sur des nouveaux syst\u00e8mes, et une fois de plus, il s&rsquo;agit d&rsquo;explosions non nucl\u00e9aires\u00a0\u00bb, a insist\u00e9 le ministre.\n<\/p>\n<p>\n Aucune puissance n&rsquo;a proc\u00e9d\u00e9 officiellement \u00e0 un essai nucl\u00e9aire depuis trois d\u00e9cennies &#8211; \u00e0 l&rsquo;exception de la Cor\u00e9e du Nord (\u00e0 six reprises entre 2006 et 2017).<br \/>\n <strong><br \/>\n  La Russie (alors Union sovi\u00e9tique) n&rsquo;en a plus conduit depuis 1990 et la Chine depuis 1996<br \/>\n <\/strong><br \/>\n .\n<\/p>\n<p>\n Mais de nombreux pays, Etats-Unis en t\u00eate, effectuent r\u00e9guli\u00e8rement des tests de vecteurs &#8211; missiles, sous-marins, avions de chasse ou autres.\n<\/p>\n<p>\n \u00ab\u00a0La Chine a toujours adh\u00e9r\u00e9 \u00e0 la voie du d\u00e9veloppement pacifique, m\u00e8ne une politique de non-utilisation en premier des armes nucl\u00e9aires, adh\u00e8re \u00e0 une strat\u00e9gie nucl\u00e9aire bas\u00e9e sur l&rsquo;autod\u00e9fense et respecte son engagement de suspendre les essais nucl\u00e9aires\u00a0\u00bb, a indiqu\u00e9 lundi Mao Ning, une porte-parole du minist\u00e8re chinois des Affaires \u00e9trang\u00e8res, suite aux derniers propos de Donald Trump.\n<\/p>\n<p>\n Elle a dit esp\u00e9rer que les Etats-Unis \u00ab\u00a0prennent des mesures concr\u00e8tes pour sauvegarder le syst\u00e8me international de d\u00e9sarmement et de non-prolif\u00e9ration nucl\u00e9aires et maintenir l&rsquo;\u00e9quilibre strat\u00e9gique et la stabilit\u00e9 mondiale\u00a0\u00bb, a-t-elle soulign\u00e9 lors d&rsquo;un point de presse r\u00e9gulier.\n<\/p>\n<p> Doutes et \u00ab\u00a0nouvelle \u00e8re\u00a0\u00bb nucl\u00e9aire<\/p>\n<p>\n Washington est signataire du Trait\u00e9 d&rsquo;interdiction compl\u00e8te des essais nucl\u00e9aires (Tice). Proc\u00e9der \u00e0 une explosion nucl\u00e9aire en constituerait une violation flagrante.\n<\/p>\n<p>\n Donald Trump a suscit\u00e9 vives inqui\u00e9tude et protestations dans le monde entier quand il a annonc\u00e9 jeudi avoir ordonn\u00e9 au Pentagone de \u00ab\u00a0commencer \u00e0 tester nos armes nucl\u00e9aires sur un pied d&rsquo;\u00e9galit\u00e9\u00a0\u00bb avec la Russie et la Chine. Depuis, il a r\u00e9it\u00e9r\u00e9 son intention de reprendre les essais d&rsquo;armes nucl\u00e9aires,<br \/>\n <strong><br \/>\n  sans dire ce qu&rsquo;il projetait exactement.<br \/>\n <\/strong>\n<\/p>\n<p>\n Le doute demeure sur son propos:<br \/>\n <strong><br \/>\n  parle-t-il d&rsquo;essais d&rsquo;armes capables de porter une t\u00eate nucl\u00e9aire ou bien de la d\u00e9tonation m\u00eame d&rsquo;une charge nucl\u00e9aire ?<br \/>\n <\/strong><br \/>\n Cette d\u00e9cision choc intervient dans un contexte g\u00e9opolitique incandescent, \u00e0 un moment o\u00f9 la rh\u00e9torique nucl\u00e9aire revient p\u00e9riodiquement au premier plan depuis l&rsquo;invasion de l&rsquo;Ukraine par la Russie en f\u00e9vrier 2022.\n<\/p>\n<p>\n \u00ab\u00a0Nous sommes entr\u00e9s dans une nouvelle \u00e8re en mati\u00e8re d&rsquo;armes nucl\u00e9aires, dans laquelle, malheureusement, l&rsquo;importance de ces armes ne cesse de cro\u00eetre\u00a0\u00bb, a pour sa part jug\u00e9 le pr\u00e9sident finlandais Alexander Stubb, lors d&rsquo;un discours \u00e0 Helsinki.<\/p>\n","protected":false},"excerpt":{"rendered":"A l&rsquo;exception de Pyongyang, plus aucune puissance nucl\u00e9aire n&rsquo;a men\u00e9 d&rsquo;essais officiels depuis le milieu des ann\u00e9es 90.&hellip;\n","protected":false},"author":2,"featured_media":510244,"comment_status":"","ping_status":"","sticky":false,"template":"","format":"standard","meta":{"footnotes":""},"categories":[1591],"tags":[400,11,398,408,405,1887,403,402,399,404,12,1885,1886,132,401,406,407],"class_list":{"0":"post-510243","1":"post","2":"type-post","3":"status-publish","4":"format-standard","5":"has-post-thumbnail","7":"category-russie","8":"tag-action-cac-40","9":"tag-actualites","10":"tag-bourse-de-paris","11":"tag-boursorama","12":"tag-cotations","13":"tag-federation-de-russie","14":"tag-indices-devises","15":"tag-investir","16":"tag-investissement","17":"tag-marche-boursier","18":"tag-news","19":"tag-russia","20":"tag-russian-federation","21":"tag-russie","22":"tag-sicav","23":"tag-trackers","24":"tag-warrants"},"share_on_mastodon":{"url":"https:\/\/pubeurope.com\/@fr\/115489312940288710","error":""},"_links":{"self":[{"href":"https:\/\/www.europesays.com\/fr\/wp-json\/wp\/v2\/posts\/510243","targetHints":{"allow":["GET"]}}],"collection":[{"href":"https:\/\/www.europesays.com\/fr\/wp-json\/wp\/v2\/posts"}],"about":[{"href":"https:\/\/www.europesays.com\/fr\/wp-json\/wp\/v2\/types\/post"}],"author":[{"embeddable":true,"href":"https:\/\/www.europesays.com\/fr\/wp-json\/wp\/v2\/users\/2"}],"replies":[{"embeddable":true,"href":"https:\/\/www.europesays.com\/fr\/wp-json\/wp\/v2\/comments?post=510243"}],"version-history":[{"count":0,"href":"https:\/\/www.europesays.com\/fr\/wp-json\/wp\/v2\/posts\/510243\/revisions"}],"wp:featuredmedia":[{"embeddable":true,"href":"https:\/\/www.europesays.com\/fr\/wp-json\/wp\/v2\/media\/510244"}],"wp:attachment":[{"href":"https:\/\/www.europesays.com\/fr\/wp-json\/wp\/v2\/media?parent=510243"}],"wp:term":[{"taxonomy":"category","embeddable":true,"href":"https:\/\/www.europesays.com\/fr\/wp-json\/wp\/v2\/categories?post=510243"},{"taxonomy":"post_tag","embeddable":true,"href":"https:\/\/www.europesays.com\/fr\/wp-json\/wp\/v2\/tags?post=510243"}],"curies":[{"name":"wp","href":"https:\/\/api.w.org\/{rel}","templated":true}]}}