{"id":51025,"date":"2025-04-25T05:52:09","date_gmt":"2025-04-25T05:52:09","guid":{"rendered":"https:\/\/www.europesays.com\/fr\/51025\/"},"modified":"2025-04-25T05:52:09","modified_gmt":"2025-04-25T05:52:09","slug":"en-ile-de-france-un-tiers-des-createurs-dentreprise-ont-moins-de-30-ans","status":"publish","type":"post","link":"https:\/\/www.europesays.com\/fr\/51025\/","title":{"rendered":"En \u00cele-de-France, un tiers des cr\u00e9ateurs d&rsquo;entreprise ont moins de 30 ans"},"content":{"rendered":"\n<p style=\"margin-bottom: 0cm;\">L&rsquo;Institut national de la statistique jette un \u0153il dans le r\u00e9troviseur sur les chiffres de l&rsquo;ann\u00e9e 2022. \u00c0 l&rsquo;\u00e9poque, pr\u00e8s de 290.000 entreprises ont \u00e9t\u00e9 cr\u00e9\u00e9es dans la r\u00e9gion, soit plus d&rsquo;un quart (26%) des cr\u00e9ations en France. Les cr\u00e9ateurs d\u2019entreprise sont plus jeunes en \u00cele-de-France par rapport \u00e0 la moyenne fran\u00e7aise : 35\u00a0% ont moins de 30\u00a0ans, contre 31\u00a0% au niveau national. C&rsquo;est encore plus flagrant chez les micro-entrepreneurs (46\u00a0% contre 38\u00a0%).<\/p>\n<p lang=\"fr-FR\" style=\"margin-bottom: 0cm;\">\u00a0<\/p>\n<p lang=\"fr-FR\" style=\"margin-bottom: 0cm;\">Nicolas Chacun<\/p>\n<p>!function(f,b,e,v,n,t,s){if(f.fbq)return;n=f.fbq=function(){n.callMethod?<br \/>\nn.callMethod.apply(n,arguments):n.queue.push(arguments)};if(!f._fbq)f._fbq=n;<br \/>\nn.push=n;n.loaded=!0;n.version=&rsquo;2.0&prime;;n.queue=[];t=b.createElement(e);t.async=!0;<br \/>\nt.src=v;s=b.getElementsByTagName(e)[0];s.parentNode.insertBefore(t,s)}(window,<br \/>\ndocument,&rsquo;script&rsquo;,&rsquo;https:\/\/connect.facebook.net\/en_US\/fbevents.js&rsquo;);<br \/>\nfbq(&lsquo;init&rsquo;, &lsquo;278974969201861&rsquo;); \/\/ Insert your pixel ID here.<br \/>\nfbq(&lsquo;track&rsquo;, &lsquo;PageView&rsquo;);<\/p>\n","protected":false},"excerpt":{"rendered":"L&rsquo;Institut national de la statistique jette un \u0153il dans le r\u00e9troviseur sur les chiffres de l&rsquo;ann\u00e9e 2022. \u00c0&hellip;\n","protected":false},"author":2,"featured_media":51026,"comment_status":"","ping_status":"","sticky":false,"template":"","format":"standard","meta":{"footnotes":""},"categories":[1592],"tags":[1111,11,1933,1936,1777,1939,674,1011,27,662,1934,12,1940,626,1935,25,1937,1941,1938],"class_list":{"0":"post-51025","1":"post","2":"type-post","3":"status-publish","4":"format-standard","5":"has-post-thumbnail","7":"category-ile-de-france","8":"tag-actu","9":"tag-actualites","10":"tag-actualites-locales","11":"tag-essonne","12":"tag-eu","13":"tag-eure-et-loir","14":"tag-europe","15":"tag-fr","16":"tag-france","17":"tag-ile-de-france","18":"tag-infos-locales","19":"tag-news","20":"tag-oise","21":"tag-paris","22":"tag-pres-de-chez-vous","23":"tag-republique-francaise","24":"tag-seine-et-marne","25":"tag-somme","26":"tag-yvelines"},"share_on_mastodon":{"url":"","error":""},"_links":{"self":[{"href":"https:\/\/www.europesays.com\/fr\/wp-json\/wp\/v2\/posts\/51025","targetHints":{"allow":["GET"]}}],"collection":[{"href":"https:\/\/www.europesays.com\/fr\/wp-json\/wp\/v2\/posts"}],"about":[{"href":"https:\/\/www.europesays.com\/fr\/wp-json\/wp\/v2\/types\/post"}],"author":[{"embeddable":true,"href":"https:\/\/www.europesays.com\/fr\/wp-json\/wp\/v2\/users\/2"}],"replies":[{"embeddable":true,"href":"https:\/\/www.europesays.com\/fr\/wp-json\/wp\/v2\/comments?post=51025"}],"version-history":[{"count":0,"href":"https:\/\/www.europesays.com\/fr\/wp-json\/wp\/v2\/posts\/51025\/revisions"}],"wp:featuredmedia":[{"embeddable":true,"href":"https:\/\/www.europesays.com\/fr\/wp-json\/wp\/v2\/media\/51026"}],"wp:attachment":[{"href":"https:\/\/www.europesays.com\/fr\/wp-json\/wp\/v2\/media?parent=51025"}],"wp:term":[{"taxonomy":"category","embeddable":true,"href":"https:\/\/www.europesays.com\/fr\/wp-json\/wp\/v2\/categories?post=51025"},{"taxonomy":"post_tag","embeddable":true,"href":"https:\/\/www.europesays.com\/fr\/wp-json\/wp\/v2\/tags?post=51025"}],"curies":[{"name":"wp","href":"https:\/\/api.w.org\/{rel}","templated":true}]}}