{"id":510253,"date":"2025-11-04T03:34:13","date_gmt":"2025-11-04T03:34:13","guid":{"rendered":"https:\/\/www.europesays.com\/fr\/510253\/"},"modified":"2025-11-04T03:34:13","modified_gmt":"2025-11-04T03:34:13","slug":"objectifs-climatiques-leurope-sous-pression-avant-la-cop-au-bresil-04-11-2025-a-0410","status":"publish","type":"post","link":"https:\/\/www.europesays.com\/fr\/510253\/","title":{"rendered":"Objectifs climatiques: l&rsquo;Europe sous pression avant la COP au Br\u00e9sil &#8211; 04\/11\/2025 \u00e0 04:10"},"content":{"rendered":"<p>        <img decoding=\"async\" src=\"https:\/\/www.europesays.com\/fr\/wp-content\/uploads\/2025\/11\/2f133be4078253c8c749f321715d6189-760x507.jpg\" alt=\"Des drapeaux de l'Union europ\u00e9enne \u00e0 Bruxelles, le 11 septembre 2025 ( AFP \/ Nicolas TUCAT )\" loading=\"eager\" fetchpriority=\"high\" width=\"760\" height=\"507\" style=\"max-width: 100%!important; height: auto;\"\/><\/p>\n<p class=\"c-image-news__legend\">Des drapeaux de l&rsquo;Union europ\u00e9enne \u00e0 Bruxelles, le 11 septembre 2025 ( AFP \/ Nicolas TUCAT )<\/p>\n<p>\n Pour \u00e9viter une \u00ab\u00a0catastrophe diplomatique\u00a0\u00bb, les Europ\u00e9ens vont tenter d&rsquo;arracher un accord mardi \u00e0 Bruxelles sur la r\u00e9duction de leurs \u00e9missions de gaz \u00e0 effet de serre en 2035 et 2040, juste avant la conf\u00e9rence de l&rsquo;ONU sur le climat au Br\u00e9sil.\n<\/p>\n<p>\n \u00ab\u00a0Arriver les mains vides\u00a0\u00bb \u00e0 cette COP30 de Belem \u00ab\u00a0nuirait vraiment \u00e0 la cr\u00e9dibilit\u00e9 de l&rsquo;Union europ\u00e9enne\u00a0\u00bb, r\u00e9sume un diplomate.\n<\/p>\n<p>\n Probablement jusqu&rsquo;\u00e0 la nuit tomb\u00e9e, les ministres de l&rsquo;Environnement des 27 vont plonger dans de longues heures de tractations dont l&rsquo;UE a le secret.\n<\/p>\n<p>\n Les Etats europ\u00e9ens doivent s&rsquo;accorder \u00e0 l&rsquo;unanimit\u00e9 sur la r\u00e9duction de leurs \u00e9missions de gaz \u00e0 effet de serre en 2035 &#8211; un chiffre que l&rsquo;ONU leur r\u00e9clame depuis des mois pour la COP &#8211; et \u00e0 la majorit\u00e9 qualifi\u00e9e sur leur loi climat en 2040.\n<\/p>\n<p>\n Le bras de fer est difficile dans une Europe qui a rel\u00e9gu\u00e9 les questions climatiques derri\u00e8re les enjeux de d\u00e9fense et de comp\u00e9titivit\u00e9 ces derniers mois.\n<\/p>\n<p>\n A ce stade, les Vingt-Sept n&rsquo;ont pas endoss\u00e9 l&rsquo;objectif propos\u00e9 par la Commission europ\u00e9enne de baisser de 90% les \u00e9missions en 2040 par rapport \u00e0 1990 &#8211; l&rsquo;UE en \u00e9tait \u00e0 -37% en 2023 &#8211; , avec \u00e0 la cl\u00e9 des transformations majeures pour l&rsquo;industrie et le quotidien des Europ\u00e9ens.\n<\/p>\n<p>\n L&rsquo;Espagne et les pays scandinaves soutiennent cet objectif, tout comme l&rsquo;Allemagne moyennant quelques concessions.\n<\/p>\n<p>\n Mais pas la Hongrie, ni la Pologne, la R\u00e9publique Tch\u00e8que ou l&rsquo;Italie, qui y voient une menace pour leur industrie.\n<\/p>\n<p>\n La France a quant \u00e0 elle entretenu le suspense jusqu&rsquo;au bout, s&rsquo;attirant les foudres des organisations environnementales.\n<\/p>\n<p>\n Paris a successivement r\u00e9clam\u00e9 des garanties sur le nucl\u00e9aire, le financement des industries propres, puis un \u00ab\u00a0frein d&rsquo;urgence\u00a0\u00bb pour prendre en compte les incertitudes sur la capacit\u00e9 des puits de carbone (for\u00eats, sols&#8230;) \u00e0 absorber du CO2, au moment o\u00f9 l&rsquo;\u00e9tat des for\u00eats se d\u00e9grade en Europe.\n<\/p>\n<p> &#8211; \u00ab\u00a0Echappatoires inutiles\u00a0\u00bb &#8211;<\/p>\n<p>\n Pour rassurer les plus r\u00e9ticents, les discussions porteront mardi sur ces \u00ab\u00a0flexibilit\u00e9s\u00a0\u00bb accord\u00e9es aux Etats, dont la possibilit\u00e9 d&rsquo;acqu\u00e9rir des cr\u00e9dits carbone internationaux, qui financeraient des projets en dehors de l&rsquo;Europe.\n<\/p>\n<p>\n La Commission europ\u00e9enne a fait un geste d\u00e9but juillet en proposant d&rsquo;int\u00e9grer jusqu&rsquo;\u00e0 3% de cr\u00e9dits carbone \u00e0 l&rsquo;\u00e9tranger dans la baisse des \u00e9missions de 90%.\n<\/p>\n<p>\n Insuffisant pour une s\u00e9rie de pays, dont la France, qui fixe d\u00e9sormais comme condition une part de 5% de cr\u00e9dits internationaux pour adopter l&rsquo;objectif 2040.\n<\/p>\n<p>\n Des Etats ont aussi pouss\u00e9 pour inscrire dans cette loi climat une clause de r\u00e9vision tous les deux ans, qui permettrait d&rsquo;ajuster l&rsquo;objectif s&rsquo;il s&rsquo;av\u00e9rait trop difficile \u00e0 atteindre.\n<\/p>\n<p>\n Autant de concessions qui h\u00e9rissent les organisations environnementales. \u00ab\u00a0Les Etats membres ne devraient pas affaiblir\u00a0\u00bb davantage les ambitions europ\u00e9ennes avec \u00ab\u00a0des \u00e9chappatoires inutiles telles que les cr\u00e9dits carbones internationaux\u00a0\u00bb, critique Sven Harmeling, du r\u00e9seau d&rsquo;ONG CAN Europe.\n<\/p>\n<p>\n Un diplomate relativise. Le compromis que l&rsquo;UE pourrait adopter mardi \u00ab\u00a0ne sera pas forc\u00e9ment tr\u00e8s joli\u00a0\u00bb, mais \u00ab\u00a0nous essayons de faire quelque chose de bien\u00a0\u00bb dans le \u00ab\u00a0monde r\u00e9el et d\u00e9sordonn\u00e9 tel qu&rsquo;il est\u00a0\u00bb.\n<\/p>\n<p>\n \u00ab\u00a0C&rsquo;est un num\u00e9ro d&rsquo;\u00e9quilibriste d\u00e9licat\u00a0\u00bb, mais \u00ab\u00a0nous semblons converger\u00a0\u00bb, pense une autre source diplomatique.\n<\/p>\n<p>\n Sur l&rsquo;\u00e9ch\u00e9ance 2035, les pays europ\u00e9ens avaient tent\u00e9 de d\u00e9miner le terrain au mois de septembre en mettant en avant une fourchette de r\u00e9duction des \u00e9missions comprise entre -66,25% et -72,5% par rapport \u00e0 1990.\n<\/p>\n<p>\n Il leur appartient d\u00e9sormais de formaliser cette derni\u00e8re pour qu&rsquo;elle devienne l&rsquo;objectif contraignant qu&rsquo;attend l&rsquo;ONU, la \u00ab\u00a0NDC\u00a0\u00bb dans le jargon onusien.\n<\/p>\n<p>\n Au minist\u00e8re fran\u00e7ais de la Transition \u00e9cologique, on juge en tout cas \u00ab\u00a0impensable que l&rsquo;Union europ\u00e9enne n&rsquo;adopte pas de +NDC+ avant d&rsquo;arriver \u00e0 Belem. Ce serait une catastrophe diplomatique\u00a0\u00bb.\n<\/p>\n<p>\n Malgr\u00e9 l&rsquo;\u00e2pret\u00e9 de ces n\u00e9gociations, l&rsquo;Union europ\u00e9enne affirme qu&rsquo;elle maintient son r\u00f4le de locomotive en mati\u00e8re environnementale. Avec ses Etats membres, elle se pr\u00e9sente comme le plus gros bailleur de fonds de la plan\u00e8te en faveur du climat, comptabilisant 31,7 milliards d&rsquo;euros de fonds publics mobilis\u00e9s en 2024.\n<\/p>\n<p>\n Tr\u00e8s loin derri\u00e8re la Chine, l&rsquo;Union europ\u00e9enne est le quatri\u00e8me \u00e9metteur de gaz \u00e0 effet de serre dans le monde, apr\u00e8s les Etats-Unis et l&rsquo;Inde.<\/p>\n","protected":false},"excerpt":{"rendered":"Des drapeaux de l&rsquo;Union europ\u00e9enne \u00e0 Bruxelles, le 11 septembre 2025 ( AFP \/ Nicolas TUCAT ) Pour&hellip;\n","protected":false},"author":2,"featured_media":510254,"comment_status":"","ping_status":"","sticky":false,"template":"","format":"standard","meta":{"footnotes":""},"categories":[1586],"tags":[400,11,398,408,405,1777,674,1011,27,403,402,399,404,12,25,401,406,407],"class_list":{"0":"post-510253","1":"post","2":"type-post","3":"status-publish","4":"format-standard","5":"has-post-thumbnail","7":"category-europe","8":"tag-action-cac-40","9":"tag-actualites","10":"tag-bourse-de-paris","11":"tag-boursorama","12":"tag-cotations","13":"tag-eu","14":"tag-europe","15":"tag-fr","16":"tag-france","17":"tag-indices-devises","18":"tag-investir","19":"tag-investissement","20":"tag-marche-boursier","21":"tag-news","22":"tag-republique-francaise","23":"tag-sicav","24":"tag-trackers","25":"tag-warrants"},"share_on_mastodon":{"url":"https:\/\/pubeurope.com\/@fr\/115489333264598442","error":""},"_links":{"self":[{"href":"https:\/\/www.europesays.com\/fr\/wp-json\/wp\/v2\/posts\/510253","targetHints":{"allow":["GET"]}}],"collection":[{"href":"https:\/\/www.europesays.com\/fr\/wp-json\/wp\/v2\/posts"}],"about":[{"href":"https:\/\/www.europesays.com\/fr\/wp-json\/wp\/v2\/types\/post"}],"author":[{"embeddable":true,"href":"https:\/\/www.europesays.com\/fr\/wp-json\/wp\/v2\/users\/2"}],"replies":[{"embeddable":true,"href":"https:\/\/www.europesays.com\/fr\/wp-json\/wp\/v2\/comments?post=510253"}],"version-history":[{"count":0,"href":"https:\/\/www.europesays.com\/fr\/wp-json\/wp\/v2\/posts\/510253\/revisions"}],"wp:featuredmedia":[{"embeddable":true,"href":"https:\/\/www.europesays.com\/fr\/wp-json\/wp\/v2\/media\/510254"}],"wp:attachment":[{"href":"https:\/\/www.europesays.com\/fr\/wp-json\/wp\/v2\/media?parent=510253"}],"wp:term":[{"taxonomy":"category","embeddable":true,"href":"https:\/\/www.europesays.com\/fr\/wp-json\/wp\/v2\/categories?post=510253"},{"taxonomy":"post_tag","embeddable":true,"href":"https:\/\/www.europesays.com\/fr\/wp-json\/wp\/v2\/tags?post=510253"}],"curies":[{"name":"wp","href":"https:\/\/api.w.org\/{rel}","templated":true}]}}