{"id":510265,"date":"2025-11-04T03:42:22","date_gmt":"2025-11-04T03:42:22","guid":{"rendered":"https:\/\/www.europesays.com\/fr\/510265\/"},"modified":"2025-11-04T03:42:22","modified_gmt":"2025-11-04T03:42:22","slug":"keys-incertaine-pour-son-dernier-match-de-poule","status":"publish","type":"post","link":"https:\/\/www.europesays.com\/fr\/510265\/","title":{"rendered":"Keys incertaine pour son dernier match de poule ?"},"content":{"rendered":"<p>                <img decoding=\"async\" src=\"https:\/\/www.europesays.com\/fr\/wp-content\/uploads\/2025\/11\/MuMZ.jpg\" fetchpriority=\"high\" alt=\"WTA Finals : Keys incertaine pour son dernier match de poule ?\"\/><\/p>\n<p>Apr\u00e8s deux revers en poule \u00e0 Riyad, l\u2019Am\u00e9ricaine a choisi de ne pas saluer Anisimova \u00e0 la suite d&rsquo;un virus et laisse planer le doute sur sa pr\u00e9sence mercredi.<\/p>\n<p>Madison Keys, battue lors de ses deux premiers matchs de poule par Iga Swiatek (6-1, 6-2) et Amanda Anisimova (4-6, 6-3, 6-2), n\u2019a pas affich\u00e9 son meilleur niveau sur ces WTA Finals.<\/p>\n<p>Titr\u00e9e \u00e0 l\u2019Open d\u2019Australie en d\u00e9but de saison, l\u2019Am\u00e9ricaine a \u00e9vit\u00e9 la traditionnelle poign\u00e9e de main avec Anisimova ce lundi, invoquant un probl\u00e8me de sant\u00e9.<\/p>\n<p>D\u00e9j\u00e0 \u00e9limin\u00e9e du groupe Serena Williams, Keys doit normalement affronter Elena Rybakina mercredi. Mais au vu de son \u00e9tat, la n\u00b07 mondiale pourrait renoncer \u00e0 ce dernier match, laissant sa place \u00e0 Mirra Andreeva, premi\u00e8re rempla\u00e7ante du tournoi.<\/p>\n<p>L\u2019an pass\u00e9, Jessica Pegula avait v\u00e9cu une situation similaire, ayant d\u00e9clar\u00e9 forfait apr\u00e8s avoir perdu ses deux premiers matchs de poule.<\/p>\n","protected":false},"excerpt":{"rendered":"Apr\u00e8s deux revers en poule \u00e0 Riyad, l\u2019Am\u00e9ricaine a choisi de ne pas saluer Anisimova \u00e0 la suite&hellip;\n","protected":false},"author":2,"featured_media":510266,"comment_status":"","ping_status":"","sticky":false,"template":"","format":"standard","meta":{"footnotes":""},"categories":[1415],"tags":[1011,27,60,1467],"class_list":{"0":"post-510265","1":"post","2":"type-post","3":"status-publish","4":"format-standard","5":"has-post-thumbnail","7":"category-tennis","8":"tag-fr","9":"tag-france","10":"tag-sports","11":"tag-tennis"},"share_on_mastodon":{"url":"https:\/\/pubeurope.com\/@fr\/115489364433272205","error":""},"_links":{"self":[{"href":"https:\/\/www.europesays.com\/fr\/wp-json\/wp\/v2\/posts\/510265","targetHints":{"allow":["GET"]}}],"collection":[{"href":"https:\/\/www.europesays.com\/fr\/wp-json\/wp\/v2\/posts"}],"about":[{"href":"https:\/\/www.europesays.com\/fr\/wp-json\/wp\/v2\/types\/post"}],"author":[{"embeddable":true,"href":"https:\/\/www.europesays.com\/fr\/wp-json\/wp\/v2\/users\/2"}],"replies":[{"embeddable":true,"href":"https:\/\/www.europesays.com\/fr\/wp-json\/wp\/v2\/comments?post=510265"}],"version-history":[{"count":0,"href":"https:\/\/www.europesays.com\/fr\/wp-json\/wp\/v2\/posts\/510265\/revisions"}],"wp:featuredmedia":[{"embeddable":true,"href":"https:\/\/www.europesays.com\/fr\/wp-json\/wp\/v2\/media\/510266"}],"wp:attachment":[{"href":"https:\/\/www.europesays.com\/fr\/wp-json\/wp\/v2\/media?parent=510265"}],"wp:term":[{"taxonomy":"category","embeddable":true,"href":"https:\/\/www.europesays.com\/fr\/wp-json\/wp\/v2\/categories?post=510265"},{"taxonomy":"post_tag","embeddable":true,"href":"https:\/\/www.europesays.com\/fr\/wp-json\/wp\/v2\/tags?post=510265"}],"curies":[{"name":"wp","href":"https:\/\/api.w.org\/{rel}","templated":true}]}}