{"id":51027,"date":"2025-04-25T05:53:10","date_gmt":"2025-04-25T05:53:10","guid":{"rendered":"https:\/\/www.europesays.com\/fr\/51027\/"},"modified":"2025-04-25T05:53:10","modified_gmt":"2025-04-25T05:53:10","slug":"hauts-de-france-la-region-aide-les-communes-a-perpetuer-le-devoir-de-memoire","status":"publish","type":"post","link":"https:\/\/www.europesays.com\/fr\/51027\/","title":{"rendered":"Hauts-de-France\u00a0: la R\u00e9gion aide les communes \u00e0 perp\u00e9tuer le devoir de m\u00e9moire"},"content":{"rendered":"<p><img decoding=\"async\" class=\"\" style=\"width:100%\" src=\"https:\/\/www.europesays.com\/fr\/wp-content\/uploads\/2025\/04\/Beaumont_les_Nonains_mom1745514463572.jpg\" alt=\"Monument aux morts de Beaumont-les-Nonains\"\/><\/p>\n<p>Monument aux morts de Beaumont-les-Nonains<\/p>\n<p>Cr\u00e9dit : Chatsam CC BY SA 3.0<\/p>\n<p lang=\"fr-FR\" style=\"margin-bottom: 0cm;\">Pour le conseil r\u00e9gional, il s&rsquo;agit d&rsquo;une \u00ab\u00a0obligation morale essentielle\u00a0\u00bb, pour que \u00ab\u00a0les crimes du pass\u00e9 ne tombent jamais dans l&rsquo;oubli\u00a0\u00bb. Il s&rsquo;agit notamment d&rsquo;aider \u00e0 financer la r\u00e9novation de monuments comm\u00e9moratifs. Une d\u00e9marche qui a une certaine symbolique, alors que cette ann\u00e9e seront c\u00e9l\u00e9br\u00e9s les 80 ans de l&rsquo;armistice de 1945. Dans la Somme, plusieurs communes ont \u00e9t\u00e9 soutenues dans leurs projets m\u00e9moriels\u00a0: Ch\u00e9py (2.349,53 euros), Dargnies (3.000 euros), l&rsquo;\u00c9chelle-Saint-Aurin (5.000 euros) et enfin Offignies (645 euros).<\/p>\n<p lang=\"fr-FR\" style=\"margin-bottom: 0cm;\">\u00a0<\/p>\n<p lang=\"fr-FR\" style=\"margin-bottom: 0cm;\">Nicolas Chacun<\/p>\n<p>!function(f,b,e,v,n,t,s){if(f.fbq)return;n=f.fbq=function(){n.callMethod?<br \/>\nn.callMethod.apply(n,arguments):n.queue.push(arguments)};if(!f._fbq)f._fbq=n;<br \/>\nn.push=n;n.loaded=!0;n.version=&rsquo;2.0&prime;;n.queue=[];t=b.createElement(e);t.async=!0;<br \/>\nt.src=v;s=b.getElementsByTagName(e)[0];s.parentNode.insertBefore(t,s)}(window,<br \/>\ndocument,&rsquo;script&rsquo;,&rsquo;https:\/\/connect.facebook.net\/en_US\/fbevents.js&rsquo;);<br \/>\nfbq(&lsquo;init&rsquo;, &lsquo;278974969201861&rsquo;); \/\/ Insert your pixel ID here.<br \/>\nfbq(&lsquo;track&rsquo;, &lsquo;PageView&rsquo;);<\/p>\n","protected":false},"excerpt":{"rendered":"Monument aux morts de Beaumont-les-Nonains Cr\u00e9dit : Chatsam CC BY SA 3.0 Pour le conseil r\u00e9gional, il s&rsquo;agit&hellip;\n","protected":false},"author":2,"featured_media":51028,"comment_status":"","ping_status":"","sticky":false,"template":"","format":"standard","meta":{"footnotes":""},"categories":[1592],"tags":[1111,11,1933,1936,1777,1939,674,1011,27,662,1934,12,1940,626,1935,25,1937,1941,1938],"class_list":{"0":"post-51027","1":"post","2":"type-post","3":"status-publish","4":"format-standard","5":"has-post-thumbnail","7":"category-ile-de-france","8":"tag-actu","9":"tag-actualites","10":"tag-actualites-locales","11":"tag-essonne","12":"tag-eu","13":"tag-eure-et-loir","14":"tag-europe","15":"tag-fr","16":"tag-france","17":"tag-ile-de-france","18":"tag-infos-locales","19":"tag-news","20":"tag-oise","21":"tag-paris","22":"tag-pres-de-chez-vous","23":"tag-republique-francaise","24":"tag-seine-et-marne","25":"tag-somme","26":"tag-yvelines"},"share_on_mastodon":{"url":"https:\/\/pubeurope.com\/@fr\/114397053219282693","error":""},"_links":{"self":[{"href":"https:\/\/www.europesays.com\/fr\/wp-json\/wp\/v2\/posts\/51027","targetHints":{"allow":["GET"]}}],"collection":[{"href":"https:\/\/www.europesays.com\/fr\/wp-json\/wp\/v2\/posts"}],"about":[{"href":"https:\/\/www.europesays.com\/fr\/wp-json\/wp\/v2\/types\/post"}],"author":[{"embeddable":true,"href":"https:\/\/www.europesays.com\/fr\/wp-json\/wp\/v2\/users\/2"}],"replies":[{"embeddable":true,"href":"https:\/\/www.europesays.com\/fr\/wp-json\/wp\/v2\/comments?post=51027"}],"version-history":[{"count":0,"href":"https:\/\/www.europesays.com\/fr\/wp-json\/wp\/v2\/posts\/51027\/revisions"}],"wp:featuredmedia":[{"embeddable":true,"href":"https:\/\/www.europesays.com\/fr\/wp-json\/wp\/v2\/media\/51028"}],"wp:attachment":[{"href":"https:\/\/www.europesays.com\/fr\/wp-json\/wp\/v2\/media?parent=51027"}],"wp:term":[{"taxonomy":"category","embeddable":true,"href":"https:\/\/www.europesays.com\/fr\/wp-json\/wp\/v2\/categories?post=51027"},{"taxonomy":"post_tag","embeddable":true,"href":"https:\/\/www.europesays.com\/fr\/wp-json\/wp\/v2\/tags?post=51027"}],"curies":[{"name":"wp","href":"https:\/\/api.w.org\/{rel}","templated":true}]}}