{"id":510271,"date":"2025-11-04T03:48:14","date_gmt":"2025-11-04T03:48:14","guid":{"rendered":"https:\/\/www.europesays.com\/fr\/510271\/"},"modified":"2025-11-04T03:48:14","modified_gmt":"2025-11-04T03:48:14","slug":"denis-surprend-romy-avec-une-danse-du-ventre-qui-la-met-mal-a-laise-ca-me-gene","status":"publish","type":"post","link":"https:\/\/www.europesays.com\/fr\/510271\/","title":{"rendered":"Denis surprend Romy avec une danse du ventre qui la met mal \u00e0 l\u2019aise, \u00ab\u00a0\u00e7a me g\u00eane\u00a0\u00bb"},"content":{"rendered":"<p>Les candidats de L\u2019amour est dans le pr\u00e9 franchissent une<br \/>\nnouvelle \u00e9tape de l\u2019aventure. Apr\u00e8s plusieurs jours de vie \u00e0 trois,<br \/>\nil est temps pour les agriculteurs et agricultrices de s\u00e9lectionner<br \/>\nla personne avec qui ils souhaitent poursuivre leur chemin.<br \/>\n<a href=\"https:\/\/www.melty.fr\/tele\/jai-pris-un-mur-mathieu-bouleverse-dans-lamour-est-dans-le-pre-2271802.html\" target=\"_blank\" rel=\"noopener\"><br \/>\nUne d\u00e9cision qui n\u2019est pas facile \u00e0 prendre<\/a>, encore moins \u00e0<br \/>\nannoncer. Et \u00e7a, Denis l\u2019a compris. En effet, si le c\u00e9r\u00e9alier<br \/>\nsavait d\u00e9j\u00e0 qu\u2019il voulait continuer l\u2019aventure avec Romy, il a eu<br \/>\ndu mal \u00e0 l\u2019annoncer \u00e0 sa rivale Sylvie.<\/p>\n<p>Sylvie fond en larmes apr\u00e8s l\u2019annonce du c\u00e9r\u00e9alier<\/p>\n<p>Dans le prochain \u00e9pisode de L\u2019amour est dans le pr\u00e9 diffus\u00e9 ce 3<br \/>\nnovembre 2025, Denis a profit\u00e9 de son moment de t\u00eate-\u00e0-t\u00eate avec<br \/>\nSylvie pour lui annoncer son choix de continuer avec Romy.<br \/>\n\u201c<strong>Je pense que je vais continuer avec Romy. J\u2019ai un<br \/>\npetit plus pour elle<\/strong>\u201d, a-t-il avou\u00e9. Une terrible<br \/>\nannonce pour Sylvie qui avait espoir d\u2019\u00eatre l\u2019heureuse \u00e9lue. Face \u00e0<br \/>\ncette d\u00e9sillusion, <a href=\"https:\/\/www.melty.fr\/tele\/lamour-est-dans-le-pre-sylvie-fond-en-larmes-apres-son-elimination-par-denis-2272054.html\" target=\"_blank\" rel=\"noopener\"><br \/>\ncette derni\u00e8re n\u2019a pas pu retenir ses larmes<\/a>.<\/p>\n<p>Toutefois, la pr\u00e9tendante a voulu voir le bon c\u00f4t\u00e9 des choses.<br \/>\n\u201c\u00c7a va permettre de me faire des amis. <strong>Il n\u2019y a pas de<br \/>\nsouci<\/strong>\u201d, a-t-elle lanc\u00e9. Avant de se confier en larmes<br \/>\ndevant les cam\u00e9ras : \u201cL\u2019\u00e9motion est normale. Je suis triste<br \/>\npour moi, c\u2019est tout. Je suis heureuse pour eux.\u201d Une nouvelle<br \/>\nqui n\u2019a pas \u00e9galement laiss\u00e9 Romy indiff\u00e9rente. Lorsque Denis a mis<br \/>\ncette derni\u00e8re \u00e0 la page, son premier r\u00e9flexe a \u00e9t\u00e9 de prendre sa<br \/>\nrivale dans ses bras.<\/p>\n<p>L\u00a0\u00bbagriculteur pr\u00e9pare une surprise pour sa pr\u00e9tendante<\/p>\n<p>Le d\u00e9part de Sylvie, laisse la place et l\u2019intimit\u00e9 \u00e0 Denis et<br \/>\nRomy qui peuvent davantage apprendre \u00e0 se conna\u00eetre. D\u2019ailleurs,<br \/>\nles deux tourtereaux ont commenc\u00e9 \u00e0 faire leur bagage afin de<br \/>\nquitter le g\u00eete. N\u2019ayant qu\u2019une seule chambre dans sa ferme,<br \/>\nl\u2019agriculteur ne pouvait pas accueillir ses deux pr\u00e9tendantes. Ce<br \/>\nqui n\u2019est plus le cas. C\u2019est donc avec plaisir que le candidat de<br \/>\nL\u2019amour est dans le pr\u00e9 a pris la direction de sa ferme avec<br \/>\nRomy.<\/p>\n<p>D\u2019ailleurs, dans la voiture, il ne lui a pas cach\u00e9 que cela<br \/>\nfaisait <strong>tr\u00e8s longtemps qu\u2019il n\u2019avait pas partag\u00e9 son lit<br \/>\navec une femme<\/strong>. Une fois \u00e0 la ferme, le c\u00e9r\u00e9alier a d\u00e9cid\u00e9<br \/>\nde faire une petite surprise \u00e0 celle qui fait battre son c\u0153ur. En<br \/>\neffet, <strong>il lui organise un d\u00eener romantique aux<br \/>\nchandelles<\/strong>. Pour le coup, il n\u2019a pas h\u00e9sit\u00e9 \u00e0 am\u00e9nager sa<br \/>\nmaison pour cr\u00e9er un plateau repas fa\u00e7on pique-nique. Une attention<br \/>\nqui n\u2019a pas laiss\u00e9 Romy indiff\u00e9rente. \u201c<strong>C\u2019est tr\u00e8s tr\u00e8s<br \/>\nromantique.<\/strong> C\u2019est du bonheur, c\u2019est de l\u2019\u00e9motion\u201d,<br \/>\navoue-t-elle.<\/p>\n<p>L\u2019amour est dans le pr\u00e9 : Denis met<br \/>\nRomy mal \u00e0 l&rsquo;aise<\/p>\n<p>En plus d\u2019avoir organis\u00e9 un d\u00eener romantique, Denis a r\u00e9serv\u00e9<br \/>\nune autre surprise \u00e0 Romy. En effet, <strong>le candidat de L\u2019amour<br \/>\nest dans le pr\u00e9 a promis \u00e0 cette derni\u00e8re de r\u00e9aliser une danse du<br \/>\nventre<\/strong>. Par la suite, les tourtereaux ont entam\u00e9 leur<br \/>\nt\u00eate-\u00e0-t\u00eate. Face \u00e0 sa pr\u00e9tendante, Denis ne pouvait pas s\u2019emp\u00eacher<br \/>\nde la fixer. Une attitude qui met Romy mal \u00e0 l\u2019aise. \u201c\u00c7a me<br \/>\ng\u00eane\u201d, a-t-elle lanc\u00e9.<\/p>\n<p>Devant les cam\u00e9ras, <strong>Denis n\u2019a pas cach\u00e9 son affection<br \/>\npour sa pr\u00e9tendante<\/strong>. D\u2019apr\u00e8s lui, il serait d\u00e9j\u00e0 amoureux.<br \/>\nDe son c\u00f4t\u00e9, Romy a appr\u00e9ci\u00e9 l\u2019attention du c\u00e9r\u00e9alier. C\u2019est donc<br \/>\nune magnifique soir\u00e9e que le duo a pass\u00e9. Apr\u00e8s le repas, Romy<br \/>\ns\u2019est pos\u00e9e ensuite sur Denis. \u201c<strong>Romy elle m\u2019apporte<br \/>\ncette petite \u00e9claircie<\/strong>, ce rayon de soleil\u201d, a-t-il<br \/>\nconfi\u00e9. Apr\u00e8s ce moment de complicit\u00e9, l\u2019agriculteur et sa<br \/>\npartenaire sont all\u00e9s se coucher ensemble. \u00c7a sent bon pour la<br \/>\nsuite.<\/p>\n","protected":false},"excerpt":{"rendered":"Les candidats de L\u2019amour est dans le pr\u00e9 franchissent une nouvelle \u00e9tape de l\u2019aventure. Apr\u00e8s plusieurs jours de&hellip;\n","protected":false},"author":2,"featured_media":510272,"comment_status":"","ping_status":"","sticky":false,"template":"","format":"standard","meta":{"footnotes":""},"categories":[1359],"tags":[58,59,1011,27,9307,973],"class_list":{"0":"post-510271","1":"post","2":"type-post","3":"status-publish","4":"format-standard","5":"has-post-thumbnail","7":"category-people","8":"tag-divertissement","9":"tag-entertainment","10":"tag-fr","11":"tag-france","12":"tag-lamour-est-dans-le-pre","13":"tag-people"},"share_on_mastodon":{"url":"https:\/\/pubeurope.com\/@fr\/115489387650137510","error":""},"_links":{"self":[{"href":"https:\/\/www.europesays.com\/fr\/wp-json\/wp\/v2\/posts\/510271","targetHints":{"allow":["GET"]}}],"collection":[{"href":"https:\/\/www.europesays.com\/fr\/wp-json\/wp\/v2\/posts"}],"about":[{"href":"https:\/\/www.europesays.com\/fr\/wp-json\/wp\/v2\/types\/post"}],"author":[{"embeddable":true,"href":"https:\/\/www.europesays.com\/fr\/wp-json\/wp\/v2\/users\/2"}],"replies":[{"embeddable":true,"href":"https:\/\/www.europesays.com\/fr\/wp-json\/wp\/v2\/comments?post=510271"}],"version-history":[{"count":0,"href":"https:\/\/www.europesays.com\/fr\/wp-json\/wp\/v2\/posts\/510271\/revisions"}],"wp:featuredmedia":[{"embeddable":true,"href":"https:\/\/www.europesays.com\/fr\/wp-json\/wp\/v2\/media\/510272"}],"wp:attachment":[{"href":"https:\/\/www.europesays.com\/fr\/wp-json\/wp\/v2\/media?parent=510271"}],"wp:term":[{"taxonomy":"category","embeddable":true,"href":"https:\/\/www.europesays.com\/fr\/wp-json\/wp\/v2\/categories?post=510271"},{"taxonomy":"post_tag","embeddable":true,"href":"https:\/\/www.europesays.com\/fr\/wp-json\/wp\/v2\/tags?post=510271"}],"curies":[{"name":"wp","href":"https:\/\/api.w.org\/{rel}","templated":true}]}}