{"id":510273,"date":"2025-11-04T03:49:16","date_gmt":"2025-11-04T03:49:16","guid":{"rendered":"https:\/\/www.europesays.com\/fr\/510273\/"},"modified":"2025-11-04T03:49:16","modified_gmt":"2025-11-04T03:49:16","slug":"les-realisations-nommees-a-lequerre-dargent-2025-categorie-culture-jeunesse-et-sport","status":"publish","type":"post","link":"https:\/\/www.europesays.com\/fr\/510273\/","title":{"rendered":"Les r\u00e9alisations nomm\u00e9es \u00e0 l&rsquo;\u00c9querre d&rsquo;argent 2025, cat\u00e9gorie Culture, jeunesse et sport"},"content":{"rendered":"<p>                                                            &#13;<br \/>\n\t<strong>Les nomm\u00e9s de la cat\u00e9gorie Culture, jeunesse et sport :<\/strong><\/p>\n<ul>&#13;<\/p>\n<li>&#13;<br \/>\n\t\t\tTransformation d\u2019un b\u00e2timent industriel en conservatoire\u00a0\u00e0 Loos (Nord)<\/li>\n<p>&#13;\n\t<\/ul>\n<p style=\"margin-left: 40px;\">&#13;<br \/>\n\t\t<strong>Ma\u00eetrise d\u2019ouvrage :<\/strong>\u00a0Mairie de Loos<br \/>&#13;<br \/>\n\t\t<strong>Architecte :<\/strong>\u00a0B\u00e9al\u00a0&amp; Blanckaert<\/p>\n<ul>&#13;<\/p>\n<li>&#13;<br \/>\n\t\t\tAm\u00e9nagement du ch\u00e2teau de Foix (Ari\u00e8ge)<\/li>\n<p>&#13;\n\t<\/ul>\n<p style=\"margin-left: 40px;\">&#13;<br \/>\n\t\t<strong>Ma\u00eetrise d\u2019ouvrage :<\/strong>\u00a0Conseil\u00a0d\u00e9partemental de l&rsquo;Ari\u00e8ge<br \/>&#13;<br \/>\n\t\t<strong>Architectes :<\/strong>\u00a0Cros &amp; Leclercq<\/p>\n<ul>&#13;<\/p>\n<li>&#13;<br \/>\n\t\t\tGroupe scolaire \u00e0 Tremblay-en-France (Seine-Saint-Denis)<\/li>\n<p>&#13;\n\t<\/ul>\n<p style=\"margin-left: 40px;\">&#13;<br \/>\n\t\t<strong>Ma\u00eetrise d\u2019ouvrage :<\/strong>\u00a0Mairie de\u00a0Tremblay-en-France<br \/>&#13;<br \/>\n\t\t<strong>Architectes :<\/strong>\u00a0Le Penhuel &amp; Associ\u00e9s<\/p>\n<ul>&#13;<\/p>\n<li>&#13;<br \/>\n\t\t\tRestructuration et extension d\u2019un cin\u00e9ma-th\u00e9\u00e2tre \u00e0 Saint-Cloud (Hauts-de-Seine)<\/li>\n<p>&#13;\n\t<\/ul>\n<p style=\"margin-left: 40px;\">&#13;<br \/>\n\t\t<strong>Ma\u00eetrise d\u2019ouvrage :<\/strong>\u00a0Mairie de Saint-Cloud<br \/>&#13;<br \/>\n\t\t<strong>Architecte :<\/strong>\u00a0<strong><a href=\"https:\/\/www.amc-archi.com\/article\/studio-1984.92351\" target=\"_blank\" rel=\"noopener\">Studio 1984<\/a><\/strong><\/p>\n<p>&#13;<br \/>\n\t\u00a0<\/p>\n","protected":false},"excerpt":{"rendered":"&#13; Les nomm\u00e9s de la cat\u00e9gorie Culture, jeunesse et sport : &#13; &#13; Transformation d\u2019un b\u00e2timent industriel en&hellip;\n","protected":false},"author":2,"featured_media":510274,"comment_status":"","ping_status":"","sticky":false,"template":"","format":"standard","meta":{"footnotes":""},"categories":[1358],"tags":[1348,1384,1385,251,1386,58,59,2598,1011,27,10486,517,63033],"class_list":{"0":"post-510273","1":"post","2":"type-post","3":"status-publish","4":"format-standard","5":"has-post-thumbnail","7":"category-arts-et-design","8":"tag-arts","9":"tag-arts-and-design","10":"tag-arts-et-design","11":"tag-culture","12":"tag-design","13":"tag-divertissement","14":"tag-entertainment","15":"tag-equipement","16":"tag-fr","17":"tag-france","18":"tag-galerie","19":"tag-sport","20":"tag-u00c9querre-dargent"},"share_on_mastodon":{"url":"https:\/\/pubeurope.com\/@fr\/115489391463561405","error":""},"_links":{"self":[{"href":"https:\/\/www.europesays.com\/fr\/wp-json\/wp\/v2\/posts\/510273","targetHints":{"allow":["GET"]}}],"collection":[{"href":"https:\/\/www.europesays.com\/fr\/wp-json\/wp\/v2\/posts"}],"about":[{"href":"https:\/\/www.europesays.com\/fr\/wp-json\/wp\/v2\/types\/post"}],"author":[{"embeddable":true,"href":"https:\/\/www.europesays.com\/fr\/wp-json\/wp\/v2\/users\/2"}],"replies":[{"embeddable":true,"href":"https:\/\/www.europesays.com\/fr\/wp-json\/wp\/v2\/comments?post=510273"}],"version-history":[{"count":0,"href":"https:\/\/www.europesays.com\/fr\/wp-json\/wp\/v2\/posts\/510273\/revisions"}],"wp:featuredmedia":[{"embeddable":true,"href":"https:\/\/www.europesays.com\/fr\/wp-json\/wp\/v2\/media\/510274"}],"wp:attachment":[{"href":"https:\/\/www.europesays.com\/fr\/wp-json\/wp\/v2\/media?parent=510273"}],"wp:term":[{"taxonomy":"category","embeddable":true,"href":"https:\/\/www.europesays.com\/fr\/wp-json\/wp\/v2\/categories?post=510273"},{"taxonomy":"post_tag","embeddable":true,"href":"https:\/\/www.europesays.com\/fr\/wp-json\/wp\/v2\/tags?post=510273"}],"curies":[{"name":"wp","href":"https:\/\/api.w.org\/{rel}","templated":true}]}}