{"id":510277,"date":"2025-11-04T03:52:17","date_gmt":"2025-11-04T03:52:17","guid":{"rendered":"https:\/\/www.europesays.com\/fr\/510277\/"},"modified":"2025-11-04T03:52:17","modified_gmt":"2025-11-04T03:52:17","slug":"barack-obama-pere-adoptif-de-p-diddy-revelation-sur-le-testament-du-rappeur-derriere-les-barreaux","status":"publish","type":"post","link":"https:\/\/www.europesays.com\/fr\/510277\/","title":{"rendered":"Barack Obama p\u00e8re adoptif de P. Diddy ? R\u00e9v\u00e9lation sur le \u00ab\u00a0testament\u00a0\u00bb du rappeur derri\u00e8re les barreaux"},"content":{"rendered":"<p><strong>P. Diddy<\/strong> est sans conteste l\u2019une des figures<br \/>\nles plus influentes de l\u2019entertainment Afro-Am\u00e9ricain. Une<br \/>\nstature qui d\u00e9passe largement le cadre du Hip-Hop, voire de la<br \/>\nmusique. <strong>Probl\u00e8me : le rappeur devenu producteur est tomb\u00e9<br \/>\nde son pi\u00e9destal.<\/strong> En 2024, celui-ci se retrouve incarc\u00e9r\u00e9<br \/>\nen prison. Il est notamment poursuivi pour trafic sexuel, viols -y<br \/>\ncompris sur mineur- ainsi que extorsion. <strong>Aujourd\u2019hui,<br \/>\ncelui-ci a \u00e9t\u00e9 condamn\u00e9 \u00e0 quatre ans et deux mois d\u2019emprisonnement<br \/>\npour agression sexuelle.<\/strong> Avant la prison, le mogul du rap<br \/>\nU.S. faisait un \u00e9trange appel du pied \u00e0 <strong>Barack<br \/>\nObama<\/strong> alors pr\u00e9sident des Etats-Unis. Explications\u2026<\/p>\n<p>P. Diddy : figure majeure -et controvers\u00e9e- du rap<br \/>\nam\u00e9ricain<\/p>\n<p><strong>Au d\u00e9part, P. Diddy, alias Puff Daddy, de son vrai nom<br \/>\nSean Combs, se fait conna\u00eetre \u00e0 la t\u00eate de Bad Boys<br \/>\nRecords.<\/strong> Un impressionnant label de rap, surfant sur du<br \/>\nrap hardcore, rivalisant avec <strong>Death Row<\/strong>,<br \/>\nlabel-ennemi tenu par <strong>Suge Knight<\/strong> avec en vedette<br \/>\n<strong>2Pac<\/strong>. P. Diddy, lui, a une arme de poids :<br \/>\n<strong>Biggie Smalls<\/strong>. Ancien proche de \u2018Pac devenu son<br \/>\npoulain. Et sa poule aux \u0153ufs d\u2019or \u00e0 l\u2019apog\u00e9e de Bad Boys.<br \/>\n<strong>Toutefois, ce dernier est tu\u00e9 en 1997 !<\/strong><\/p>\n<p>Soit quelques mois apr\u00e8s 2Pac, lui aussi assassin\u00e9. <strong>La<br \/>\nrumeur court que P. Diddy pourrait \u00eatre impliqu\u00e9 dans le meurtre de<br \/>\nce dernier.<\/strong> Encore aujourd\u2019hui, en 2025, le<br \/>\nrappeur-producteur reste une figure majeure -et controvers\u00e9e- du<br \/>\nrap am\u00e9ricain. Diddy est connu pour son temp\u00e9rament<br \/>\n<strong>arrogant<\/strong>, <strong>provocateur<\/strong> et m\u00eame<br \/>\n<strong>belliqueux<\/strong>. En t\u00e9moignent certaines invectives sur<br \/>\nsc\u00e8ne ou sur disque \u00e0 l\u2019encontre de Death Row \u00e0 l\u2019\u00e9poque\u2026<\/p>\n<p>Le rappeur-producteur au coeur d\u2019un \u00e9norme scandale sexuel<\/p>\n<p><strong>2024, plusieurs demeures de P. Diddy sont<br \/>\nperquisitionn\u00e9es par le FBI \u00e0 Los Angeles et Miami.<\/strong> Une<br \/>\nsc\u00e8ne digne d\u2019un polar au cinoche. Et pour cause, les F\u00e9d\u00e9raux<br \/>\nenqu\u00eatent sur des <strong>soup\u00e7ons de trafic sexuel<\/strong>.<br \/>\nQuatre femmes, \u00e0 ce moment-l\u00e0, accusent la star du rap de viol.<br \/>\nS\u00a0\u00bbensuit une incroyable enqu\u00eate judiciaire ponctu\u00e9e de moult<br \/>\nrebondissements et d\u2019une pl\u00e9iades <a href=\"https:\/\/www.melty.fr\/people\/p-diddy-nouveau-rebondissement-un-petit-garcon-de-10-ans-implique-2191946.html\" rel=\"nofollow noopener\" target=\"_blank\"><br \/>\nde nouvelles accusations \u00e0 l\u2019encontre de Diddy, dont certaines<br \/>\nsont<\/a> <strong>tr\u00e8s glauques.<\/strong><\/p>\n<p><strong>En septembre de la m\u00eame ann\u00e9e, Sean Combs, de son vrai<br \/>\nnom, est inculp\u00e9 pour trafic sexuel et extorsion.<\/strong> Il passe<br \/>\npar la case prison. Une caution est \u00e9lev\u00e9e \u00e0 hauteur de <strong>50<br \/>\nmillions de dollars<\/strong>. Mais un juge refuse celle-ci. Diddy<br \/>\nest ainsi \u00e9crou\u00e9 au centre de d\u00e9tention m\u00e9tropolitain de Brooklyn.<br \/>\nJuillet 2025, la star du rap est d\u00e9clar\u00e9 coupable de transport de<br \/>\npersonnes \u00e0 des fins de prostitution. Un verdict tr\u00e8s surprenant<br \/>\nface \u00e0 l\u2019affaire.<\/p>\n<p>P. Diddy, son adoration malsaine du<br \/>\npr\u00e9sident Barack Obama<\/p>\n<p><strong>Car P. Diddy est acquitt\u00e9 pour les faits suivants :<br \/>\ntrafic sexuel et association de malfaiteurs.<\/strong> Il est<br \/>\ncondamn\u00e9 \u00e0 \u2018seulement\u2019 quatre ans et deux mois de prison par un<br \/>\ntribunal de Manhattan, New York, d\u00e9but octobre 2025. On a r\u00e9cemment<br \/>\nappris que l\u2019ancien mogul <a href=\"https:\/\/www.melty.fr\/people\/p-diddy-exit-le-rap-son-nouveau-travail-en-prison-devoile-sacre-coup-dur-pour-lartiste-2272964.html\" rel=\"nofollow noopener\" target=\"_blank\"><br \/>\nde l\u2019entertainment Afro-Am\u00e9ricain avait trouv\u00e9 un<br \/>\n<strong>boulot en prison<\/strong><\/a>. Une mani\u00e8re de se faire<br \/>\npasser pour un good guy ? Tout est possible.<br \/>\n<strong>Diddy est un personnage adepte de duplicit\u00e9.<\/strong><\/p>\n<p>Durant son proc\u00e8s, il s&rsquo;est fait passer pour la victime. Et cela<br \/>\nmalgr\u00e9 toutes les accusations \u00e0 son encontre. <strong>On a<br \/>\n\u00e9galement appris qu\u2019il avait une adoration pour Barack<br \/>\nObama.<\/strong> Fascination malsaine qui a mis l\u2019homme politique,<br \/>\nex-pr\u00e9sident des Etats-Unis, au c\u0153ur du proc\u00e8s un temps.<br \/>\nL&rsquo;\u2019assistant de Diddy a r\u00e9v\u00e9l\u00e9 que le visage d\u2019Obama apparaissait<br \/>\n<a href=\"https:\/\/www.melty.fr\/people\/barack-obama-cite-au-proces-de-p-diddy-lancien-assistant-du-rappeur-fait-une-revelation-troublante-2236419.html\" rel=\"nofollow noopener\" target=\"_blank\"><br \/>\nsur des <strong>pilules d\u2019ecstasy<\/strong> durant les tristement<br \/>\nc\u00e9l\u00e8bres <strong>Freak-Off<\/strong><\/a>. Ces partouzes, sur fond<br \/>\nd\u2019alcool et de drogues, cachant en r\u00e9alit\u00e9 des <strong>orgies non<br \/>\nconsenties<\/strong>. En 2009, avant l\u2019\u00e9lection d\u2019Obama en tant que<br \/>\npr\u00e9sident, P. Diddy, dans une interview \u00e0 <strong>Playboy<\/strong>,<br \/>\nraconte : \u201c[&#8230;] Si Dieu me disait que je pouvais choisir une<br \/>\npersonne pour \u00eatre mon p\u00e8re, je voudrait \u00eatre Sean Combs Obama<br \/>\n[&#8230;] J\u2019esp\u00e8re qu\u2019il va vraiment lire cette interview et<br \/>\nm\u2019adopter. <strong>Je n\u2019aurais m\u00eame pas besoin d\u2019\u00eatre dans son<br \/>\ntestament.<\/strong> J\u2019ai mon propre argent.\u201d Aux innocents les<br \/>\nmains pleines ? Pas quand on s&rsquo;appelle P. Diddy.<\/p>\n","protected":false},"excerpt":{"rendered":"P. Diddy est sans conteste l\u2019une des figures les plus influentes de l\u2019entertainment Afro-Am\u00e9ricain. Une stature qui d\u00e9passe&hellip;\n","protected":false},"author":2,"featured_media":510278,"comment_status":"","ping_status":"","sticky":false,"template":"","format":"standard","meta":{"footnotes":""},"categories":[1355],"tags":[905,592,58,59,1011,27,1361,873,16997],"class_list":{"0":"post-510277","1":"post","2":"type-post","3":"status-publish","4":"format-standard","5":"has-post-thumbnail","7":"category-musique","8":"tag-a-la-une-melty","9":"tag-barack-obama","10":"tag-divertissement","11":"tag-entertainment","12":"tag-fr","13":"tag-france","14":"tag-music","15":"tag-musique","16":"tag-p-diddy"},"share_on_mastodon":{"url":"https:\/\/pubeurope.com\/@fr\/115489403371575701","error":""},"_links":{"self":[{"href":"https:\/\/www.europesays.com\/fr\/wp-json\/wp\/v2\/posts\/510277","targetHints":{"allow":["GET"]}}],"collection":[{"href":"https:\/\/www.europesays.com\/fr\/wp-json\/wp\/v2\/posts"}],"about":[{"href":"https:\/\/www.europesays.com\/fr\/wp-json\/wp\/v2\/types\/post"}],"author":[{"embeddable":true,"href":"https:\/\/www.europesays.com\/fr\/wp-json\/wp\/v2\/users\/2"}],"replies":[{"embeddable":true,"href":"https:\/\/www.europesays.com\/fr\/wp-json\/wp\/v2\/comments?post=510277"}],"version-history":[{"count":0,"href":"https:\/\/www.europesays.com\/fr\/wp-json\/wp\/v2\/posts\/510277\/revisions"}],"wp:featuredmedia":[{"embeddable":true,"href":"https:\/\/www.europesays.com\/fr\/wp-json\/wp\/v2\/media\/510278"}],"wp:attachment":[{"href":"https:\/\/www.europesays.com\/fr\/wp-json\/wp\/v2\/media?parent=510277"}],"wp:term":[{"taxonomy":"category","embeddable":true,"href":"https:\/\/www.europesays.com\/fr\/wp-json\/wp\/v2\/categories?post=510277"},{"taxonomy":"post_tag","embeddable":true,"href":"https:\/\/www.europesays.com\/fr\/wp-json\/wp\/v2\/tags?post=510277"}],"curies":[{"name":"wp","href":"https:\/\/api.w.org\/{rel}","templated":true}]}}