{"id":510282,"date":"2025-11-04T03:56:12","date_gmt":"2025-11-04T03:56:12","guid":{"rendered":"https:\/\/www.europesays.com\/fr\/510282\/"},"modified":"2025-11-04T03:56:12","modified_gmt":"2025-11-04T03:56:12","slug":"lamour-est-dans-le-pre-exit-le-malaise-geraldine-et-yannick-ont-une-conversation-pleine-de-surprises","status":"publish","type":"post","link":"https:\/\/www.europesays.com\/fr\/510282\/","title":{"rendered":"L\u2019amour est dans le pr\u00e9 : exit le malaise, G\u00e9raldine et Yannick ont une conversation pleine de surprises"},"content":{"rendered":"<p>Les s\u00e9jours \u00e0 la ferme touchent bient\u00f4t \u00e0 leur fin pour beaucoup<br \/>\nde participants \u00e0 la saison 20 de L&rsquo;amour est dans le pr\u00e9 diffus\u00e9e<br \/>\nsur <a href=\"https:\/\/www.m6.fr\/\" rel=\"nofollow noopener\" target=\"_blank\">M6<\/a>. C\u2019est<br \/>\nnotamment le cas pour G\u00e9raldine qui a invit\u00e9 deux pr\u00e9tendants,<br \/>\nYannick et J\u00e9r\u00f4me, \u00e0 venir d\u00e9couvrir son quotidien. Apr\u00e8s avoir<br \/>\npass\u00e9 quelques jours avec eux, l&rsquo;\u00e9leveuse d\u2019alpagas a fini par se<br \/>\nfaire une id\u00e9e et <strong>elle sait d\u00e9sormais avec qui elle<br \/>\naimerait poursuivre l\u2019aventure<\/strong>. C\u2019est donc le moment<br \/>\nd<a href=\"https:\/\/www.closermag.fr\/tv_tele_realite\/adp\/lamour-est-dans-le-pre-spoiler-je-me-suis-gouree-oceane-cash-sur-le-choix-de-ses-pretendants-3575522\" target=\"_blank\" rel=\"noopener\">\u2019annoncer<br \/>\nson choix<\/a> et, malheureusement, de d\u00e9cevoir un de ses<br \/>\npr\u00e9tendants.<\/p>\n<p>Apr\u00e8s un dernier petit-d\u00e9jeuner \u00e0 trois, G\u00e9raldine d\u00e9cide<br \/>\nd\u2019annoncer la bonne nouvelle en premier et propose \u00e0 J\u00e9r\u00f4me d\u2019aller<br \/>\nse balader. Elle lui annonce ainsi que <strong>c\u2019est avec lui<br \/>\nqu\u2019elle se sent bien<\/strong> et qu\u2019elle aimerait davantage faire<br \/>\nconnaissance. De quoi ravir le pr\u00e9tendant qui accepte avec plaisir<br \/>\nde rester un peu en t\u00eate-\u00e0-t\u00eate avec l\u2019agricultrice.<\/p>\n<p>L\u2019amour est dans le pr\u00e9 : G\u00e9raldine annonce son choix<\/p>\n<p>Vient ensuite un moment moins sympathique puisque<br \/>\n<strong>G\u00e9raldine doit expliquer \u00e0 Yannick qu\u2019elle ne l\u2019a pas<br \/>\nchoisi<\/strong> et qu\u2019elle voudrait qu\u2019il la laisse passer un peu<br \/>\nde temps seule avec J\u00e9r\u00f4me. Apr\u00e8s avoir soulign\u00e9 les moments de<br \/>\ng\u00eane qui ont pu avoir lieu \u00e0 la ferme, il faut reconna\u00eetre que<br \/>\ncette fois, la discussion entre G\u00e9raldine et Yannick n\u2019a <a href=\"https:\/\/www.closermag.fr\/tv_tele_realite\/lamour-est-dans-le-pre-spoiler-gros-malaise-geraldine-a-oublie-son-pretendant-3579651\" target=\"_blank\" rel=\"noopener\"><br \/>\nrien de malaisant<\/a>, au contraire.<\/p>\n<p>Loin de <a href=\"https:\/\/www.closermag.fr\/tv_tele_realite\/lamour-est-dans-le-pre-spoiler-tenir-la-queue-jerome-a-une-drole-de-question-pour-geraldine-en-plein-tete-a-tete-3583474\" target=\"_blank\" rel=\"noopener\"><br \/>\nl\u2019accouplement d\u2019alpagas<\/a> ou encore d\u2019une <a href=\"https:\/\/www.closermag.fr\/tv_tele_realite\/lamour-est-dans-le-pre-2025-cest-bon-les-caresses-cette-sequence-dans-un-bain-a-remou-malaisante-au-possible-3588273\" rel=\"noopener\" target=\"_blank\">sc\u00e8ne dans un jacuzzi<\/a> qui n\u2019ont pas manqu\u00e9 de faire<br \/>\nparler les internautes, G\u00e9raldine et Yannick partagent cette fois<br \/>\n<strong>un moment tranquille<\/strong>. \u00ab\u00a0Apr\u00e8s ces quelques<br \/>\njours, je me rends compte que j\u2019ai plus de facilit\u00e9s avec J\u00e9r\u00f4me,<br \/>\nc\u2019est un peu plus fluide. Mais \u00e7a n\u2019enl\u00e8ve rien au fait que je<br \/>\nretrouve en toi toutes les qualit\u00e9s de ton courrier, qui m\u2019ont<br \/>\nplues d\u00e8s le d\u00e9part\u00a0\u00bb confie G\u00e9raldine \u00e0 son pr\u00e9tendant<br \/>\n\u00e9conduit.<\/p>\n<p>Yannick quitte la ferme<\/p>\n<p>Ce dernier explique qu\u2019il comprend, d\u2019autant plus qu\u2019il se<br \/>\ndoutait un peu que G\u00e9raldine avait une petite pr\u00e9f\u00e9rence pour son<br \/>\nconcurrent. \u00ab\u00a0<strong>Je m\u2019y \u00e9tais pr\u00e9par\u00e9<\/strong>, c\u2019est comme<br \/>\n\u00e7a. Merci \u00e0 toi pour cette belle parenth\u00e8se dans mon quotidien, je<br \/>\nn\u2019ai pas de regrets\u00a0\u00bb a assur\u00e9 Yannick avant de <a href=\"https:\/\/www.closermag.fr\/tv_tele_realite\/lamour-est-dans-le-pre-spoiler-depart-fracassant-de-sophie-cette-requete-bizarre-a-la-maman-de-jean-louis-3589698\" target=\"_blank\" rel=\"noopener\"><br \/>\nquitter la ferme<\/a>.<\/p>\n","protected":false},"excerpt":{"rendered":"Les s\u00e9jours \u00e0 la ferme touchent bient\u00f4t \u00e0 leur fin pour beaucoup de participants \u00e0 la saison 20&hellip;\n","protected":false},"author":2,"featured_media":510283,"comment_status":"","ping_status":"","sticky":false,"template":"","format":"standard","meta":{"footnotes":""},"categories":[8],"tags":[58,59,1011,27,5413,9307],"class_list":{"0":"post-510282","1":"post","2":"type-post","3":"status-publish","4":"format-standard","5":"has-post-thumbnail","7":"category-divertissement","8":"tag-divertissement","9":"tag-entertainment","10":"tag-fr","11":"tag-france","12":"tag-karine-le-marchand","13":"tag-lamour-est-dans-le-pre"},"share_on_mastodon":{"url":"https:\/\/pubeurope.com\/@fr\/115489419879424016","error":""},"_links":{"self":[{"href":"https:\/\/www.europesays.com\/fr\/wp-json\/wp\/v2\/posts\/510282","targetHints":{"allow":["GET"]}}],"collection":[{"href":"https:\/\/www.europesays.com\/fr\/wp-json\/wp\/v2\/posts"}],"about":[{"href":"https:\/\/www.europesays.com\/fr\/wp-json\/wp\/v2\/types\/post"}],"author":[{"embeddable":true,"href":"https:\/\/www.europesays.com\/fr\/wp-json\/wp\/v2\/users\/2"}],"replies":[{"embeddable":true,"href":"https:\/\/www.europesays.com\/fr\/wp-json\/wp\/v2\/comments?post=510282"}],"version-history":[{"count":0,"href":"https:\/\/www.europesays.com\/fr\/wp-json\/wp\/v2\/posts\/510282\/revisions"}],"wp:featuredmedia":[{"embeddable":true,"href":"https:\/\/www.europesays.com\/fr\/wp-json\/wp\/v2\/media\/510283"}],"wp:attachment":[{"href":"https:\/\/www.europesays.com\/fr\/wp-json\/wp\/v2\/media?parent=510282"}],"wp:term":[{"taxonomy":"category","embeddable":true,"href":"https:\/\/www.europesays.com\/fr\/wp-json\/wp\/v2\/categories?post=510282"},{"taxonomy":"post_tag","embeddable":true,"href":"https:\/\/www.europesays.com\/fr\/wp-json\/wp\/v2\/tags?post=510282"}],"curies":[{"name":"wp","href":"https:\/\/api.w.org\/{rel}","templated":true}]}}