{"id":51029,"date":"2025-04-25T05:54:07","date_gmt":"2025-04-25T05:54:07","guid":{"rendered":"https:\/\/www.europesays.com\/fr\/51029\/"},"modified":"2025-04-25T05:54:07","modified_gmt":"2025-04-25T05:54:07","slug":"le-red-star-va-arborer-un-maillot-inedit-pour-rendre-hommage-aux-banlieues","status":"publish","type":"post","link":"https:\/\/www.europesays.com\/fr\/51029\/","title":{"rendered":"le Red Star va arborer un maillot in\u00e9dit pour rendre hommage aux banlieues"},"content":{"rendered":"<p>            Par<br \/>\n        <strong><br \/>\n            <a href=\"https:\/\/actu.fr\/auteur\/antoine-grotteria02\" title=\"Consulter tous les articles de Antoine Grotteria\" target=\"_blank\" rel=\"noopener\">Antoine Grotteria<\/a><br \/>\n        <\/strong><\/p>\n<p>        Publi\u00e9 le<\/p>\n<p>            25 avr. 2025 \u00e0 7h34        <\/p>\n<p>Un maillot unique pour exprimer sa fiert\u00e9 d\u2019appartenir \u00e0 un territoire pluriel. Ce samedi 25\u00a0avril 2025, lors de la r\u00e9ception de Clermont, les joueurs du <strong>Red Star Football Club<\/strong> p\u00e9n\u00e9treront sur la pelouse du <a href=\"https:\/\/actu.fr\/ile-de-france\/saint-ouen-sur-seine_93070\/red-star-le-nouveau-stade-bauer-devrait-etre-livre-en-2026_60587242.html\" target=\"_blank\" rel=\"noopener\">stade Bauer<\/a> avec une tunique in\u00e9dite. \u00c0 l\u2019occasion de l\u2019exposition intitul\u00e9e \u00ab<strong>\u2009Banlieues ch\u00e9ries<\/strong>\u2009\u00bb, actuellement au <strong>palais de la porte Dor\u00e9e<\/strong>, dans le 12e arrondissement de <a href=\"https:\/\/actu.fr\/paris\/\" target=\"_blank\" rel=\"noopener\">Paris<\/a>, le club de <a href=\"https:\/\/actu.fr\/ile-de-france\/saint-ouen-sur-seine_93070\" target=\"_blank\" rel=\"noopener\">Saint-Ouen<\/a> (Seine-Saint-Denis) a d\u00e9cid\u00e9 de rendre hommage aux quartiers populaires.<\/p>\n<p>Un club ins\u00e9r\u00e9 dans son quartier<\/p>\n<p class=\" wall-content\">En lettres majuscules blanches, le flocage \u00ab\u2009Banlieues ch\u00e9ries\u2009\u00bb s\u2019ins\u00e9rera dans la nuance de verts propos\u00e9e sur le maillot utilis\u00e9 \u00e0 domicile. Il sera plac\u00e9 sous le logo en forme d\u2019\u00e9toile rouge. Un symbole fort r\u00e9sum\u00e9, dans un <a href=\"https:\/\/www.redstar.fr\/2025-04-15\/les-pros\/red-star-fc-x-banlieues-cheries-x-trust-it\/\" target=\"_blank\" rel=\"noopener\">communiqu\u00e9<\/a>, par la volont\u00e9 de \u00ab<strong>\u2009lutter contre les clich\u00e9s persistants<\/strong> autour de ces territoires singuliers\u2009\u00bb.<\/p>\n<p>    <a href=\"https:\/\/www.facebook.com\/plugins\/post.php?href=https%3A%2F%2Fwww.facebook.com%2Fpalaisdelaportedoree%2Fposts%2Fpfbid02DDtJWXE6g7kXPC6pN2u9ayp8kdvn4X8SjhFg5eoyp8w3JNx1mzKkJQERLyfzmTuYl&amp;show_text=true&amp;width=350\" title=\"Ouvrie le lien\" target=\"_blank\" rel=\"noopener\">Cliquez ici pour visualiser le contenu<\/a><\/p>\n<p class=\" wall-content\">Ce message est partag\u00e9 par le <a href=\"https:\/\/actu.fr\/ile-de-france\/paris_75056\/au-palais-porte-doree-expositions-decouvrir-gratuitement-nocturne_26397246.html\" target=\"_blank\" rel=\"noopener\">mus\u00e9e national de l\u2019histoire de l\u2019immigration<\/a>. Par le prisme de l\u2019art, les commissaires ont souhait\u00e9 montrer la diversit\u00e9 et la complexit\u00e9 des banlieues. Un legs que revendique le Red Star, notamment par le biais du stade Bauer, actuellement en <strong>r\u00e9novation<\/strong>. Surplomb\u00e9 par la Planete Z, un ensemble de barres HLM, l\u2019antre est ancr\u00e9 dans le quartier Debain-Michelet depuis plusieurs d\u00e9cennies.<\/p>\n<p class=\" wall-content\">Dans le cadre de l\u2019exposition, le Red Star a livr\u00e9 un <strong>morceau de b\u00e9ton<\/strong> de son enceinte et un <strong>livre blanc<\/strong> dans lequel sont archiv\u00e9s de nombreux t\u00e9moignages du pass\u00e9 du quintuple laur\u00e9at de la coupe de France. Ils seront visibles jusqu\u2019au <strong>17\u00a0ao\u00fbt 2025<\/strong>. Reste \u00e0 savoir si le club sera, \u00e0 cette p\u00e9riode, en Ligue 2. Quinzi\u00e8me, l\u2019organisation audonienne poss\u00e8de quatre points d\u2019avance sur Martigues, actuel barragiste. Il lui reste quatre journ\u00e9es pour se maintenir.<\/p>\n<p>Vid\u00e9os : en ce moment sur Actu<\/p>\n<p class=\" wall-content\">Suivez toute l\u2019actualit\u00e9 de vos villes et m\u00e9dias favoris en vous inscrivant \u00e0 <a href=\"https:\/\/moncompte.actu.fr\" title=\"D\u00e9couvez Mon Actu\" rel=\"nofollow noopener\" data-trk=\"{&quot;cta&quot;:{&quot;action&quot;:&quot;https:\\\/\\\/moncompte.actu.fr&quot;,&quot;category&quot;:&quot;mon compte&quot;,&quot;from&quot;:&quot;article footer&quot;,&quot;name&quot;:&quot;Mon actu&quot;,&quot;type&quot;:&quot;cta&quot;}}\" target=\"_blank\">Mon Actu<\/a>.<\/p>\n","protected":false},"excerpt":{"rendered":"Par Antoine Grotteria Publi\u00e9 le 25 avr. 2025 \u00e0 7h34 Un maillot unique pour exprimer sa fiert\u00e9 d\u2019appartenir&hellip;\n","protected":false},"author":2,"featured_media":51030,"comment_status":"","ping_status":"","sticky":false,"template":"","format":"standard","meta":{"footnotes":""},"categories":[1888],"tags":[1111,1928,11,1927,1777,674,63,1011,27,12,1926,626,1925,5416,25,60],"class_list":{"0":"post-51029","1":"post","2":"type-post","3":"status-publish","4":"format-standard","5":"has-post-thumbnail","7":"category-paris","8":"tag-actu","9":"tag-actu-paris","10":"tag-actualites","11":"tag-actualites-paris","12":"tag-eu","13":"tag-europe","14":"tag-football","15":"tag-fr","16":"tag-france","17":"tag-news","18":"tag-news-paris","19":"tag-paris","20":"tag-paris-news","21":"tag-red-star","22":"tag-republique-francaise","23":"tag-sports"},"share_on_mastodon":{"url":"https:\/\/pubeurope.com\/@fr\/114397057072894157","error":""},"_links":{"self":[{"href":"https:\/\/www.europesays.com\/fr\/wp-json\/wp\/v2\/posts\/51029","targetHints":{"allow":["GET"]}}],"collection":[{"href":"https:\/\/www.europesays.com\/fr\/wp-json\/wp\/v2\/posts"}],"about":[{"href":"https:\/\/www.europesays.com\/fr\/wp-json\/wp\/v2\/types\/post"}],"author":[{"embeddable":true,"href":"https:\/\/www.europesays.com\/fr\/wp-json\/wp\/v2\/users\/2"}],"replies":[{"embeddable":true,"href":"https:\/\/www.europesays.com\/fr\/wp-json\/wp\/v2\/comments?post=51029"}],"version-history":[{"count":0,"href":"https:\/\/www.europesays.com\/fr\/wp-json\/wp\/v2\/posts\/51029\/revisions"}],"wp:featuredmedia":[{"embeddable":true,"href":"https:\/\/www.europesays.com\/fr\/wp-json\/wp\/v2\/media\/51030"}],"wp:attachment":[{"href":"https:\/\/www.europesays.com\/fr\/wp-json\/wp\/v2\/media?parent=51029"}],"wp:term":[{"taxonomy":"category","embeddable":true,"href":"https:\/\/www.europesays.com\/fr\/wp-json\/wp\/v2\/categories?post=51029"},{"taxonomy":"post_tag","embeddable":true,"href":"https:\/\/www.europesays.com\/fr\/wp-json\/wp\/v2\/tags?post=51029"}],"curies":[{"name":"wp","href":"https:\/\/api.w.org\/{rel}","templated":true}]}}