{"id":510290,"date":"2025-11-04T04:00:15","date_gmt":"2025-11-04T04:00:15","guid":{"rendered":"https:\/\/www.europesays.com\/fr\/510290\/"},"modified":"2025-11-04T04:00:15","modified_gmt":"2025-11-04T04:00:15","slug":"un-militaire-francais-meurt-lors-dune-mission-contre-lorpaillage-illegal-en-guyane","status":"publish","type":"post","link":"https:\/\/www.europesays.com\/fr\/510290\/","title":{"rendered":"un militaire fran\u00e7ais meurt lors d\u2019une mission contre l\u2019orpaillage ill\u00e9gal en Guyane"},"content":{"rendered":"<p>\n    Le corps du caporal Jimmy Gosselin a \u00e9t\u00e9 retrouv\u00e9 ce lundi, alors que le militaire \u00e9tait port\u00e9 disparu depuis un franchissement en eaux vives dans le cadre de la mission Harpie.<\/p>\n<p class=\"fig-paragraph\">Un militaire fran\u00e7ais est mort dimanche en op\u00e9ration en\u00a0<a href=\"http:\/\/www.lefigaro.fr\/vox\/economie\/en-guyane-le-gaz-est-achemine-par-pirogue-et-revendu-a-prix-d-or-comment-l-energie-est-le-symbole-de-nos-lacunes-en-outre-mer-20250731\" target=\"_blank\" data-fig-type=\"Article\" rel=\"noopener nofollow\" data-gtm-custom-categorie=\"navigation\" data-gtm-custom-action=\"crossclick\" data-gtm-custom-label=\"Contextuel\" data-gtm-event=\"customEventSPE\" data-fig-domain=\"LEFIGARO\">Guyane<\/a>, dans le cadre de la lutte contre l\u2019orpaillage ill\u00e9gal, a annonc\u00e9 le ministre des Arm\u00e9es ce lundi soir dans un communiqu\u00e9. Le caporal Jimmy Gosselin participait \u00e0 une patrouille r\u00e9alisant un \u00abfranchissement en eaux vives\u00bb dans le cadre de l\u2019op\u00e9ration Harpie de lutte contre l\u2019extraction ill\u00e9gale d\u2019or dans le d\u00e9partement fran\u00e7ais d\u2019Am\u00e9rique du sud. Au cours de la travers\u00e9e, ce militaire du 7e bataillon de chasseurs alpins (7e BCA) de Varces (Is\u00e8re) a disparu, et \u00ables r\u00e9actions imm\u00e9diates de la patrouille n\u2019ont malheureusement pas permis de le localiser\u00bb, indiqu\u00e9 le minist\u00e8re des Arm\u00e9es dans un communiqu\u00e9.<\/p>\n<p class=\"fig-paragraph\">Les Forces arm\u00e9es en Guyane (FAG) ont \u00abrapidement entrepris des recherches avec des moyens terrestres, fluviaux et a\u00e9riens\u00bb et le corps \u00aba \u00e9t\u00e9 retrouv\u00e9 sans vie apr\u00e8s 21 heures de fouilles\u00bb, selon la m\u00eame source, qui pr\u00e9cise qu\u2019une enqu\u00eate judiciaire a \u00e9t\u00e9 ouverte pour d\u00e9terminer les circonstances du drame. Le caporal Gosselin avait d\u00e9but\u00e9 le 25 septembre une mission qui devait durer quatre mois au sein du 9e r\u00e9giment d\u2019infanterie de marine (9e RIMa), stationn\u00e9 \u00e0 Cayenne. Une enqu\u00eate judiciaire a \u00e9t\u00e9 ouverte afin de d\u00e9terminer les circonstances pr\u00e9cises de cet accident.<\/p>\n<p>                                    <a class=\"fig-a11y-skip a11y-hidden\" href=\"#fig-a11y-skip-main-inarticle\"><br \/>\n        Passer la publicit\u00e9<br \/>\n    <\/a><\/p>\n<p>\u00abProfonde tristesse\u00bb<\/p>\n<p class=\"fig-paragraph\">Le caporal Gosselin \u00e9tait membre du 7e bataillon de chasseurs alpins de Varces, en Is\u00e8re, et avait \u00e9t\u00e9 envoy\u00e9 en Guyane le 25 septembre pour un d\u00e9ploiement de quatre mois au sein du 9e r\u00e9giment d\u2019infanterie de marine stationn\u00e9 \u00e0 Cayenne. Dans un communiqu\u00e9,\u00a0<a href=\"http:\/\/www.lefigaro.fr\/politique\/du-social-aux-armees-changement-de-registre-radical-pour-catherine-vautrin-20251028\" target=\"_blank\" data-fig-type=\"Article\" rel=\"noopener nofollow\" data-gtm-custom-categorie=\"navigation\" data-gtm-custom-action=\"crossclick\" data-gtm-custom-label=\"Contextuel\" data-gtm-event=\"customEventSPE\" data-fig-domain=\"LEFIGARO\">la ministre des Arm\u00e9es et des Anciens combattants, Catherine Vautrin<\/a>, a exprim\u00e9 sa \u00abprofonde tristesse\u00bb et s\u2019est associ\u00e9e \u00ab\u00e0 la douleur\u00bb de la famille du militaire, \u00abde ses proches et de ses fr\u00e8res d\u2019armes\u00bb.<\/p>\n<p class=\"fig-paragraph\">L\u2019arm\u00e9e et la gendarmerie m\u00e8nent r\u00e9guli\u00e8rement de grandes op\u00e9rations de d\u00e9mant\u00e8lement des sites d\u2019orpaillage ill\u00e9gal dans le cadre de la mission Harpie, lanc\u00e9e en 2008 par\u00a0<a href=\"http:\/\/www.lefigaro.fr\/actualite-france\/la-demande-de-mise-en-liberte-de-nicolas-sarkozy-examinee-le-10-novembre-prochain-20251031\" target=\"_blank\" data-fig-type=\"NewsFlash\" rel=\"noopener nofollow\" data-gtm-custom-categorie=\"navigation\" data-gtm-custom-action=\"crossclick\" data-gtm-custom-label=\"Contextuel\" data-gtm-event=\"customEventSPE\" data-fig-domain=\"LEFIGARO\">Nicolas Sarkozy<\/a>. Le 25 mars 2023, un gendarme du GIGN de 35 ans a perdu la vie alors qu\u2019il participait \u00e0 une op\u00e9ration contre l\u2019orpaillage ill\u00e9gal sur le site clandestin de Dorlin, au c\u0153ur de la Guyane, non loin de Maripasoula. Un jeune Br\u00e9silien de 20 ans, auteur pr\u00e9sum\u00e9 du tir, avait \u00e9t\u00e9 interpell\u00e9 d\u00e9but avril.<\/p>\n<p class=\"fig-paragraph\">Entre le 17 et le 18 mai dernier, un sergent de 27 ans mobilis\u00e9 sur un poste du fleuve Mana, dans l\u2019ouest de la Guyane, \u00e9tait d\u00e9j\u00e0 tomb\u00e9 \u00e0 l\u2019eau. Son corps avait \u00e9t\u00e9 retrouv\u00e9 sans vie le 19. Selon le minist\u00e8re de l\u2019Int\u00e9rieur, environ 1000 missions sont men\u00e9es chaque ann\u00e9e pour enrayer l\u2019orpaillage clandestin, fl\u00e9au qui s\u00e9vit depuis 30 ans en Guyane.<\/p>\n","protected":false},"excerpt":{"rendered":"Le corps du caporal Jimmy Gosselin a \u00e9t\u00e9 retrouv\u00e9 ce lundi, alors que le militaire \u00e9tait port\u00e9 disparu&hellip;\n","protected":false},"author":2,"featured_media":510291,"comment_status":"","ping_status":"","sticky":false,"template":"","format":"standard","meta":{"footnotes":""},"categories":[4],"tags":[11,1011,27,7644,12,63175,25],"class_list":{"0":"post-510290","1":"post","2":"type-post","3":"status-publish","4":"format-standard","5":"has-post-thumbnail","7":"category-france","8":"tag-actualites","9":"tag-fr","10":"tag-france","11":"tag-guyane","12":"tag-news","13":"tag-orpaillage","14":"tag-republique-francaise"},"share_on_mastodon":{"url":"https:\/\/pubeurope.com\/@fr\/115489434738040281","error":""},"_links":{"self":[{"href":"https:\/\/www.europesays.com\/fr\/wp-json\/wp\/v2\/posts\/510290","targetHints":{"allow":["GET"]}}],"collection":[{"href":"https:\/\/www.europesays.com\/fr\/wp-json\/wp\/v2\/posts"}],"about":[{"href":"https:\/\/www.europesays.com\/fr\/wp-json\/wp\/v2\/types\/post"}],"author":[{"embeddable":true,"href":"https:\/\/www.europesays.com\/fr\/wp-json\/wp\/v2\/users\/2"}],"replies":[{"embeddable":true,"href":"https:\/\/www.europesays.com\/fr\/wp-json\/wp\/v2\/comments?post=510290"}],"version-history":[{"count":0,"href":"https:\/\/www.europesays.com\/fr\/wp-json\/wp\/v2\/posts\/510290\/revisions"}],"wp:featuredmedia":[{"embeddable":true,"href":"https:\/\/www.europesays.com\/fr\/wp-json\/wp\/v2\/media\/510291"}],"wp:attachment":[{"href":"https:\/\/www.europesays.com\/fr\/wp-json\/wp\/v2\/media?parent=510290"}],"wp:term":[{"taxonomy":"category","embeddable":true,"href":"https:\/\/www.europesays.com\/fr\/wp-json\/wp\/v2\/categories?post=510290"},{"taxonomy":"post_tag","embeddable":true,"href":"https:\/\/www.europesays.com\/fr\/wp-json\/wp\/v2\/tags?post=510290"}],"curies":[{"name":"wp","href":"https:\/\/api.w.org\/{rel}","templated":true}]}}