{"id":510293,"date":"2025-11-04T04:02:17","date_gmt":"2025-11-04T04:02:17","guid":{"rendered":"https:\/\/www.europesays.com\/fr\/510293\/"},"modified":"2025-11-04T04:02:17","modified_gmt":"2025-11-04T04:02:17","slug":"18eme-edition-du-trail-de-saint-heand","status":"publish","type":"post","link":"https:\/\/www.europesays.com\/fr\/510293\/","title":{"rendered":"18\u00e8me \u00e9dition du Trail de Saint-H\u00e9and"},"content":{"rendered":"<p>Rendez-vous dimanche 9 novembre 2025 d\u00e8s 7h30, \u00e0 Saint-H\u00e9and.<\/p>\n<p>Pr\u00e9parez-vous pour une aventure incroyable ! <br \/>Que vous soyez un coureur ou une coureuse exp\u00e9riment\u00e9(e) ou d\u00e9butant(e) motiv\u00e9(e), il y a une course pour tous les niveaux :<br \/>&#8211; 50km (1500D+)<br \/>&#8211; 30km (850 D+)<br \/>&#8211; 18km (460 D+)<br \/>&#8211; 12 km (350 D+)<br \/>&#8211; 8 km (200 D+)<br \/>Distances et parcours pour tous les go\u00fbts Animaons et stands Ambiance fesve et conviviale<br \/>Ravitaillements toujours aussi fournis et de qualit\u00e9.<\/p>\n<p>Rendez-vous dimanche 9 novembre 2025 d\u00e8s 7h30, \u00e0 Saint-H\u00e9and<\/p>\n<p>Infos pratiques :<br \/>&#8211; Adresse : Saint-H\u00e9and, 42570<br \/>&#8211; <b>IMPORTANT<\/b> : inscriptions possibles seulement jusqu&rsquo;au vendredi 7 novembre 2025.<br \/>&#8211; Tarifs diff\u00e9rents en fonction des courses : de 8 \u00e0 30\u20ac<\/p>\n<p>Plus d&rsquo;infos et inscription sur le site <a class=\"url\" href=\"https:\/\/www.logicourse.fr\/inscriptions-3\/996-stheand25.html\" target=\"_blank\" rel=\"noopener\">logicourse.fr<\/a>.<\/p>\n<p>Radio SCOOP est partenaire de l&rsquo;\u00e9v\u00e8nement<\/p>\n<tr>\n<td class=\"defaut\"><a href=\"https:\/\/www.radioscoop.com\/agenda\/javascript:void(0)\" onclick=\"parent.RS.diaporama.addMedia(713745) ;\" target=\"_blank\" rel=\"noopener\"><img loading=\"lazy\" decoding=\"async\" src=\"https:\/\/www.europesays.com\/fr\/wp-content\/uploads\/2025\/11\/1762228937_854_img\" width=\"452\" height=\"640\" border=\"0\" title=\"18\u00e8me \u00e9dition du Trail de Saint-H\u00e9and\"\/><\/a><\/td>\n<\/tr>\n<p><\/p>\n","protected":false},"excerpt":{"rendered":"Rendez-vous dimanche 9 novembre 2025 d\u00e8s 7h30, \u00e0 Saint-H\u00e9and. Pr\u00e9parez-vous pour une aventure incroyable ! Que vous soyez&hellip;\n","protected":false},"author":2,"featured_media":510294,"comment_status":"","ping_status":"","sticky":false,"template":"","format":"standard","meta":{"footnotes":""},"categories":[9653],"tags":[1111,11,4077,2430,6466,63176,1777,674,1011,27,2089,12,63177,25,4001,32252,6187],"class_list":{"0":"post-510293","1":"post","2":"type-post","3":"status-publish","4":"format-standard","5":"has-post-thumbnail","7":"category-saint-etienne","8":"tag-actu","9":"tag-actualites","10":"tag-association","11":"tag-auvergne-rhone-alpes","12":"tag-course","13":"tag-dfi","14":"tag-eu","15":"tag-europe","16":"tag-fr","17":"tag-france","18":"tag-marche","19":"tag-news","20":"tag-prparation","21":"tag-republique-francaise","22":"tag-saint-etienne","23":"tag-saint-hand","24":"tag-trail"},"share_on_mastodon":{"url":"https:\/\/pubeurope.com\/@fr\/115489443375147083","error":""},"_links":{"self":[{"href":"https:\/\/www.europesays.com\/fr\/wp-json\/wp\/v2\/posts\/510293","targetHints":{"allow":["GET"]}}],"collection":[{"href":"https:\/\/www.europesays.com\/fr\/wp-json\/wp\/v2\/posts"}],"about":[{"href":"https:\/\/www.europesays.com\/fr\/wp-json\/wp\/v2\/types\/post"}],"author":[{"embeddable":true,"href":"https:\/\/www.europesays.com\/fr\/wp-json\/wp\/v2\/users\/2"}],"replies":[{"embeddable":true,"href":"https:\/\/www.europesays.com\/fr\/wp-json\/wp\/v2\/comments?post=510293"}],"version-history":[{"count":0,"href":"https:\/\/www.europesays.com\/fr\/wp-json\/wp\/v2\/posts\/510293\/revisions"}],"wp:featuredmedia":[{"embeddable":true,"href":"https:\/\/www.europesays.com\/fr\/wp-json\/wp\/v2\/media\/510294"}],"wp:attachment":[{"href":"https:\/\/www.europesays.com\/fr\/wp-json\/wp\/v2\/media?parent=510293"}],"wp:term":[{"taxonomy":"category","embeddable":true,"href":"https:\/\/www.europesays.com\/fr\/wp-json\/wp\/v2\/categories?post=510293"},{"taxonomy":"post_tag","embeddable":true,"href":"https:\/\/www.europesays.com\/fr\/wp-json\/wp\/v2\/tags?post=510293"}],"curies":[{"name":"wp","href":"https:\/\/api.w.org\/{rel}","templated":true}]}}